{"id":106573,"date":"2017-09-10T12:52:16","date_gmt":"2017-09-10T15:52:16","guid":{"rendered":"http:\/\/senoticias.com.br\/se\/?p=106573"},"modified":"2017-09-10T12:57:54","modified_gmt":"2017-09-10T15:57:54","slug":"conheca-5-sintomas-da-enxaqueca-que-nao-tem-nada-a-ver-com-dor-de-cabeca","status":"publish","type":"post","link":"https:\/\/senoticias.com.br\/se\/conheca-5-sintomas-da-enxaqueca-que-nao-tem-nada-a-ver-com-dor-de-cabeca\/","title":{"rendered":"Conhe\u00e7a 5 sintomas da enxaqueca que n\u00e3o tem nada a ver com dor de cabe\u00e7a"},"content":{"rendered":"<p>&nbsp;<\/p>\n<p style=\"text-align: justify;\">Pelo contr\u00e1rio do que muitos pensam a enxaqueca n\u00e3o s\u00e3o somente fortes dores de cabe\u00e7a, a doen\u00e7a vem acompanhada de outros diversos sintomas que podem ser reconhecidos facilmente em crises.<\/p>\n<div id=\"attachment_106574\" style=\"width: 609px\" class=\"wp-caption aligncenter\"><a href=\"http:\/\/senoticias.com.br\/se\/wp-content\/uploads\/2017\/09\/Sintomas-de-dor-de-cabeca-senoticias-e1505058907725.jpg\"><img loading=\"lazy\" decoding=\"async\" aria-describedby=\"caption-attachment-106574\" class=\"size-full wp-image-106574\" src=\"http:\/\/senoticias.com.br\/se\/wp-content\/uploads\/2017\/09\/Sintomas-de-dor-de-cabeca-senoticias-e1505058907725.jpg\" alt=\"5 sintomas da enxaqueca que n\u00e3o tem nada a ver com dor de cabe\u00e7a\" width=\"599\" height=\"334\" \/><\/a><p id=\"caption-attachment-106574\" class=\"wp-caption-text\">5 sintomas da enxaqueca que n\u00e3o tem nada a ver com dor de cabe\u00e7a (foto: site de beleza e moda)<\/p><\/div>\n<p>A enxaqueca traz com ela um pacote de sintomas e dentre eles as fortes dores de cabe\u00e7a prevalecem como o mais torturante, por isso sempre s\u00e3o mencionadas na doen\u00e7a.<\/p>\n<p style=\"text-align: justify;\">Hoje a enxaqueca ataca cerca de 5 a 25% das mulheres e 2 a 10% dos homens, em ataques que variam de pessoa para pessoa e podem durar at\u00e9 72 horas.<\/p>\n<p style=\"text-align: justify;\">A doen\u00e7a tamb\u00e9m pode atingir crian\u00e7as chegando a quase 10% de casos em idades variadas.<\/p>\n<p style=\"text-align: justify;\">Com causas ainda desconhecidas \u00e9 ligada a influ\u00eancias gen\u00e9ticas e tamb\u00e9m a altera\u00e7\u00e3o de diversos fatores no c\u00e9rebro.<\/p>\n<p style=\"text-align: justify;\">Alguns fatores podem levar a crises com mais facilidade como: estresse, muito esfor\u00e7o f\u00edsico, longos per\u00edodo de jejum, abuso de medicamentos, entre outros.<\/p>\n<p style=\"text-align: justify;\">Os sintomas s\u00e3o diversos e est\u00e3o muito al\u00e9m de uma simples dor de cabe\u00e7a.<\/p>\n<p style=\"text-align: justify;\">Confira alguns dos sintomas da enxaqueca que n\u00e3o tem nada a ver com dor de cabe\u00e7a, mas que podem ocorrer durante uma crise.<\/p>\n<p style=\"text-align: justify;\"><strong>1 \u2013 Avers\u00e3o \u00e0 claridade<\/strong><\/p>\n<p style=\"text-align: justify;\">Quando a pessoa n\u00e3o aguenta ficar exposta na claridade e prefere se manter distante da luz.<br \/>\nO simples fato de assistir televis\u00e3o ou ficar perto de objetos brilhantes causa incomodo.<\/p>\n<p><strong>2 \u2013 Avers\u00e3o a barulho<\/strong><\/p>\n<p style=\"text-align: justify;\">O f\u00e1cil incomodo com barulhos tamb\u00e9m \u00e9 um sintoma muito comum em crises de enxaqueca.<br \/>\nMesmo barulhos baixos e conversas normais causam intoler\u00e2ncia e geralmente a pessoa opta por um ambiente com o maior sil\u00eancio poss\u00edvel.<\/p>\n<p style=\"text-align: justify;\"><strong>3 \u2013 Sensibilidade extrema do couro cabeludo<\/strong><\/p>\n<p style=\"text-align: justify;\">Pentear os cabelos e at\u00e9 mesmo deitar sobre o travesseiro se torna uma atividade mais complicada nesse caso de dor.<br \/>\nA sensibilidade pode vir acompanhada de dores fortes, formigamento e at\u00e9 mesmo coceiras.<\/p>\n<p><strong>4 \u2013 Incha\u00e7o<\/strong><\/p>\n<p>\u00c9 mais comum na regi\u00e3o dos olhos e face.<br \/>\nEsse efeito \u00e9 chamado de hidreletrol\u00edtico e se d\u00e1 devido ao acumulo de \u00e1gua nos vasos sangu\u00edneos.<\/p>\n<p><strong>5 \u2013 Coriza<\/strong><\/p>\n<p style=\"text-align: justify;\">Pode at\u00e9 parecer uma gripe ou um ataque de rinite, mas a obstru\u00e7\u00e3o nasal pode estar ligada tamb\u00e9m a crises de enxaqueca.<br \/>\nEst\u00e1 relacionado ao sistema nervoso central, que dilata os vasos sangu\u00edneos nasais e leva ao aumento de secre\u00e7\u00e3o nasal rapidamente.<\/p>\n<p style=\"text-align: justify;\"><a href=\"http:\/\/senoticias.com.br\/se\/wp-content\/uploads\/2017\/09\/Logo-fone-1-2-1-2-4-6-1-1-1-1.jpg\"><img loading=\"lazy\" decoding=\"async\" class=\"aligncenter size-full wp-image-106398\" src=\"http:\/\/senoticias.com.br\/se\/wp-content\/uploads\/2017\/09\/Logo-fone-1-2-1-2-4-6-1-1-1-1.jpg\" alt=\"Logo-fone-1-2-1-2-4-6-1-1-1\" width=\"599\" height=\"78\" srcset=\"https:\/\/senoticias.com.br\/se\/wp-content\/uploads\/2017\/09\/Logo-fone-1-2-1-2-4-6-1-1-1-1.jpg 599w, https:\/\/senoticias.com.br\/se\/wp-content\/uploads\/2017\/09\/Logo-fone-1-2-1-2-4-6-1-1-1-1-300x39.jpg 300w\" sizes=\"(max-width: 599px) 100vw, 599px\" \/><\/a><\/p>\n<p style=\"text-align: justify;\"><em><strong>Acompanhe tamb\u00e9m o SE Not\u00edcias no\u00a0<a href=\"https:\/\/twitter.com\/Senoticias\" target=\"_blank\">Twitter<\/a>,\u00a0<a href=\"https:\/\/www.facebook.com\/senoticias1\" target=\"_blank\">Facebook<\/a>\u00a0e no\u00a0<a href=\"https:\/\/www.instagram.com\/senoticias\/\" target=\"_blank\">Instagram<\/a><\/strong><\/em><\/p>\n<p style=\"text-align: justify;\"><em>Fonte: site de beleza e moda<\/em><\/p>\n","protected":false},"excerpt":{"rendered":"<p>&nbsp; Pelo contr\u00e1rio do que muitos pensam a enxaqueca n\u00e3o s\u00e3o somente fortes dores de cabe\u00e7a, a doen\u00e7a vem acompanhada de outros diversos sintomas que podem ser reconhecidos facilmente em crises. A enxaqueca traz com ela um pacote de sintomas e dentre eles as fortes dores de cabe\u00e7a prevalecem como o mais torturante, por isso [&hellip;]<\/p>\n","protected":false},"author":2,"featured_media":106574,"comment_status":"closed","ping_status":"closed","sticky":false,"template":"","format":"standard","meta":{"footnotes":""},"categories":[15,8],"tags":[5791,5793,5792,5794],"class_list":{"0":"post-106573","1":"post","2":"type-post","3":"status-publish","4":"format-standard","5":"has-post-thumbnail","7":"category-destaques","8":"category-esporte-e-cultura","9":"tag-5-sintomas","10":"tag-dor-de-cabeca","11":"tag-enxaqueca","12":"tag-fortes-dores-de-cabeca"},"_links":{"self":[{"href":"https:\/\/senoticias.com.br\/se\/wp-json\/wp\/v2\/posts\/106573"}],"collection":[{"href":"https:\/\/senoticias.com.br\/se\/wp-json\/wp\/v2\/posts"}],"about":[{"href":"https:\/\/senoticias.com.br\/se\/wp-json\/wp\/v2\/types\/post"}],"author":[{"embeddable":true,"href":"https:\/\/senoticias.com.br\/se\/wp-json\/wp\/v2\/users\/2"}],"replies":[{"embeddable":true,"href":"https:\/\/senoticias.com.br\/se\/wp-json\/wp\/v2\/comments?post=106573"}],"version-history":[{"count":0,"href":"https:\/\/senoticias.com.br\/se\/wp-json\/wp\/v2\/posts\/106573\/revisions"}],"wp:featuredmedia":[{"embeddable":true,"href":"https:\/\/senoticias.com.br\/se\/wp-json\/wp\/v2\/media\/106574"}],"wp:attachment":[{"href":"https:\/\/senoticias.com.br\/se\/wp-json\/wp\/v2\/media?parent=106573"}],"wp:term":[{"taxonomy":"category","embeddable":true,"href":"https:\/\/senoticias.com.br\/se\/wp-json\/wp\/v2\/categories?post=106573"},{"taxonomy":"post_tag","embeddable":true,"href":"https:\/\/senoticias.com.br\/se\/wp-json\/wp\/v2\/tags?post=106573"}],"curies":[{"name":"wp","href":"https:\/\/api.w.org\/{rel}","templated":true}]}}