{"id":106570,"date":"2017-09-10T09:09:49","date_gmt":"2017-09-10T12:09:49","guid":{"rendered":"http:\/\/senoticias.com.br\/se\/?p=106570"},"modified":"2017-09-11T11:02:47","modified_gmt":"2017-09-11T14:02:47","slug":"ministro-determina-prisao-de-joesley-e-ricardo-saud-mas-nega-de-marcello-miller","status":"publish","type":"post","link":"https:\/\/senoticias.com.br\/se\/ministro-determina-prisao-de-joesley-e-ricardo-saud-mas-nega-de-marcello-miller\/","title":{"rendered":"Ministro determina pris\u00e3o de Joesley e Ricardo Saud, mas nega de Marcello Miller"},"content":{"rendered":"<p style=\"text-align: justify;\">O ministro do Supremo Tribunal Federal Luiz Edson Fachin autorizou a pris\u00e3o tempor\u00e1ria (de cinco dias) dos delatores da J&amp;F Joesley Batista e Ricardo Saud. A decis\u00e3o foi tomada a partir do pedido de pris\u00e3o apresentado, na \u00faltima sexta (8), pelo procurador-geral da Rep\u00fablica, Rodrigo Janot.<\/p>\n<p style=\"text-align: justify;\">O chefe do Minist\u00e9rio P\u00fablico havia pedido, ainda, a pris\u00e3o do ex-procurador da Rep\u00fablica Marcello Miller. Neste caso, o ministro do STF n\u00e3o autorizou a pris\u00e3o.<\/p>\n<div id=\"attachment_106571\" style=\"width: 609px\" class=\"wp-caption aligncenter\"><a href=\"http:\/\/senoticias.com.br\/se\/wp-content\/uploads\/2017\/09\/joesley-ricardo-saud-e1505045457892.jpg\"><img loading=\"lazy\" decoding=\"async\" aria-describedby=\"caption-attachment-106571\" class=\"size-full wp-image-106571\" src=\"http:\/\/senoticias.com.br\/se\/wp-content\/uploads\/2017\/09\/joesley-ricardo-saud-e1505045457892.jpg\" alt=\"Joesley Batista e Ricardo Saud, delatores da J&amp;F;, grupo que controla o frigor\u00edfico JBS (Foto: Dida Sampaio\/Estad\u00e3o Conte\u00fado)\" width=\"599\" height=\"375\" \/><\/a><p id=\"caption-attachment-106571\" class=\"wp-caption-text\">Joesley Batista e Ricardo Saud, delatores da J&amp;F;, grupo que controla o frigor\u00edfico JBS (Foto: Dida Sampaio\/Estad\u00e3o Conte\u00fado)<\/p><\/div>\n<p style=\"text-align: justify;\">A ordem de Fachin n\u00e3o significa que as pris\u00f5es ocorrer\u00e3o na manh\u00e3 deste domingo (10), como, normalmente, acontece com as execu\u00e7\u00f5es realizadas pela Pol\u00edcia Federal (PF). As pris\u00f5es podem ocorrer ao longo do dia ou at\u00e9 mesmo nesta segunda-feira (11).<\/p>\n<p style=\"text-align: justify;\">Em rela\u00e7\u00e3o aos delatores, a pris\u00e3o foi autorizada porque eles s\u00e3o suspeitos de omitir informa\u00e7\u00f5es dos investigadores, o que quebra cl\u00e1usulas do acordo.<br \/>\nNo caso de Marcello Miller, a suspeita \u00e9 de que ele teve uma conduta criminosa ao atuar para a J&amp;F enquanto ainda integrava o Minist\u00e9rio P\u00fablico.<\/p>\n<p style=\"text-align: justify;\">Miller se desligou da carreira de procurador somente em abril, mas, na pol\u00eamica grava\u00e7\u00e3o entre Joesley e Saud aparentemente gravada por descuido, os dois delatores sugerem que o ex-auxiliar de Janot auxiliou os executivos do grupo empresarial a negociarem os termos da dela\u00e7\u00e3o premiada com a PGR.<\/p>\n<p style=\"text-align: justify;\">Uma semana depois de pedir exonera\u00e7\u00e3o do cargo, Miller j\u00e1 atuava em reuni\u00f5es na PGR como advogado do escrit\u00f3rio que negociou o acordo de leni\u00eancia da J&amp;F, uma esp\u00e9cie de dela\u00e7\u00e3o premiada das empresas. Fachin, no entanto, n\u00e3o viu motivos para a pris\u00e3o do ex-procurador da Rep\u00fablica.<\/p>\n<p style=\"text-align: justify;\">O pedido de pris\u00e3o de Joesley, Saud e Miller entrou no sistema eletr\u00f4nico do Supremo com sigilo \u2013 n\u00e3o \u00e9 poss\u00edvel saber o conte\u00fado, as raz\u00f5es que levaram a Procuradoria a faz\u00ea-lo e se h\u00e1 informa\u00e7\u00f5es novas da investiga\u00e7\u00e3o nesse pedido.<\/p>\n<p><strong>Revis\u00e3o do acordo da J&amp;F<\/strong><\/p>\n<p style=\"text-align: justify;\">Na sexta-feira, Janot pediu ao Supremo, por meio de uma a\u00e7\u00e3o cautelar, as pris\u00f5es do empres\u00e1rio Joesley Batista \u2013 um dos donos do frigor\u00edfico JBS \u2013, do diretor de Rela\u00e7\u00f5es Institucionais da J&amp;F, Ricardo Saud, e do ex-procurador da Rep\u00fablica Marcello Miller.<\/p>\n<p style=\"text-align: justify;\">Com os pedidos de pris\u00e3o de Joesley e Saud, o acordo de dela\u00e7\u00e3o premiada firmado entre a J&amp;F e a Procuradoria Geral da Rep\u00fablica deve ser revisado.<br \/>\nO termo de dela\u00e7\u00e3o prev\u00ea que o acordo perder\u00e1 efeito se, por exemplo, o colaborador mentiu ou omitiu, se sonegou ou destruiu provas.<\/p>\n<p><strong>VEJA OS PRINCIPAIS PONTOS DO ACORDO<\/strong><\/p>\n<p style=\"text-align: justify;\">Sobre a validade das provas apresentadas, mesmo se os termos da dela\u00e7\u00e3o forem suspensos, continuar\u00e3o valendo provas, depoimentos e documentos. Esse \u00e9 o entendimento de, pelo menos, tr\u00eas ministros do Supremo: a rescis\u00e3o do acordo n\u00e3o anula as provas.<\/p>\n<p style=\"text-align: justify;\">Na \u00faltima segunda-feira (4), a PGR informou que os novos \u00e1udios entregues pelos delatores da J&amp;F indicam que Marcello Miller atuou na &#8220;confec\u00e7\u00e3o de propostas de colabora\u00e7\u00e3o&#8221; do acordo que viria a ser fechado entre os colaboradores e o Minist\u00e9rio P\u00fablico Federal. A Procuradoria tamb\u00e9m suspeita que os delatores podem ter omitido informa\u00e7\u00f5es.<\/p>\n<p style=\"text-align: justify;\">Nas novas grava\u00e7\u00f5es, entregues pelos pr\u00f3prios delatores \u00e0 PGR, Joesley e Ricardo Saud falam sobre a inten\u00e7\u00e3o de usar Miller para se aproximar de Janot. Joesley admitiu que se encontrou com o ex-procurador da Rep\u00fablica ainda em fevereiro, mas que ele teria dito que j\u00e1 tinha pedido exonera\u00e7\u00e3o do Minist\u00e9rio P\u00fablico.<\/p>\n<p style=\"text-align: justify;\">Em depoimento \u00e0 Procuradoria Geral da Rep\u00fablica na \u00faltima sexta, Miller disse aos ex-colegas do Minist\u00e9rio P\u00fablico, segundo o seu advogado, que n\u00e3o praticou atos de improbidade e n\u00e3o ajudou os executivos do grupo J&amp;F a negociar a dela\u00e7\u00e3o com Janot.<\/p>\n<p style=\"text-align: justify;\">Os delatores Joesley e Saud, em depoimentos prestados na \u00faltima quinta-feira (7), em Bras\u00edlia, negaram ter omitido provas dos investigadores. Aos procuradores, eles atribu\u00edram coment\u00e1rios feitos durante o \u00e1udio de quatro horas gravado em 17 de mar\u00e7o a &#8220;conversa de b\u00eabados&#8221;.<\/p>\n<p><strong>Passaportes<\/strong><\/p>\n<p style=\"text-align: justify;\">A defesa do grupo J&amp;F colocou \u00e0 disposi\u00e7\u00e3o na \u00faltima sexta-feira, por meio de um of\u00edcio protocolado no Supremo, os passaportes de Joesley Batista e Ricardo Saud.<br \/>\nAl\u00e9m disso, os defensores dos dois executivos da J&amp;F haviam pedido para serem ouvidos por Fachin antes de o magistrado tomar uma decis\u00e3o sobre o pedido de pris\u00e3o apresentado pelo procurador-geral da Rep\u00fablica.<\/p>\n<p style=\"text-align: justify;\">O relator da Lava Jato, entretanto, determinou a pris\u00e3o dos dois delatores da J&amp;F sem ouvi-los. N\u00e3o \u00e9 usual acusados serem ouvidos pela Justi\u00e7a antes de um mandado de pris\u00e3o ser decretado.<\/p>\n<p style=\"text-align: justify;\">Os advogados de Marcello Miller tamb\u00e9m apresentaram uma peti\u00e7\u00e3o no STF pedindo para que fosse rejeitado o pedido de pris\u00e3o apresentado por Janot.<br \/>\nAssim como fizeram os defensores da J&amp;F, os advogados do ex-procurador da Rep\u00fablica tamb\u00e9m pediram para serem ouvidos antes do relator da Lava Jato decidir sobre o pedido de pris\u00e3o. A defesa de Miller ainda disponibilizou o passaporte dele ao Supremo como garantia de que o ex-auxiliar de Janot n\u00e3o iria deixar o pa\u00eds.<\/p>\n<p style=\"text-align: justify;\">Os advogados de Miller tentaram entregar o passaporte do ex-procurador \u00e0 Pol\u00edcia Federal no Rio, mas o delegado de plant\u00e3o disse que n\u00e3o poderia aceitar o documento porque n\u00e3o havia uma decis\u00e3o judicial determinando a apreens\u00e3o.<\/p>\n<p style=\"text-align: justify;\"><a href=\"http:\/\/senoticias.com.br\/se\/wp-content\/uploads\/2017\/09\/Logo-fone-1-2-1-2-4-6-1-1-1-1.jpg\"><img loading=\"lazy\" decoding=\"async\" class=\"aligncenter size-full wp-image-106398\" src=\"http:\/\/senoticias.com.br\/se\/wp-content\/uploads\/2017\/09\/Logo-fone-1-2-1-2-4-6-1-1-1-1.jpg\" alt=\"Logo-fone-1-2-1-2-4-6-1-1-1\" width=\"599\" height=\"78\" srcset=\"https:\/\/senoticias.com.br\/se\/wp-content\/uploads\/2017\/09\/Logo-fone-1-2-1-2-4-6-1-1-1-1.jpg 599w, https:\/\/senoticias.com.br\/se\/wp-content\/uploads\/2017\/09\/Logo-fone-1-2-1-2-4-6-1-1-1-1-300x39.jpg 300w\" sizes=\"(max-width: 599px) 100vw, 599px\" \/><\/a><\/p>\n<p style=\"text-align: justify;\"><em><strong>Acompanhe tamb\u00e9m o SE Not\u00edcias no\u00a0<a href=\"https:\/\/twitter.com\/Senoticias\" target=\"_blank\">Twitter<\/a>,\u00a0<a href=\"https:\/\/www.facebook.com\/senoticias1\" target=\"_blank\">Facebook<\/a>\u00a0e no\u00a0<a href=\"https:\/\/www.instagram.com\/senoticias\/\" target=\"_blank\">Instagram<\/a><\/strong><\/em><\/p>\n<p style=\"text-align: justify;\"><em>Por <a href=\"http:\/\/senoticias.com.br\/se\/em-arapiraca-e-com-portoes-fechados-confianca-vence-asa-e-se-classifica\/\"><strong>G1<\/strong><\/a>, Bras\u00edlia<\/em><\/p>\n","protected":false},"excerpt":{"rendered":"<p>O ministro do Supremo Tribunal Federal Luiz Edson Fachin autorizou a pris\u00e3o tempor\u00e1ria (de cinco dias) dos delatores da J&amp;F Joesley Batista e Ricardo Saud. A decis\u00e3o foi tomada a partir do pedido de pris\u00e3o apresentado, na \u00faltima sexta (8), pelo procurador-geral da Rep\u00fablica, Rodrigo Janot. O chefe do Minist\u00e9rio P\u00fablico havia pedido, ainda, a [&hellip;]<\/p>\n","protected":false},"author":2,"featured_media":106571,"comment_status":"closed","ping_status":"closed","sticky":false,"template":"","format":"standard","meta":{"footnotes":""},"categories":[2961,6],"tags":[5788,5790,5789,4199,385,5717,5786,1947,5787,4364,836,5785],"class_list":{"0":"post-106570","1":"post","2":"type-post","3":"status-publish","4":"format-standard","5":"has-post-thumbnail","7":"category-nacional","8":"category-politica","9":"tag-delatores","10":"tag-frigorifico-jbs","11":"tag-jf","12":"tag-joesley-batista","13":"tag-lava-jato","14":"tag-luiz-edson-fachin","15":"tag-marcello-miller","16":"tag-policia-federal","17":"tag-ricardo-saud","18":"tag-rodrigo-janot","19":"tag-stf","20":"tag-supremo-tribunal-federal"},"_links":{"self":[{"href":"https:\/\/senoticias.com.br\/se\/wp-json\/wp\/v2\/posts\/106570"}],"collection":[{"href":"https:\/\/senoticias.com.br\/se\/wp-json\/wp\/v2\/posts"}],"about":[{"href":"https:\/\/senoticias.com.br\/se\/wp-json\/wp\/v2\/types\/post"}],"author":[{"embeddable":true,"href":"https:\/\/senoticias.com.br\/se\/wp-json\/wp\/v2\/users\/2"}],"replies":[{"embeddable":true,"href":"https:\/\/senoticias.com.br\/se\/wp-json\/wp\/v2\/comments?post=106570"}],"version-history":[{"count":0,"href":"https:\/\/senoticias.com.br\/se\/wp-json\/wp\/v2\/posts\/106570\/revisions"}],"wp:featuredmedia":[{"embeddable":true,"href":"https:\/\/senoticias.com.br\/se\/wp-json\/wp\/v2\/media\/106571"}],"wp:attachment":[{"href":"https:\/\/senoticias.com.br\/se\/wp-json\/wp\/v2\/media?parent=106570"}],"wp:term":[{"taxonomy":"category","embeddable":true,"href":"https:\/\/senoticias.com.br\/se\/wp-json\/wp\/v2\/categories?post=106570"},{"taxonomy":"post_tag","embeddable":true,"href":"https:\/\/senoticias.com.br\/se\/wp-json\/wp\/v2\/tags?post=106570"}],"curies":[{"name":"wp","href":"https:\/\/api.w.org\/{rel}","templated":true}]}}