{"id":106565,"date":"2017-09-09T16:02:50","date_gmt":"2017-09-09T19:02:50","guid":{"rendered":"http:\/\/senoticias.com.br\/se\/?p=106565"},"modified":"2017-09-09T17:07:39","modified_gmt":"2017-09-09T20:07:39","slug":"homem-se-afoga-na-praia-da-caueira-em-itaporanga","status":"publish","type":"post","link":"https:\/\/senoticias.com.br\/se\/homem-se-afoga-na-praia-da-caueira-em-itaporanga\/","title":{"rendered":"Turista morre afogado na Praia da Caueira, em Itaporanga; assista"},"content":{"rendered":"<p style=\"text-align: justify;\">Um turista goiano, identificado por Jo\u00e3o Ventura M\u00e1ximo Neto, 47 anos, morreu afogado na tarde deste s\u00e1bado, 9, na Praia da Caueira, em Itaporanga D&#8217;ajuda, litoral sul do estado. Segundo informa\u00e7\u00f5es obtidas pela <strong>reportagem do SE Not\u00edcias<\/strong>, n\u00e3o havia nenhuma sinaliza\u00e7\u00e3o de Praia perigosa, muito menos ambul\u00e2ncia e salva-vidas no local. S\u00f3 depois de 40 minutos, o Corpo de Bombeiros e uma equipe do Servi\u00e7o M\u00f3vel de Urg\u00eancia (Samu) chegaram ao local para atender \u00e0 v\u00edtima, mas o senhor n\u00e3o resistiu e morreu.<\/p>\n<div id=\"attachment_106566\" style=\"width: 482px\" class=\"wp-caption aligncenter\"><a href=\"http:\/\/senoticias.com.br\/se\/wp-content\/uploads\/2017\/09\/afogamento-SENOTICIAS-e1504983646477.jpeg\"><img loading=\"lazy\" decoding=\"async\" aria-describedby=\"caption-attachment-106566\" class=\"size-full wp-image-106566\" src=\"http:\/\/senoticias.com.br\/se\/wp-content\/uploads\/2017\/09\/afogamento-SENOTICIAS-e1504983646477.jpeg\" alt=\"Na praia da Caueira, n\u00e3o tinha salva-vidas nem sinaliza\u00e7\u00e3o de perigo. (Foto: ICaueira Livre)\" width=\"472\" height=\"600\" \/><\/a><p id=\"caption-attachment-106566\" class=\"wp-caption-text\">Na praia da Caueira, n\u00e3o tinha salva-vidas nem sinaliza\u00e7\u00e3o de perigo. (Foto: Caueira Livre)<\/p><\/div>\n<p style=\"text-align: justify;\"><strong>Praia sem salva- vidas \u00a0e sem ambul\u00e2ncia<\/strong><\/p>\n<p style=\"text-align: justify;\">Thiago Luduvice, vereador por Itaporanga, afirma que &#8220;no momento do acidente n\u00e3o havia nenhuma ambul\u00e2ncia do munic\u00edpio no local nem a indica\u00e7\u00e3o de mar agitado, mesmo sendo um feriado prolongado, em que o movimento nas praias aumenta consideravelmente&#8221;, disse. Ele ainda lembra que esse \u00e9 o segundo caso de afogamento em uma semana. Na \u00faltima sexta-feira, 8, outro senhor se afogou, tamb\u00e9m foi resgatado por populares e passa bem.<\/p>\n<p style=\"text-align: justify;\">A reportagem do portal <strong>SE Not\u00edcias<\/strong> tentou contato com a Prefeitura de Itaporanga D&#8217;Ajuda para entender a aus\u00eancia de ambul\u00e2ncias e salva vidas na praia, mas n\u00e3o obteve retorno.<\/p>\n<p><strong>Alerta da Marinha<\/strong><\/p>\n<p style=\"text-align: justify;\">Devido \u00e0s condi\u00e7\u00f5es clim\u00e1ticas dos \u00faltimos dias, a Marinha do Brasil, por meio da Capitania dos Portos de Sergipe (CPSE), tem emitido diversos alertas de mau tempo para as \u00e1reas mar\u00edtima e litor\u00e2nea da regi\u00e3o Nordeste, que incluem o litoral Sergipano.<\/p>\n<p><iframe loading=\"lazy\" src=\"https:\/\/www.youtube.com\/embed\/ptzt-48fskE\" width=\"560\" height=\"315\" frameborder=\"0\" allowfullscreen=\"allowfullscreen\"><\/iframe><\/p>\n<p>&nbsp;<\/p>\n<p><em><strong>Acompanhe tamb\u00e9m o SE Not\u00edcias no\u00a0<a href=\"https:\/\/twitter.com\/Senoticias\" target=\"_blank\">Twitter<\/a>,\u00a0<a href=\"https:\/\/www.facebook.com\/senoticias1\" target=\"_blank\">Facebook<\/a>\u00a0e no\u00a0<a href=\"https:\/\/www.instagram.com\/senoticias\/\" target=\"_blank\">Instagram<\/a><\/strong><\/em><\/p>\n<p><em>Reda\u00e7\u00e3o SE Not\u00edcias<\/em><\/p>\n","protected":false},"excerpt":{"rendered":"<p>Um turista goiano, identificado por Jo\u00e3o Ventura M\u00e1ximo Neto, 47 anos, morreu afogado na tarde deste s\u00e1bado, 9, na Praia da Caueira, em Itaporanga D&#8217;ajuda, litoral sul do estado. Segundo informa\u00e7\u00f5es obtidas pela reportagem do SE Not\u00edcias, n\u00e3o havia nenhuma sinaliza\u00e7\u00e3o de Praia perigosa, muito menos ambul\u00e2ncia e salva-vidas no local. S\u00f3 depois de 40 [&hellip;]<\/p>\n","protected":false},"author":2,"featured_media":106566,"comment_status":"closed","ping_status":"closed","sticky":false,"template":"","format":"standard","meta":{"footnotes":""},"categories":[15,38],"tags":[5777,4128,2130,5778,4479],"class_list":{"0":"post-106565","1":"post","2":"type-post","3":"status-publish","4":"format-standard","5":"has-post-thumbnail","7":"category-destaques","8":"category-municipios","9":"tag-afogamento","10":"tag-bombeiros","11":"tag-itaporanga","12":"tag-praia-da-caueira","13":"tag-samu"},"_links":{"self":[{"href":"https:\/\/senoticias.com.br\/se\/wp-json\/wp\/v2\/posts\/106565"}],"collection":[{"href":"https:\/\/senoticias.com.br\/se\/wp-json\/wp\/v2\/posts"}],"about":[{"href":"https:\/\/senoticias.com.br\/se\/wp-json\/wp\/v2\/types\/post"}],"author":[{"embeddable":true,"href":"https:\/\/senoticias.com.br\/se\/wp-json\/wp\/v2\/users\/2"}],"replies":[{"embeddable":true,"href":"https:\/\/senoticias.com.br\/se\/wp-json\/wp\/v2\/comments?post=106565"}],"version-history":[{"count":0,"href":"https:\/\/senoticias.com.br\/se\/wp-json\/wp\/v2\/posts\/106565\/revisions"}],"wp:featuredmedia":[{"embeddable":true,"href":"https:\/\/senoticias.com.br\/se\/wp-json\/wp\/v2\/media\/106566"}],"wp:attachment":[{"href":"https:\/\/senoticias.com.br\/se\/wp-json\/wp\/v2\/media?parent=106565"}],"wp:term":[{"taxonomy":"category","embeddable":true,"href":"https:\/\/senoticias.com.br\/se\/wp-json\/wp\/v2\/categories?post=106565"},{"taxonomy":"post_tag","embeddable":true,"href":"https:\/\/senoticias.com.br\/se\/wp-json\/wp\/v2\/tags?post=106565"}],"curies":[{"name":"wp","href":"https:\/\/api.w.org\/{rel}","templated":true}]}}