{"id":106524,"date":"2017-09-06T19:00:29","date_gmt":"2017-09-06T22:00:29","guid":{"rendered":"http:\/\/senoticias.com.br\/se\/?p=106524"},"modified":"2017-09-10T12:59:44","modified_gmt":"2017-09-10T15:59:44","slug":"porto-de-sergipe-comeca-a-movimentar-conteineres","status":"publish","type":"post","link":"https:\/\/senoticias.com.br\/se\/porto-de-sergipe-comeca-a-movimentar-conteineres\/","title":{"rendered":"Porto de Sergipe come\u00e7a a movimentar cont\u00eaineres"},"content":{"rendered":"<div class=\"m_2799454619684609248abstract\" style=\"text-align: justify;\">\n<p>Nesta semana,\u00a0o Terminal Mar\u00edtimo In\u00e1cio Barbosa (TMIB), localizado no munic\u00edpio sergipano da Barra dos Coqueiros, come\u00e7ou a aperar a movimenta\u00e7\u00e3o de cont\u00eaineres. Nessa primeira fase\u00a0foram recebidos 25 cont\u00eaineres.<\/p>\n<div id=\"attachment_106525\" style=\"width: 609px\" class=\"wp-caption aligncenter\"><a href=\"http:\/\/senoticias.com.br\/se\/wp-content\/uploads\/2017\/09\/porto-sergipe-foto-e1504735334100.jpeg\"><img loading=\"lazy\" decoding=\"async\" aria-describedby=\"caption-attachment-106525\" class=\"size-full wp-image-106525\" src=\"http:\/\/senoticias.com.br\/se\/wp-content\/uploads\/2017\/09\/porto-sergipe-foto-e1504735334100.jpeg\" alt=\"Opera\u00e7\u00e3o possibilitar\u00e1 a redu\u00e7\u00e3o de custos para empresas que utilizam o Terminal Mar\u00edtimo In\u00e1cio Barbosa\" width=\"599\" height=\"449\" \/><\/a><p id=\"caption-attachment-106525\" class=\"wp-caption-text\">Opera\u00e7\u00e3o possibilitar\u00e1 a redu\u00e7\u00e3o de custos para empresas que utilizam o Terminal Mar\u00edtimo In\u00e1cio Barbosa (foto: ascom\/divulga\u00e7\u00e3o)<\/p><\/div>\n<\/div>\n<div class=\"m_2799454619684609248abstract\">\n<p style=\"text-align: justify;\">O p\u00e1tio de cont\u00eaineres atual tem capacidade para estocar at\u00e9 400 compartimentos, podendo ser ampliado. Um segundo p\u00e1tio j\u00e1 est\u00e1 sendo projetado, e vai movimentar mais de 400 cont\u00eaineres por dia de trabalho. Inicialmente, os cont\u00eaineres foram transportados por meio de Declara\u00e7\u00e3o de Tr\u00e2nsito Aduaneiro (DTA) para o Porto de Sergipe, onde ser\u00e1 feita a estocagem e o desembara\u00e7o destes equipamentos.<\/p>\n<p style=\"text-align: justify;\">De acordo com o secret\u00e1rio de Estado do Desenvolvimento Econ\u00f4mico e da Ci\u00eancia e Tecnologia, Jos\u00e9 Augusto, esta movimenta\u00e7\u00e3o anuncia um objetivo maior, o de embarcar e desembarcar cont\u00eaineres no Terminal Mar\u00edtimo In\u00e1cio Barbosa. \u201cEste primeiro ato marca a movimenta\u00e7\u00e3o e o desembara\u00e7o aduaneiro no porto, o que deve demonstrar o mercado existente, viabilizando linhas regulares de navios de transporte de cont\u00eaineres fazendo escalas no Porto de Sergipe\u201d, informou.<\/p>\n<p style=\"text-align: justify;\">Para Jos\u00e9 Augusto \u00e9 importante que, neste momento, as empresas exportadoras e importadoras de Sergipe, utilizem a estrutura do porto em sua movimenta\u00e7\u00e3o de carga, o que permitir\u00e1 o estabelecimento de linhas mercantes regulares ao Porto de Sergipe, trazendo benef\u00edcios de longo prazo \u00e0s empresas sergipanas.<\/p>\n<p style=\"text-align: justify;\">Al\u00e9m da manuten\u00e7\u00e3o de um estoque de cont\u00eaineres no TMIB, o que faz com que as empresas sergipanas n\u00e3o precisem colet\u00e1-los em outros estados, reduzindo os custos de comercializa\u00e7\u00e3o, outro benef\u00edcio \u00e9 o desembara\u00e7o mais r\u00e1pido e eficiente, o que evita altas despesas com estocagem e perda de tempo que podem ocorrer em outros portos, como explica o superintendente executivo da Sedetec, Carlos Augusto Franco.<\/p>\n<p style=\"text-align: justify;\">&#8220;O in\u00edcio da movimenta\u00e7\u00e3o de cont\u00eaineres no Porto de Sergipe marca o primeiro passo no sentido de termos linhas regulares de transporte de cont\u00eaineres fazendo escalas em nosso porto. Os efeitos j\u00e1 poder\u00e3o ser sentidos pelas empresas sergipanas desde j\u00e1, atrav\u00e9s da redu\u00e7\u00e3o de custos na coleta de cont\u00eaineres&#8221;, afirmou o superintendente.<\/p>\n<p style=\"text-align: justify;\">J\u00e1 o secret\u00e1rio Jos\u00e9 Augusto ressaltou que outro ganho para o estado diz respeito ao aumento da competitividade de Sergipe na atra\u00e7\u00e3o de novas empresas a partir da moderniza\u00e7\u00e3o do porto. \u201cQuando o porto estiver em pleno funcionamento vai ser um atrativo para chegada de novas ind\u00fastrias no estado, o que traz mais progresso a Sergipe e, especialmente, para a regi\u00e3o que compreende a Barra dos Coqueiros\u201d, acrescentou.<\/p>\n<p style=\"text-align: justify;\"><a href=\"http:\/\/senoticias.com.br\/se\/wp-content\/uploads\/2017\/09\/Logo-fone-1-2-1-2-4-6-1-1-1-1.jpg\"><img loading=\"lazy\" decoding=\"async\" class=\"aligncenter size-full wp-image-106398\" src=\"http:\/\/senoticias.com.br\/se\/wp-content\/uploads\/2017\/09\/Logo-fone-1-2-1-2-4-6-1-1-1-1.jpg\" alt=\"Logo-fone-1-2-1-2-4-6-1-1-1\" width=\"599\" height=\"78\" srcset=\"https:\/\/senoticias.com.br\/se\/wp-content\/uploads\/2017\/09\/Logo-fone-1-2-1-2-4-6-1-1-1-1.jpg 599w, https:\/\/senoticias.com.br\/se\/wp-content\/uploads\/2017\/09\/Logo-fone-1-2-1-2-4-6-1-1-1-1-300x39.jpg 300w\" sizes=\"(max-width: 599px) 100vw, 599px\" \/><\/a><\/p>\n<p style=\"text-align: justify;\"><em><strong>Acompanhe tamb\u00e9m o SE Not\u00edcias no\u00a0<a href=\"https:\/\/twitter.com\/Senoticias\" target=\"_blank\">Twitter<\/a>,\u00a0<a href=\"https:\/\/www.facebook.com\/senoticias1\" target=\"_blank\">Facebook<\/a>\u00a0e no\u00a0<a href=\"https:\/\/www.instagram.com\/senoticias\/\" target=\"_blank\">Instagram<\/a><\/strong><\/em><\/p>\n<p style=\"text-align: justify;\"><em>Ag\u00eancia Sergipe de Not\u00edcias<\/em><\/p>\n<p>&nbsp;<\/p>\n<\/div>\n","protected":false},"excerpt":{"rendered":"<p>Nesta semana,\u00a0o Terminal Mar\u00edtimo In\u00e1cio Barbosa (TMIB), localizado no munic\u00edpio sergipano da Barra dos Coqueiros, come\u00e7ou a aperar a movimenta\u00e7\u00e3o de cont\u00eaineres. Nessa primeira fase\u00a0foram recebidos 25 cont\u00eaineres. O p\u00e1tio de cont\u00eaineres atual tem capacidade para estocar at\u00e9 400 compartimentos, podendo ser ampliado. Um segundo p\u00e1tio j\u00e1 est\u00e1 sendo projetado, e vai movimentar mais de [&hellip;]<\/p>\n","protected":false},"author":2,"featured_media":106525,"comment_status":"closed","ping_status":"closed","sticky":false,"template":"","format":"standard","meta":{"footnotes":""},"categories":[15,6],"tags":[5747,5744,5743,5041,5745,5746],"class_list":{"0":"post-106524","1":"post","2":"type-post","3":"status-publish","4":"format-standard","5":"has-post-thumbnail","7":"category-destaques","8":"category-politica","9":"tag-conteineres","10":"tag-porto-barra","11":"tag-porto-da-barra-dos-coqueiros","12":"tag-porto-de-sergipe","13":"tag-terminal-maritimo-inacio-barbosa","14":"tag-tmib"},"_links":{"self":[{"href":"https:\/\/senoticias.com.br\/se\/wp-json\/wp\/v2\/posts\/106524"}],"collection":[{"href":"https:\/\/senoticias.com.br\/se\/wp-json\/wp\/v2\/posts"}],"about":[{"href":"https:\/\/senoticias.com.br\/se\/wp-json\/wp\/v2\/types\/post"}],"author":[{"embeddable":true,"href":"https:\/\/senoticias.com.br\/se\/wp-json\/wp\/v2\/users\/2"}],"replies":[{"embeddable":true,"href":"https:\/\/senoticias.com.br\/se\/wp-json\/wp\/v2\/comments?post=106524"}],"version-history":[{"count":0,"href":"https:\/\/senoticias.com.br\/se\/wp-json\/wp\/v2\/posts\/106524\/revisions"}],"wp:featuredmedia":[{"embeddable":true,"href":"https:\/\/senoticias.com.br\/se\/wp-json\/wp\/v2\/media\/106525"}],"wp:attachment":[{"href":"https:\/\/senoticias.com.br\/se\/wp-json\/wp\/v2\/media?parent=106524"}],"wp:term":[{"taxonomy":"category","embeddable":true,"href":"https:\/\/senoticias.com.br\/se\/wp-json\/wp\/v2\/categories?post=106524"},{"taxonomy":"post_tag","embeddable":true,"href":"https:\/\/senoticias.com.br\/se\/wp-json\/wp\/v2\/tags?post=106524"}],"curies":[{"name":"wp","href":"https:\/\/api.w.org\/{rel}","templated":true}]}}