{"id":106482,"date":"2017-09-05T18:03:12","date_gmt":"2017-09-05T21:03:12","guid":{"rendered":"http:\/\/senoticias.com.br\/se\/?p=106482"},"modified":"2017-09-05T18:04:00","modified_gmt":"2017-09-05T21:04:00","slug":"defesa-civil-de-aracaju-monitora-impacto-das-chuvas-na-capital","status":"publish","type":"post","link":"https:\/\/senoticias.com.br\/se\/defesa-civil-de-aracaju-monitora-impacto-das-chuvas-na-capital\/","title":{"rendered":"Defesa Civil de Aracaju monitora impacto das chuvas na capital"},"content":{"rendered":"<p style=\"text-align: justify;\">A Secretaria Municipal da Defesa Social e da Cidadania (Semdec), atrav\u00e9s da Defesa Civil de Aracaju, est\u00e1 atenta \u00e0s necessidades da popula\u00e7\u00e3o em decorr\u00eancia das chuvas. Desde o \u00faltimo s\u00e1bado, 2, at\u00e9 esta ter\u00e7a-feira, 5, nenhuma ocorr\u00eancia foi registrada. Por\u00e9m, as equipes est\u00e3o de prontid\u00e3o para atender as demandas que possam surgir. O p\u00fablico pode entrar em contato por meio do n\u00famero de emerg\u00eancia 199.<\/p>\n<p style=\"text-align: justify;\">&#8220;As chuvas est\u00e3o bem distribu\u00eddas. Por isso, n\u00e3o ocorreram maiores transtornos. Estamos atentos e monitorando as \u00e1reas que possuem maior risco, assim como estamos monitorando a vaz\u00e3o dos rios&#8221;, revelou o coordenador da Defesa Civil de Aracaju, capit\u00e3o S\u00edlvio Prado.<\/p>\n<div id=\"attachment_106483\" style=\"width: 609px\" class=\"wp-caption aligncenter\"><a href=\"http:\/\/senoticias.com.br\/se\/wp-content\/uploads\/2017\/09\/encosta_localizada_no_bairro_america___av._desembargador_maynard_com_avenida_tancredo_neves___2017-e1504645362131.jpg\"><img loading=\"lazy\" decoding=\"async\" aria-describedby=\"caption-attachment-106483\" class=\"size-full wp-image-106483\" src=\"http:\/\/senoticias.com.br\/se\/wp-content\/uploads\/2017\/09\/encosta_localizada_no_bairro_america___av._desembargador_maynard_com_avenida_tancredo_neves___2017-e1504645362131.jpg\" alt=\"Foto: Semdec\" width=\"599\" height=\"449\" \/><\/a><p id=\"caption-attachment-106483\" class=\"wp-caption-text\">Foto: Semdec<\/p><\/div>\n<p style=\"text-align: justify;\">O coordenador esclarece, tamb\u00e9m, que a Defesa Civil deve ser acionada em caso de risco de deslizamento de terra, altera\u00e7\u00f5es nas estruturas de pr\u00e9dios ou resid\u00eancias. &#8220;Para quem mora em regi\u00e3o de encosta, popularmente conhecida como barranco, deve observar se h\u00e1 movimenta\u00e7\u00e3o de terra. Os sinais podem se revelar atrav\u00e9s de inclina\u00e7\u00e3o de \u00e1rvores ou postes, assim como rachaduras no solo, inclusive verificando se h\u00e1 rachaduras no interior da resid\u00eancia, tanto nas paredes quanto no ch\u00e3o. Observar se esse sinal apareceu em decorr\u00eancia das chuvas ou se j\u00e1 existiam. Esses s\u00e3o fatores importantes&#8221;, destacou o capit\u00e3o.<\/p>\n<p style=\"text-align: justify;\">J\u00e1 para as pessoas que moram em \u00e1reas onde, notadamente, h\u00e1 risco de alagamento, como os pontos localizados pr\u00f3ximos aos rios ou canais, \u00e9 importante ficar atento aos alertas da Defesa Civil. Em rela\u00e7\u00e3o aos ventos, \u00e9 importante verificar se h\u00e1 algum tipo de barulho diferenciado na casa. &#8220;Movimenta\u00e7\u00e3o ou retirada de telhas, provocadas pelos ventos, assim como inclina\u00e7\u00e3o de \u00e1rvores, com ind\u00edcio de poss\u00edvel queda, s\u00e3o situa\u00e7\u00f5es que devem ser informadas \u00e0 Defesa Civil&#8221;, ressaltou S\u00edlvio Prado.<\/p>\n<p style=\"text-align: justify;\"><strong>Plano de Conting\u00eancia<\/strong><\/p>\n<p style=\"text-align: justify;\">Ainda est\u00e1 em vigor o plano de conting\u00eancia elaborado pela Prefeitura de Aracaju. As medidas previstas s\u00e3o aplicadas mediante o risco iminente de desabamento de alguma estrutura. &#8220;N\u00f3s retiramos as fam\u00edlias das casas e acionamos o Centro de Refer\u00eancia de Assist\u00eancia Social (Cras), mais pr\u00f3ximo da regi\u00e3o, atrav\u00e9s da Secretaria Municipal da Assist\u00eancia Social. Diante de cada caso, a Prefeitura de Aracaju garante toda a assist\u00eancia necess\u00e1ria \u00e0 fam\u00edlia&#8221;, explicou o coordenador da Defesa Civil de Aracaju.<\/p>\n<p style=\"text-align: justify;\"><a href=\"http:\/\/senoticias.com.br\/se\/wp-content\/uploads\/2017\/09\/Logo-fone-1-2-1-2-4-6-1-1-1-1.jpg\"><img loading=\"lazy\" decoding=\"async\" class=\"aligncenter size-full wp-image-106398\" src=\"http:\/\/senoticias.com.br\/se\/wp-content\/uploads\/2017\/09\/Logo-fone-1-2-1-2-4-6-1-1-1-1.jpg\" alt=\"Logo-fone-1-2-1-2-4-6-1-1-1\" width=\"599\" height=\"78\" srcset=\"https:\/\/senoticias.com.br\/se\/wp-content\/uploads\/2017\/09\/Logo-fone-1-2-1-2-4-6-1-1-1-1.jpg 599w, https:\/\/senoticias.com.br\/se\/wp-content\/uploads\/2017\/09\/Logo-fone-1-2-1-2-4-6-1-1-1-1-300x39.jpg 300w\" sizes=\"(max-width: 599px) 100vw, 599px\" \/><\/a><\/p>\n<p><em><strong>Acompanhe tamb\u00e9m o SE Not\u00edcias no\u00a0<a href=\"https:\/\/twitter.com\/Senoticias\" target=\"_blank\">Twitter<\/a>,\u00a0<a href=\"https:\/\/www.facebook.com\/senoticias1\" target=\"_blank\">Facebook<\/a>\u00a0e no\u00a0<a href=\"https:\/\/www.instagram.com\/senoticias\/\" target=\"_blank\">Instagram<\/a><\/strong><\/em><\/p>\n<p>Por AAN<\/p>\n","protected":false},"excerpt":{"rendered":"<p>A Secretaria Municipal da Defesa Social e da Cidadania (Semdec), atrav\u00e9s da Defesa Civil de Aracaju, est\u00e1 atenta \u00e0s necessidades da popula\u00e7\u00e3o em decorr\u00eancia das chuvas. Desde o \u00faltimo s\u00e1bado, 2, at\u00e9 esta ter\u00e7a-feira, 5, nenhuma ocorr\u00eancia foi registrada. Por\u00e9m, as equipes est\u00e3o de prontid\u00e3o para atender as demandas que possam surgir. O p\u00fablico pode [&hellip;]<\/p>\n","protected":false},"author":2,"featured_media":0,"comment_status":"closed","ping_status":"closed","sticky":false,"template":"","format":"standard","meta":{"footnotes":""},"categories":[6],"tags":[339,119,3760,5711,5712],"class_list":{"0":"post-106482","1":"post","2":"type-post","3":"status-publish","4":"format-standard","6":"category-politica","7":"tag-aracaju","8":"tag-chuvas","9":"tag-defesacivil","10":"tag-monitoramento","11":"tag-planodecontingencia"},"_links":{"self":[{"href":"https:\/\/senoticias.com.br\/se\/wp-json\/wp\/v2\/posts\/106482"}],"collection":[{"href":"https:\/\/senoticias.com.br\/se\/wp-json\/wp\/v2\/posts"}],"about":[{"href":"https:\/\/senoticias.com.br\/se\/wp-json\/wp\/v2\/types\/post"}],"author":[{"embeddable":true,"href":"https:\/\/senoticias.com.br\/se\/wp-json\/wp\/v2\/users\/2"}],"replies":[{"embeddable":true,"href":"https:\/\/senoticias.com.br\/se\/wp-json\/wp\/v2\/comments?post=106482"}],"version-history":[{"count":0,"href":"https:\/\/senoticias.com.br\/se\/wp-json\/wp\/v2\/posts\/106482\/revisions"}],"wp:attachment":[{"href":"https:\/\/senoticias.com.br\/se\/wp-json\/wp\/v2\/media?parent=106482"}],"wp:term":[{"taxonomy":"category","embeddable":true,"href":"https:\/\/senoticias.com.br\/se\/wp-json\/wp\/v2\/categories?post=106482"},{"taxonomy":"post_tag","embeddable":true,"href":"https:\/\/senoticias.com.br\/se\/wp-json\/wp\/v2\/tags?post=106482"}],"curies":[{"name":"wp","href":"https:\/\/api.w.org\/{rel}","templated":true}]}}