{"id":106465,"date":"2017-09-05T16:55:16","date_gmt":"2017-09-05T19:55:16","guid":{"rendered":"http:\/\/senoticias.com.br\/se\/?p=106465"},"modified":"2017-09-05T20:40:49","modified_gmt":"2017-09-05T23:40:49","slug":"policia-federal-encontra-dinheiro-em-apartamento-que-seria-utilizado-por-geddel","status":"publish","type":"post","link":"https:\/\/senoticias.com.br\/se\/policia-federal-encontra-dinheiro-em-apartamento-que-seria-utilizado-por-geddel\/","title":{"rendered":"Pol\u00edcia Federal encontra dinheiro em apartamento que seria utilizado por Geddel"},"content":{"rendered":"<p style=\"text-align: justify;\">A Pol\u00edcia Federal encontrou, nesta ter\u00e7a-feira (5), uma grande quantidade de dinheiro em um apartamento que seria utilizado por Geddel Vieira Lima (PMDB-BA), em Salvador.<\/p>\n<div id=\"attachment_106466\" style=\"width: 609px\" class=\"wp-caption aligncenter\"><a href=\"http:\/\/senoticias.com.br\/se\/wp-content\/uploads\/2017\/09\/Policia-federal-senoticias-e1504641446602.jpg\"><img loading=\"lazy\" decoding=\"async\" aria-describedby=\"caption-attachment-106466\" class=\"size-full wp-image-106466\" src=\"http:\/\/senoticias.com.br\/se\/wp-content\/uploads\/2017\/09\/Policia-federal-senoticias-e1504641446602.jpg\" alt=\"Dinheiro foi encontrado em apartamento em Salvador (Foto: Pol\u00edcia Federal)\" width=\"599\" height=\"375\" \/><\/a><p id=\"caption-attachment-106466\" class=\"wp-caption-text\">Dinheiro foi encontrado em apartamento em Salvador (foto: Pol\u00edcia Federal)<\/p><\/div>\n<p style=\"text-align: justify;\">A a\u00e7\u00e3o, chamada de Tesouro Perdido, \u00e9 um desdobramento das investiga\u00e7\u00f5es sobre fraudes na libera\u00e7\u00e3o de cr\u00e9ditos da Caixa Econ\u00f4mica Federal, a opera\u00e7\u00e3o Cui Bono. Geddel foi vice-presidente de Pessoa Jur\u00eddica do banco entre 2011 e 2013, durante o governo de Dilma Rousseff. No governo Temer, ele foi ministro da Secretaria de Governo (veja perfil completo mais abaixo).<\/p>\n<p style=\"text-align: justify;\">A pris\u00e3o de Geddel foi decretada em julho. No pedido \u00e0 Justi\u00e7a, o Minist\u00e9rio P\u00fablico Federal afirmou que Geddel \u00e9 &#8220;um criminoso em s\u00e9rie&#8221; e que faz dos crimes financeiros e contra a administra\u00e7\u00e3o p\u00fablica &#8220;sua pr\u00f3pria carreira profissional&#8221;. O ex-ministro cumpre pris\u00e3o domiciliar na Bahia.<\/p>\n<p style=\"text-align: justify;\">As caixas e malas de dinheiro encontradas pela PF nesta ter\u00e7a est\u00e3o em um im\u00f3vel que fica na Rua Bar\u00e3o de Loreto, no bairro da Gra\u00e7a, \u00e1rea nobre da capital baiana. O apartamento teria sido emprestado ao ex-ministro para que guardasse os pertences do seu pai, j\u00e1 falecido. Durante as investiga\u00e7\u00f5es sobre Geddel, surgiu a suspeita de que ele estava usando o local para esconder provas de atos il\u00edcitos e dinheiro em esp\u00e9cie.<\/p>\n<p style=\"text-align: justify;\">A busca e apreens\u00e3o no apartamento foi autorizada pela 10\u00aa Vara Federal de Bras\u00edlia. No mandado judicial, datado de 30 de agosto, consta que &#8220;h\u00e1 fundadas raz\u00f5es de que no supracitado im\u00f3vel existam elementos probat\u00f3rios da pr\u00e1tica dos crimes relacionados na manipula\u00e7\u00e3o de cr\u00e9ditos e recursos realizadas na Caixa Econ\u00f4mica Federal&#8221;.<\/p>\n<p style=\"text-align: justify;\">Um morador do edif\u00edcio disse ao G1 que viu quando os policiais federais chegaram entre 6h e 7h desta ter\u00e7a-feira. Eles se dirigiram ao segundo andar do pr\u00e9dio.<br \/>\nDe acordo com a pol\u00edcia, os valores apreendidos ser\u00e3o transportados a um banco, onde ser\u00e1 contabilizado e depositado em conta judicial.<\/p>\n<p style=\"text-align: justify;\">O G1 entrou em contato com a defesa de Geddel Vieira Lima \u00e0s 11h55. Por meio da assessoria, a informa\u00e7\u00e3o \u00e9 de que o advogado que representa o ex-ministro n\u00e3o podia falar com a reportagem no momento por estar participando de uma audi\u00eancia em Bras\u00edlia.<\/p>\n<p><strong>R\u00e9u<\/strong><\/p>\n<p style=\"text-align: justify;\">A Justi\u00e7a Federal em Bras\u00edlia aceitou, no final de agosto, den\u00fancia da Procuradoria da Rep\u00fablica no Distrito Federal e transformou em r\u00e9u o ex-ministro Geddel Vieira Lima por obstru\u00e7\u00e3o de justi\u00e7a. Geddel foi denunciado ap\u00f3s a Opera\u00e7\u00e3o Cui Bono, por tentativa de atrapalhar as investiga\u00e7\u00f5es sobre desvios no FI-FGTS, o fundo de investimentos do Fundo de Garantia do Tempo de Servi\u00e7o.<\/p>\n<p style=\"text-align: justify;\">De acordo com o MPF, entre 2011 e 2013, Geddel agia para beneficiar empresas com libera\u00e7\u00f5es de cr\u00e9ditos e fornecia informa\u00e7\u00f5es privilegiadas para os outros membros da quadrilha que integrava. A den\u00fancia foi aceita pelo juiz Vallisney de Oliveira, da 10\u00aa Vara da Justi\u00e7a Federal em Bras\u00edlia.<\/p>\n<p style=\"text-align: justify;\">Em nota divulgada ap\u00f3s a decis\u00e3o da Justi\u00e7a, a defesa de Geddel afirmou que: &#8220;Recha\u00e7a com veem\u00eancia as fantasiosas acusa\u00e7\u00f5es contidas na den\u00fancia, fruto de verdadeiro devaneio e excesso acusat\u00f3rio. T\u00e3o logo notificado pelo ju\u00edzo da 10\u00aa Vara da Se\u00e7\u00e3o Judici\u00e1ria do Distrito Federal, ser\u00e1 apresentada a pe\u00e7a de defesa, oportunidade que demonstrar\u00e1 a inocorr\u00eancia de qualquer il\u00edcito e a necessidade de rejei\u00e7\u00e3o da inepta e inver\u00eddica acusa\u00e7\u00e3o.&#8221;<\/p>\n<p style=\"text-align: justify;\"><strong>A den\u00fancia<\/strong><\/p>\n<p style=\"text-align: justify;\">Segundo a den\u00fancia da procuradoria, ap\u00f3s as tratativas do operador L\u00facio Funaro para fechar um acordo de dela\u00e7\u00e3o premiada, Geddel come\u00e7ou a atuar para atrapalhar as negocia\u00e7\u00f5es. O pol\u00edtico fez contatos telef\u00f4nicos constantes com a esposa de L\u00facio Funaro, Raquel Albejante Pita.<\/p>\n<p style=\"text-align: justify;\">Ainda segundo o MP, as investidas de Geddel foram reveladas em depoimentos dados por L\u00facio Funaro e a esposa e confirmadas por meio de per\u00edcia da PF no aparelho telef\u00f4nico de Raquel Pita. Entre os dias 13 de maio e 1\u00ba de julho de 2017, foram 17 liga\u00e7\u00f5es.<\/p>\n<p style=\"text-align: justify;\">Aos investigadores, o casal tamb\u00e9m revelou ter ficado com receio de sofrer intimida\u00e7\u00f5es e retalia\u00e7\u00f5es por parte de Geddel, uma vez que o pol\u00edtico possu\u00eda influ\u00eancia e poder, inclusive no primeiro escal\u00e3o do governo.<\/p>\n<p><strong>Perfil de Geddel<\/strong><\/p>\n<p style=\"text-align: justify;\">Geddel Vieira Lima (PMDB-BA) deixou o cargo de ministro da Secretaria de Governo em novembro de 2016. Ele foi acusado pelo ex-ministro da Cultura Marcelo Calero de t\u00ea-lo pressionado para liberar uma obra na Ladeira da Barra, \u00e1re nobre de Salvador. Geddel era um dos principais respons\u00e1veis pela articula\u00e7\u00e3o pol\u00edtica do governo Temer com deputados e senadores. Ele ficou no cargo por seis meses.<\/p>\n<p style=\"text-align: justify;\">O peemedebista tamb\u00e9m foi ministro da Integra\u00e7\u00e3o Nacional do governo Lula, entre 2007 e 2010, depois de ter sido cr\u00edtico ferrenho do primeiro mandato do petista e defensor do governo Fernando Henrique Cardoso (PSDB). No minist\u00e9rio, encampou a transposi\u00e7\u00e3o do Rio S\u00e3o Francisco, que prometeu efetivar em seu mandato.<\/p>\n<p style=\"text-align: justify;\">Atuou como vice-presidente de Pessoa Jur\u00eddica na Caixa entre 2011 e 2013, cargo do qual chegou a pedir exonera\u00e7\u00e3o pelo Twitter \u00e0 ent\u00e3o presidente Dilma Rousseff, pela possibilidade de concorrer nas elei\u00e7\u00f5es seguintes. Quem o convidou para o cargo foi Michel Temer. Foi derrotado por Otto Alencar (PSD) na elei\u00e7\u00e3o ao Senado.<\/p>\n<p style=\"text-align: justify;\">Formado em administra\u00e7\u00e3o de empresas pela Universidade de Bras\u00edlia, \u00e9 natural de Salvador, onde foi assessor da Casa Civil da Prefeitura entre 1988 e 1989. Em 1990, filiou-se ao PMDB, partido pelo qual foi eleito cinco vezes deputado federal.<\/p>\n<p style=\"text-align: justify;\"><em>Informa\u00e7\u00f5es extra\u00eddas do <a href=\"http:\/\/g1.globo.com\/politica\/noticia\/policia-federal-encontra-dinheiro-em-apartamento-supostamente-utilizado-por-geddel.ghtml\"><strong>G1 Bahia<\/strong><\/a><\/em><\/p>\n<p style=\"text-align: justify;\"><a href=\"http:\/\/senoticias.com.br\/se\/wp-content\/uploads\/2017\/09\/Logo-fone-1-2-1-2-4-6-1-1-1-1.jpg\"><img loading=\"lazy\" decoding=\"async\" class=\"aligncenter size-full wp-image-106398\" src=\"http:\/\/senoticias.com.br\/se\/wp-content\/uploads\/2017\/09\/Logo-fone-1-2-1-2-4-6-1-1-1-1.jpg\" alt=\"Logo-fone-1-2-1-2-4-6-1-1-1\" width=\"599\" height=\"78\" srcset=\"https:\/\/senoticias.com.br\/se\/wp-content\/uploads\/2017\/09\/Logo-fone-1-2-1-2-4-6-1-1-1-1.jpg 599w, https:\/\/senoticias.com.br\/se\/wp-content\/uploads\/2017\/09\/Logo-fone-1-2-1-2-4-6-1-1-1-1-300x39.jpg 300w\" sizes=\"(max-width: 599px) 100vw, 599px\" \/><\/a><\/p>\n<p style=\"text-align: justify;\"><em><strong>Acompanhe tamb\u00e9m o SE Not\u00edcias no\u00a0<a href=\"https:\/\/twitter.com\/Senoticias\" target=\"_blank\">Twitter<\/a>,\u00a0<a href=\"https:\/\/www.facebook.com\/senoticias1\" target=\"_blank\">Facebook<\/a>\u00a0e no\u00a0<a href=\"https:\/\/www.instagram.com\/senoticias\/\" target=\"_blank\">Instagram<\/a><\/strong><\/em><\/p>\n","protected":false},"excerpt":{"rendered":"<p>A Pol\u00edcia Federal encontrou, nesta ter\u00e7a-feira (5), uma grande quantidade de dinheiro em um apartamento que seria utilizado por Geddel Vieira Lima (PMDB-BA), em Salvador. A a\u00e7\u00e3o, chamada de Tesouro Perdido, \u00e9 um desdobramento das investiga\u00e7\u00f5es sobre fraudes na libera\u00e7\u00e3o de cr\u00e9ditos da Caixa Econ\u00f4mica Federal, a opera\u00e7\u00e3o Cui Bono. Geddel foi vice-presidente de Pessoa [&hellip;]<\/p>\n","protected":false},"author":2,"featured_media":106466,"comment_status":"closed","ping_status":"closed","sticky":false,"template":"","format":"standard","meta":{"footnotes":""},"categories":[2961,6],"tags":[5697,4476,5698,1947],"class_list":{"0":"post-106465","1":"post","2":"type-post","3":"status-publish","4":"format-standard","5":"has-post-thumbnail","7":"category-nacional","8":"category-politica","9":"tag-dinheiro-no-apartamento-de-gedel","10":"tag-geddel-vieira-lima","11":"tag-pf-encontra-malas-de-dinheiro","12":"tag-policia-federal"},"_links":{"self":[{"href":"https:\/\/senoticias.com.br\/se\/wp-json\/wp\/v2\/posts\/106465"}],"collection":[{"href":"https:\/\/senoticias.com.br\/se\/wp-json\/wp\/v2\/posts"}],"about":[{"href":"https:\/\/senoticias.com.br\/se\/wp-json\/wp\/v2\/types\/post"}],"author":[{"embeddable":true,"href":"https:\/\/senoticias.com.br\/se\/wp-json\/wp\/v2\/users\/2"}],"replies":[{"embeddable":true,"href":"https:\/\/senoticias.com.br\/se\/wp-json\/wp\/v2\/comments?post=106465"}],"version-history":[{"count":0,"href":"https:\/\/senoticias.com.br\/se\/wp-json\/wp\/v2\/posts\/106465\/revisions"}],"wp:featuredmedia":[{"embeddable":true,"href":"https:\/\/senoticias.com.br\/se\/wp-json\/wp\/v2\/media\/106466"}],"wp:attachment":[{"href":"https:\/\/senoticias.com.br\/se\/wp-json\/wp\/v2\/media?parent=106465"}],"wp:term":[{"taxonomy":"category","embeddable":true,"href":"https:\/\/senoticias.com.br\/se\/wp-json\/wp\/v2\/categories?post=106465"},{"taxonomy":"post_tag","embeddable":true,"href":"https:\/\/senoticias.com.br\/se\/wp-json\/wp\/v2\/tags?post=106465"}],"curies":[{"name":"wp","href":"https:\/\/api.w.org\/{rel}","templated":true}]}}