{"id":106462,"date":"2017-09-05T16:31:30","date_gmt":"2017-09-05T19:31:30","guid":{"rendered":"http:\/\/senoticias.com.br\/se\/?p=106462"},"modified":"2017-09-05T16:46:49","modified_gmt":"2017-09-05T19:46:49","slug":"secretaria-de-estado-da-cultura-investe-em-melhorias-nas-unidades-gerenciadas-pela-pasta","status":"publish","type":"post","link":"https:\/\/senoticias.com.br\/se\/secretaria-de-estado-da-cultura-investe-em-melhorias-nas-unidades-gerenciadas-pela-pasta\/","title":{"rendered":"Secretaria de Estado da Cultura investe em melhorias nas unidades gerenciadas pela pasta"},"content":{"rendered":"<p style=\"text-align: justify;\">A Secretaria de Estado da Cultura (Secult) tem realizado uma s\u00e9rie de reparos nas suas unidades nos \u00faltimos cinco meses. Com a chegada da nova gest\u00e3o a frente da Secretaria, foram detectados diversos problemas nestes locais que est\u00e3o sendo sanados paulatinamente pelo setor de manuten\u00e7\u00f5es. Os locais que est\u00e3o auferindo restauros s\u00e3o: Biblioteca P\u00fablica Epif\u00e2nio D\u00f3ria, Biblioteca P\u00fablica Infantil de Sergipe, Galeria de Artes J. In\u00e1cio, Complexo Cultural Gonzag\u00e3o, Teatro Atheneu, Teatro Tobias Barreto, Casa de Cultura Jo\u00e3o Ribeiro, Museu de Arte Sacra e Museu Afrobrasileiro em Laranjeiras e Museu Hist\u00f3rico de S\u00e3o Crist\u00f3v\u00e3o.<\/p>\n<div id=\"attachment_106463\" style=\"width: 609px\" class=\"wp-caption aligncenter\"><a href=\"http:\/\/senoticias.com.br\/se\/wp-content\/uploads\/2017\/09\/DSC_0216-e1504639760711.jpg\"><img loading=\"lazy\" decoding=\"async\" aria-describedby=\"caption-attachment-106463\" class=\"size-full wp-image-106463\" src=\"http:\/\/senoticias.com.br\/se\/wp-content\/uploads\/2017\/09\/DSC_0216-e1504639760711.jpg\" alt=\"Secult investe em melhorias nas unidades gerenciadas pela pasta\" width=\"599\" height=\"398\" \/><\/a><p id=\"caption-attachment-106463\" class=\"wp-caption-text\">Secult investe em melhorias nas unidades gerenciadas pela pasta (foto: Secult)<\/p><\/div>\n<p style=\"text-align: justify;\">Foram encontrados problemas na parte el\u00e9trica, infiltra\u00e7\u00f5es e dificuldades na sinaliza\u00e7\u00e3o de alguns desses locais. Nas Bibliotecas P\u00fablicas, por exemplo, houve melhora na ilumina\u00e7\u00e3o interna e restaura\u00e7\u00e3o dos aparelhos de ar condicionado. No Teatro Tobias Barreto, a ilumina\u00e7\u00e3o da plateia foi totalmente recuperada e foram instalados ar condicionados centrais na sala da Orquestra Sinf\u00f4nica de Sergipe.<\/p>\n<p style=\"text-align: justify;\">No Complexo Cultural Gonzag\u00e3o foram feitas reformas nos banheiros, troca de extintores visando \u00e0 seguran\u00e7a contra poss\u00edveis inc\u00eandios e instala\u00e7\u00e3o de novas lumin\u00e1rias e placas de sinaliza\u00e7\u00e3o para facilitar o acesso dos usu\u00e1rios. Visando a seguran\u00e7a das obras que s\u00e3o expostas na Galeria de Arte J. In\u00e1cio, foram colocadas grades de seguran\u00e7a nas janelas da unidade.<\/p>\n<p style=\"text-align: justify;\">Tamb\u00e9m foram feitos reparos em outros munic\u00edpios do estado. Na Casa de Cultura Jo\u00e3o Ribeiro, Museu Afrobrasileiro de Sergipe e Museu de Arte Sacra, localizados no munic\u00edpio de Laranjeiras, foram conclu\u00eddos os servi\u00e7os de retelhamentos e recupera\u00e7\u00e3o de paredes danificadas. J\u00e1 no Museu Hist\u00f3rico de Sergipe, em S\u00e3o Crist\u00f3v\u00e3o, portas e janelas tamb\u00e9m passaram por consertos.<\/p>\n<p style=\"text-align: justify;\">&#8220;Desde o primeiro dia que entrei na Secretaria de Cultura me preocupo com a revitaliza\u00e7\u00e3o das nossas unidades, e para que a popula\u00e7\u00e3o fa\u00e7a bom uso delas \u00e9 necess\u00e1rio que estejam em perfeitas condi\u00e7\u00f5es&#8221;, disse o Secret\u00e1rio de Estado da Cultura, Jo\u00e3o Augusto Gama.<\/p>\n<p style=\"text-align: justify;\"><b>Teatros<br \/>\n<\/b><br \/>\nJ\u00e1 no Teatro Tobias Barreto todos os encaminhamentos para a conclus\u00e3o da obra de combate a inc\u00eandio est\u00e3o sendo conclu\u00eddos. Em at\u00e9 dois meses a obra estar\u00e1 completamente executada. O valor total da obra est\u00e1 estimado em R$663.682,22, que ser\u00e3o investidos na adequa\u00e7\u00e3o dos extintores de inc\u00eandio, placas de sinaliza\u00e7\u00e3o e placas refletivas, lumin\u00e1rias de emerg\u00eancia, hidrantes, Sprinklers (chuveiros autom\u00e1ticos), bomba de inc\u00eandio, central de alarme e detec\u00e7\u00e3o de fuma\u00e7a, al\u00e9m da automa\u00e7\u00e3o do sistema hidr\u00e1ulico de inc\u00eandio. Ser\u00e1 adquirido ainda um gerador de energia e adequados os corrim\u00f5es e guarda corpos.<\/p>\n<p style=\"text-align: justify;\">Em breve ser\u00e1 dado in\u00edcio ainda aos trabalhos de adequa\u00e7\u00e3o do sistema de inc\u00eandio no Teatro Atheneu. O processo j\u00e1 foi autorizado para realiza\u00e7\u00e3o da despesa pelo Conselho de Reestrutura\u00e7\u00e3o e Ajuste Fiscal de Sergipe\u00a0 (Crafi), e a Cehop se comprometeu em elaborar um cronograma c\u00e9lere para conclus\u00e3o da licita\u00e7\u00e3o, e consequente realiza\u00e7\u00e3o da obra.<\/p>\n<p style=\"text-align: justify;\">\u00c9 importante destacar ainda outras medidas de seguran\u00e7a que est\u00e3o sendo adotadas em ambos os teatros. No Atheneu, por exemplo, c\u00e2meras de seguran\u00e7a j\u00e1 foram instaladas na parte interna e externa na unidade. O intuito \u00e9 instalar em todas as unidades gerenciadas pela pasta.<\/p>\n<p style=\"text-align: justify;\"><b>Grandes reformas<br \/>\n<\/b><br \/>\nAl\u00e9m das manuten\u00e7\u00f5es emergenciais, tr\u00eas espa\u00e7os gerenciados pela Secult ser\u00e3o beneficiados com amplas reformas, gra\u00e7as a recursos captados pelo Governador Jackson Barreto com a empresa Central El\u00e9trica de Sergipe (Celse) respons\u00e1vel pela constru\u00e7\u00e3o da usina Termoel\u00e9trica Porto de Sergipe. Nesta a\u00e7\u00e3o, ser\u00e3o beneficiados o Arquivo P\u00fablico de Sergipe, o Teatro Tobias Barreto e a Biblioteca P\u00fablica Epif\u00e2nio D\u00f3ria, com um montante de cerca de R$ 15 milh\u00f5es.<\/p>\n<p style=\"text-align: justify;\"><a href=\"http:\/\/senoticias.com.br\/se\/wp-content\/uploads\/2017\/09\/Logo-fone-1-2-1-2-4-6-1-1-1-1.jpg\"><img loading=\"lazy\" decoding=\"async\" class=\"aligncenter size-full wp-image-106398\" src=\"http:\/\/senoticias.com.br\/se\/wp-content\/uploads\/2017\/09\/Logo-fone-1-2-1-2-4-6-1-1-1-1.jpg\" alt=\"Logo-fone-1-2-1-2-4-6-1-1-1\" width=\"599\" height=\"78\" srcset=\"https:\/\/senoticias.com.br\/se\/wp-content\/uploads\/2017\/09\/Logo-fone-1-2-1-2-4-6-1-1-1-1.jpg 599w, https:\/\/senoticias.com.br\/se\/wp-content\/uploads\/2017\/09\/Logo-fone-1-2-1-2-4-6-1-1-1-1-300x39.jpg 300w\" sizes=\"(max-width: 599px) 100vw, 599px\" \/><\/a><\/p>\n<p style=\"text-align: justify;\"><em><strong>Acompanhe tamb\u00e9m o SE Not\u00edcias no\u00a0<a href=\"https:\/\/twitter.com\/Senoticias\" target=\"_blank\">Twitter<\/a>,\u00a0<a href=\"https:\/\/www.facebook.com\/senoticias1\" target=\"_blank\">Facebook<\/a>\u00a0e no\u00a0<a href=\"https:\/\/www.instagram.com\/senoticias\/\" target=\"_blank\">Instagram<\/a><\/strong><\/em><\/p>\n<p style=\"text-align: justify;\"><em>por ascom Secult<\/em><\/p>\n","protected":false},"excerpt":{"rendered":"<p>A Secretaria de Estado da Cultura (Secult) tem realizado uma s\u00e9rie de reparos nas suas unidades nos \u00faltimos cinco meses. Com a chegada da nova gest\u00e3o a frente da Secretaria, foram detectados diversos problemas nestes locais que est\u00e3o sendo sanados paulatinamente pelo setor de manuten\u00e7\u00f5es. Os locais que est\u00e3o auferindo restauros s\u00e3o: Biblioteca P\u00fablica Epif\u00e2nio [&hellip;]<\/p>\n","protected":false},"author":2,"featured_media":106463,"comment_status":"closed","ping_status":"closed","sticky":false,"template":"","format":"standard","meta":{"footnotes":""},"categories":[6,1],"tags":[5693,5691,2663,5692,5696,5694,618,5695],"class_list":{"0":"post-106462","1":"post","2":"type-post","3":"status-publish","4":"format-standard","5":"has-post-thumbnail","7":"category-politica","8":"category-sem-categoria","9":"tag-afrobrasileiro","10":"tag-casa-de-cultura-joao-ribeiro","11":"tag-cultura","12":"tag-galeria-de-arte-j","13":"tag-museu-de-arte-sacra","14":"tag-museu-historico-de-sergipe","15":"tag-secult","16":"tag-teatros"},"_links":{"self":[{"href":"https:\/\/senoticias.com.br\/se\/wp-json\/wp\/v2\/posts\/106462"}],"collection":[{"href":"https:\/\/senoticias.com.br\/se\/wp-json\/wp\/v2\/posts"}],"about":[{"href":"https:\/\/senoticias.com.br\/se\/wp-json\/wp\/v2\/types\/post"}],"author":[{"embeddable":true,"href":"https:\/\/senoticias.com.br\/se\/wp-json\/wp\/v2\/users\/2"}],"replies":[{"embeddable":true,"href":"https:\/\/senoticias.com.br\/se\/wp-json\/wp\/v2\/comments?post=106462"}],"version-history":[{"count":0,"href":"https:\/\/senoticias.com.br\/se\/wp-json\/wp\/v2\/posts\/106462\/revisions"}],"wp:featuredmedia":[{"embeddable":true,"href":"https:\/\/senoticias.com.br\/se\/wp-json\/wp\/v2\/media\/106463"}],"wp:attachment":[{"href":"https:\/\/senoticias.com.br\/se\/wp-json\/wp\/v2\/media?parent=106462"}],"wp:term":[{"taxonomy":"category","embeddable":true,"href":"https:\/\/senoticias.com.br\/se\/wp-json\/wp\/v2\/categories?post=106462"},{"taxonomy":"post_tag","embeddable":true,"href":"https:\/\/senoticias.com.br\/se\/wp-json\/wp\/v2\/tags?post=106462"}],"curies":[{"name":"wp","href":"https:\/\/api.w.org\/{rel}","templated":true}]}}