{"id":106426,"date":"2017-09-04T18:56:46","date_gmt":"2017-09-04T21:56:46","guid":{"rendered":"http:\/\/senoticias.com.br\/se\/?p=106426"},"modified":"2017-09-04T19:02:47","modified_gmt":"2017-09-04T22:02:47","slug":"sao-cristovao-sedia-seminario-de-qualificacao-do-programa-mao-amiga","status":"publish","type":"post","link":"https:\/\/senoticias.com.br\/se\/sao-cristovao-sedia-seminario-de-qualificacao-do-programa-mao-amiga\/","title":{"rendered":"S\u00e3o Crist\u00f3v\u00e3o sedia semin\u00e1rio de qualifica\u00e7\u00e3o do \u201cPrograma M\u00e3o Amiga\u201d"},"content":{"rendered":"<p style=\"text-align: justify;\">O prefeito de S\u00e3o Crist\u00f3v\u00e3o, Marcos Santana, recebeu o vice-governador e secret\u00e1rio de Estado da Casa Civil, Belivaldo Chagas, na manh\u00e3 desta segunda-feira, 4, no Centro Administrativo da Prefeitura Municipal (antigo Lar Imaculada Concei\u00e7\u00e3o), na sede, para abertura do semin\u00e1rio de qualifica\u00e7\u00e3o do \u201cPrograma M\u00e3o Amiga\u201d. Destinado a promover a transfer\u00eancia de renda aos trabalhadores rurais nos per\u00edodos de entressafra da citricultura e da cultura da cana-de-a\u00e7\u00facar, esta edi\u00e7\u00e3o beneficia 55 agricultores do corte da cana no munic\u00edpio.<\/p>\n<div id=\"attachment_106427\" style=\"width: 609px\" class=\"wp-caption aligncenter\"><a href=\"http:\/\/senoticias.com.br\/se\/wp-content\/uploads\/2017\/09\/foto2-e1504562352180.jpg\"><img loading=\"lazy\" decoding=\"async\" aria-describedby=\"caption-attachment-106427\" class=\"size-full wp-image-106427\" src=\"http:\/\/senoticias.com.br\/se\/wp-content\/uploads\/2017\/09\/foto2-e1504562352180.jpg\" alt=\"Semin\u00e1rio para benefici\u00e1rios do programa 'M\u00e3o Amiga' aconteceu nesta segunda-feira, 4.\" width=\"599\" height=\"357\" \/><\/a><p id=\"caption-attachment-106427\" class=\"wp-caption-text\">Semin\u00e1rio para benefici\u00e1rios do programa &#8216;M\u00e3o Amiga&#8217; aconteceu nesta segunda-feira, 4 (foto: Daniele Pereira\/PMSC)<\/p><\/div>\n<p style=\"text-align: justify;\">Agradecendo a presen\u00e7a de todos ao evento, o prefeito Marcos Santana destacou a import\u00e2ncia de programas voltados ao trabalhador do campo, efetivando a implanta\u00e7\u00e3o das pol\u00edticas p\u00fablicas para o segmento. \u201cParabenizo o governo do Estado por tocar um programa t\u00e3o importante para o trabalhador rural. Aqui em S\u00e3o Crist\u00f3v\u00e3o, s\u00f3 este ano, sa\u00edmos de 33 para 55 benefici\u00e1rios, e pretendemos atingir o maior n\u00famero poss\u00edvel de fam\u00edlias. N\u00e3o \u00e9 a principal renda do agricultor, mas garante um importante aux\u00edlio no momento de entressafra para o trabalhador, com quem temos o compromisso de levar as pol\u00edticas necess\u00e1rias ao desenvolvimento do campo e de construir uma gest\u00e3o que valorize a agricultura familiar, aproveitando as potencialidades do nosso munic\u00edpio, que tem \u00e1gua e solo rico, e um povo trabalhador\u201d, frisou o prefeito.<\/p>\n<p style=\"text-align: justify;\">J\u00e1 o vice-governador Belivaldo Chagas ressaltou que o programa beneficiou, este ano, 4.102 trabalhadores da cana, em 19 munic\u00edpios, al\u00e9m de S\u00e3o Crist\u00f3v\u00e3o, num investimento, at\u00e9 o momento, de R$ 1.968.960,00. \u201cJ\u00e1 foram liberadas tr\u00eas parcelas, restando ainda uma at\u00e9 o encerramento da entressafra. N\u00e3o estamos aqui fazendo nenhum favor, mas cumprindo como a nossa obriga\u00e7\u00e3o, distribuindo renda e ajudando a quem precisa no momento de dificuldade. Vamos garantir a continuidade desse programa e, se necess\u00e1rio, a sua amplia\u00e7\u00e3o\u201d, garantiu o vice-governador.<\/p>\n<p style=\"text-align: justify;\"><strong>Prest\u00edgio<\/strong><\/p>\n<p style=\"text-align: justify;\">A mesa de abertura do semin\u00e1rio contou ainda com a presen\u00e7a da secret\u00e1ria municipal de Assist\u00eancia Social e do Trabalho, Fernanda Santana; do secret\u00e1rio de Estado da Inclus\u00e3o, Trabalho e Direitos Humanos, Jos\u00e9 Macedo Sobral; da superintendente executiva da Casa Civil, Concei\u00e7\u00e3o Vieira; da diretora de Inclus\u00e3o Produtiva do Estado, Heleonora Cerqueira; dos vereadores Vanderlan Correia &#8211; presidente da C\u00e2mara Municipal-, Diego Prado, Djalma Santana, Paulo J\u00fanior e Edson Pereira, e da presidente do Sindicato dos Trabalhadores Rurais de S\u00e3o Crist\u00f3v\u00e3o, Maria do Carmo Batista.<\/p>\n<p><strong>Pol\u00edtica ampla<\/strong><\/p>\n<p style=\"text-align: justify;\">Criado pelo governo estadual em 2009, o \u201cPrograma M\u00e3o Amiga\u201d paga um benef\u00edcio de R$ 760, dividido em quatro parcelas de R$ 190, aos trabalhadores da colheita da laranja e do corte da cana. Ao todo, considerando as duas vertentes do programa, cerca de 10 mil trabalhadores rurais sergipanos s\u00e3o anualmente beneficiados desde 2009, em 34 munic\u00edpios sergipanos.<\/p>\n<p style=\"text-align: justify;\">A secret\u00e1ria municipal de Assist\u00eancia Social, Fernanda Santana, falou sobre a import\u00e2ncia do benef\u00edcio para os agricultores dentro de uma pol\u00edtica mais ampla, que inclu\u00ed tamb\u00e9m o diagn\u00f3stico socioecon\u00f4mico das fam\u00edlias e os programas de forma\u00e7\u00e3o profissional desenvolvidos pelo munic\u00edpio. \u201cO programa garante um complemento \u00e0 renda dessas fam\u00edlias. Al\u00e9m disto, estamos programando a\u00e7\u00f5es de qualifica\u00e7\u00e3o profissional que n\u00e3o ser\u00e3o limitadas apenas ao agricultor, mas abranger\u00e1 seus familiares tamb\u00e9m. Ser\u00e3o capacita\u00e7\u00f5es diversas que agregam outras \u00e1reas, suprem a renda e qualificam o trabalhador\u201d, argumentou.<\/p>\n<p style=\"text-align: justify;\">O trabalhador rural Manoel Francisco dos Santos, que recebe o aux\u00edlio pela primeira vez, disse que o programa \u00e9 um complemento \u00e0 renda familiar, diante da dificuldade em conseguir trabalho. \u201cMuito bom este programa. \u00c9 a primeira vez que participo, e s\u00f3 tenho a dizer que est\u00e1 me ajudando muito\u201d, contou o agricultor, que mora no povoado Cardoso, onde est\u00e1 localizada a maioria dos benefici\u00e1rios do &#8220;M\u00e3o Amiga&#8221; no munic\u00edpio.<\/p>\n<p style=\"text-align: justify;\"><a href=\"http:\/\/senoticias.com.br\/se\/wp-content\/uploads\/2017\/09\/Logo-fone-1-2-1-2-4-6-1-1-1-1.jpg\"><img loading=\"lazy\" decoding=\"async\" class=\"aligncenter size-full wp-image-106398\" src=\"http:\/\/senoticias.com.br\/se\/wp-content\/uploads\/2017\/09\/Logo-fone-1-2-1-2-4-6-1-1-1-1.jpg\" alt=\"Logo-fone-1-2-1-2-4-6-1-1-1\" width=\"599\" height=\"78\" srcset=\"https:\/\/senoticias.com.br\/se\/wp-content\/uploads\/2017\/09\/Logo-fone-1-2-1-2-4-6-1-1-1-1.jpg 599w, https:\/\/senoticias.com.br\/se\/wp-content\/uploads\/2017\/09\/Logo-fone-1-2-1-2-4-6-1-1-1-1-300x39.jpg 300w\" sizes=\"(max-width: 599px) 100vw, 599px\" \/><\/a><\/p>\n<p style=\"text-align: justify;\"><em><strong>Acompanhe tamb\u00e9m o SE Not\u00edcias no\u00a0<a href=\"https:\/\/twitter.com\/Senoticias\" target=\"_blank\">Twitter<\/a>,\u00a0<a href=\"https:\/\/www.facebook.com\/senoticias1\" target=\"_blank\">Facebook<\/a>\u00a0e no\u00a0<a href=\"https:\/\/www.instagram.com\/senoticias\/\" target=\"_blank\">Instagram<\/a><\/strong><\/em><\/p>\n<p style=\"text-align: justify;\"><em>por Ascom\/PMSC<\/em><\/p>\n","protected":false},"excerpt":{"rendered":"<p>O prefeito de S\u00e3o Crist\u00f3v\u00e3o, Marcos Santana, recebeu o vice-governador e secret\u00e1rio de Estado da Casa Civil, Belivaldo Chagas, na manh\u00e3 desta segunda-feira, 4, no Centro Administrativo da Prefeitura Municipal (antigo Lar Imaculada Concei\u00e7\u00e3o), na sede, para abertura do semin\u00e1rio de qualifica\u00e7\u00e3o do \u201cPrograma M\u00e3o Amiga\u201d. Destinado a promover a transfer\u00eancia de renda aos trabalhadores [&hellip;]<\/p>\n","protected":false},"author":2,"featured_media":106427,"comment_status":"closed","ping_status":"closed","sticky":false,"template":"","format":"standard","meta":{"footnotes":""},"categories":[38],"tags":[2806,1498,5670,335],"class_list":{"0":"post-106426","1":"post","2":"type-post","3":"status-publish","4":"format-standard","5":"has-post-thumbnail","7":"category-municipios","8":"tag-belivaldo-chagas","9":"tag-marcos-santana","10":"tag-programa-mao-amiga","11":"tag-sao-cristovao"},"_links":{"self":[{"href":"https:\/\/senoticias.com.br\/se\/wp-json\/wp\/v2\/posts\/106426"}],"collection":[{"href":"https:\/\/senoticias.com.br\/se\/wp-json\/wp\/v2\/posts"}],"about":[{"href":"https:\/\/senoticias.com.br\/se\/wp-json\/wp\/v2\/types\/post"}],"author":[{"embeddable":true,"href":"https:\/\/senoticias.com.br\/se\/wp-json\/wp\/v2\/users\/2"}],"replies":[{"embeddable":true,"href":"https:\/\/senoticias.com.br\/se\/wp-json\/wp\/v2\/comments?post=106426"}],"version-history":[{"count":0,"href":"https:\/\/senoticias.com.br\/se\/wp-json\/wp\/v2\/posts\/106426\/revisions"}],"wp:featuredmedia":[{"embeddable":true,"href":"https:\/\/senoticias.com.br\/se\/wp-json\/wp\/v2\/media\/106427"}],"wp:attachment":[{"href":"https:\/\/senoticias.com.br\/se\/wp-json\/wp\/v2\/media?parent=106426"}],"wp:term":[{"taxonomy":"category","embeddable":true,"href":"https:\/\/senoticias.com.br\/se\/wp-json\/wp\/v2\/categories?post=106426"},{"taxonomy":"post_tag","embeddable":true,"href":"https:\/\/senoticias.com.br\/se\/wp-json\/wp\/v2\/tags?post=106426"}],"curies":[{"name":"wp","href":"https:\/\/api.w.org\/{rel}","templated":true}]}}