{"id":106423,"date":"2017-09-04T17:36:07","date_gmt":"2017-09-04T20:36:07","guid":{"rendered":"http:\/\/senoticias.com.br\/se\/?p=106423"},"modified":"2017-09-04T17:40:37","modified_gmt":"2017-09-04T20:40:37","slug":"centrodeespecialidades106423-2","status":"publish","type":"post","link":"https:\/\/senoticias.com.br\/se\/centrodeespecialidades106423-2\/","title":{"rendered":"Centro de especialidades odontol\u00f3gicas do Ipesa\u00fade inicia atendimentos"},"content":{"rendered":"<p style=\"text-align: justify;\">O Centro de Especialidades Odontol\u00f3gicas Maria Viana Tavares de Bragan\u00e7a abre as portas para o benefici\u00e1rios a partir das 07 da manh\u00e3, o atendimento vai at\u00e9 a 22h.<br \/>\nGra\u00e7as a um conv\u00eanio de colabora\u00e7\u00e3o firmado entre o governo do Estado e a Universidade Federal de Sergipe, professores e alunos da UFS far\u00e3o o atendimento no local, principalmente no hor\u00e1rio noturno. O pr\u00e9dio est\u00e1 situado na Pra\u00e7a da Bandeira, 373.<\/p>\n<p style=\"text-align: justify;\"><strong><a href=\"http:\/\/senoticias.com.br\/se\/wp-content\/uploads\/2017\/09\/ipes-SENOTICIAS-e1504557298738.png\"><img loading=\"lazy\" decoding=\"async\" class=\"aligncenter size-full wp-image-106424\" src=\"http:\/\/senoticias.com.br\/se\/wp-content\/uploads\/2017\/09\/ipes-SENOTICIAS-e1504557298738.png\" alt=\"ipes SENOTICIAS\" width=\"599\" height=\"400\" \/><\/a>Per\u00edcia Odontol\u00f3gica<\/strong><\/p>\n<p style=\"text-align: justify;\">Os pacientes que precisam de atendimento na \u00e1rea especializada devem estar atentos as mudan\u00e7as na \u00e1rea de per\u00edcia. A partir dessa segunda-feira, a per\u00edcia passar\u00e1 a funcionar atrav\u00e9s de atendimento pr\u00e9vio. De segunda a sexta, das 7h \u00e0s 17h, de acordo com as especialidades: cirurgias, endodontia e exames de r\u00e1dio-imagem. Os agendamentos podem ser realizados no pr\u00f3prio centro e nas unidades regionais.<\/p>\n<p style=\"text-align: justify;\"><a href=\"http:\/\/senoticias.com.br\/se\/wp-content\/uploads\/2017\/09\/Logo-fone-1-2-1-2-4-6-1-1-1-1.jpg\"><img loading=\"lazy\" decoding=\"async\" class=\"aligncenter size-full wp-image-106398\" src=\"http:\/\/senoticias.com.br\/se\/wp-content\/uploads\/2017\/09\/Logo-fone-1-2-1-2-4-6-1-1-1-1.jpg\" alt=\"Logo-fone-1-2-1-2-4-6-1-1-1\" width=\"599\" height=\"78\" srcset=\"https:\/\/senoticias.com.br\/se\/wp-content\/uploads\/2017\/09\/Logo-fone-1-2-1-2-4-6-1-1-1-1.jpg 599w, https:\/\/senoticias.com.br\/se\/wp-content\/uploads\/2017\/09\/Logo-fone-1-2-1-2-4-6-1-1-1-1-300x39.jpg 300w\" sizes=\"(max-width: 599px) 100vw, 599px\" \/><\/a><\/p>\n<p><em><strong>Acompanhe tamb\u00e9m o SE Not\u00edcias no\u00a0<a href=\"https:\/\/twitter.com\/Senoticias\" target=\"_blank\">Twitter<\/a>,\u00a0<a href=\"https:\/\/www.facebook.com\/senoticias1\" target=\"_blank\">Facebook<\/a>\u00a0e no\u00a0<a href=\"https:\/\/www.instagram.com\/senoticias\/\" target=\"_blank\">Instagram<\/a><\/strong><\/em><\/p>\n<p>Com informa\u00e7\u00f5es da ASN<\/p>\n","protected":false},"excerpt":{"rendered":"<p>O Centro de Especialidades Odontol\u00f3gicas Maria Viana Tavares de Bragan\u00e7a abre as portas para o benefici\u00e1rios a partir das 07 da manh\u00e3, o atendimento vai at\u00e9 a 22h. Gra\u00e7as a um conv\u00eanio de colabora\u00e7\u00e3o firmado entre o governo do Estado e a Universidade Federal de Sergipe, professores e alunos da UFS far\u00e3o o atendimento no [&hellip;]<\/p>\n","protected":false},"author":2,"featured_media":0,"comment_status":"closed","ping_status":"closed","sticky":false,"template":"","format":"standard","meta":{"footnotes":""},"categories":[15,38],"tags":[2002,3680,3653,1304],"class_list":{"0":"post-106423","1":"post","2":"type-post","3":"status-publish","4":"format-standard","6":"category-destaques","7":"category-municipios","8":"tag-governo","9":"tag-ipes","10":"tag-odontologia","11":"tag-saude"},"_links":{"self":[{"href":"https:\/\/senoticias.com.br\/se\/wp-json\/wp\/v2\/posts\/106423"}],"collection":[{"href":"https:\/\/senoticias.com.br\/se\/wp-json\/wp\/v2\/posts"}],"about":[{"href":"https:\/\/senoticias.com.br\/se\/wp-json\/wp\/v2\/types\/post"}],"author":[{"embeddable":true,"href":"https:\/\/senoticias.com.br\/se\/wp-json\/wp\/v2\/users\/2"}],"replies":[{"embeddable":true,"href":"https:\/\/senoticias.com.br\/se\/wp-json\/wp\/v2\/comments?post=106423"}],"version-history":[{"count":0,"href":"https:\/\/senoticias.com.br\/se\/wp-json\/wp\/v2\/posts\/106423\/revisions"}],"wp:attachment":[{"href":"https:\/\/senoticias.com.br\/se\/wp-json\/wp\/v2\/media?parent=106423"}],"wp:term":[{"taxonomy":"category","embeddable":true,"href":"https:\/\/senoticias.com.br\/se\/wp-json\/wp\/v2\/categories?post=106423"},{"taxonomy":"post_tag","embeddable":true,"href":"https:\/\/senoticias.com.br\/se\/wp-json\/wp\/v2\/tags?post=106423"}],"curies":[{"name":"wp","href":"https:\/\/api.w.org\/{rel}","templated":true}]}}