{"id":106417,"date":"2017-09-04T17:15:33","date_gmt":"2017-09-04T20:15:33","guid":{"rendered":"http:\/\/senoticias.com.br\/se\/?p=106417"},"modified":"2017-09-04T17:15:33","modified_gmt":"2017-09-04T20:15:33","slug":"23-filmes-disputam-uma-vaga-entre-os-indicados-ao-oscar-2018","status":"publish","type":"post","link":"https:\/\/senoticias.com.br\/se\/23-filmes-disputam-uma-vaga-entre-os-indicados-ao-oscar-2018\/","title":{"rendered":"23 filmes disputam uma vaga entre os indicados ao Oscar 2018"},"content":{"rendered":"<p style=\"text-align: justify;\">O Minist\u00e9rio da Cultura divulgou hoje (4) os 23 filmes brasileiros que ir\u00e3o disputar uma vaga entre os indicados ao pr\u00eamio de Melhor Filme em L\u00edngua Estrangeira na 90\u00aa edi\u00e7\u00e3o do Oscar, em mar\u00e7o de 2018.<\/p>\n<p style=\"text-align: justify;\">O n\u00famero de inscritos supera os do ano passado, quando 16 longas se inscreveram. Pela primeira vez, as inscri\u00e7\u00f5es dos filmes foram feitas online.<\/p>\n<p style=\"text-align: justify;\">O an\u00fancio do indicado ser\u00e1 no dia 15 de setembro na Cinemateca Brasileira, em S\u00e3o Paulo. Uma comiss\u00e3o, indicada pela Academia Brasileira de Cinema (ABC), escolher\u00e1 o filme que ir\u00e1 concorrer a uma vaga no Oscar.<\/p>\n<div id=\"attachment_106418\" style=\"width: 609px\" class=\"wp-caption aligncenter\"><a href=\"http:\/\/senoticias.com.br\/se\/wp-content\/uploads\/2017\/09\/filmes-SENOTICIAS-e1504556101970.jpg\"><img loading=\"lazy\" decoding=\"async\" aria-describedby=\"caption-attachment-106418\" class=\"size-full wp-image-106418\" src=\"http:\/\/senoticias.com.br\/se\/wp-content\/uploads\/2017\/09\/filmes-SENOTICIAS-e1504556101970.jpg\" alt=\"Foto: Correio\" width=\"599\" height=\"373\" \/><\/a><p id=\"caption-attachment-106418\" class=\"wp-caption-text\">Foto: Correio<\/p><\/div>\n<p><strong>Veja a lista dos inscritos:<\/strong><\/p>\n<p>&#8211; <a href=\"https:\/\/youtu.be\/VgPdOW58R8s\"><strong>A Fam\u00edlia Dionti<\/strong><\/a><br \/>\nDire\u00e7\u00e3o: Alan Minas<\/p>\n<p>&#8211; <a href=\"https:\/\/youtu.be\/6f9KFh4bhXc\"><strong>A Gl\u00f3ria e a Gra\u00e7a<\/strong><\/a><br \/>\nDire\u00e7\u00e3o: Fl\u00e1vio Ramos Tambellini<\/p>\n<p>&#8211; <a href=\"https:\/\/youtu.be\/hidcxSOQ_Gg\"><strong>Bingo &#8211; O rei das Manh\u00e3s<\/strong><\/a><br \/>\nDire\u00e7\u00e3o:Daniel Rezende<\/p>\n<p>&#8211; <a href=\"https:\/\/youtu.be\/dDttpWyg4Cg\"><strong>Caf\u00e9 &#8211; Um dedo de prosa<\/strong><\/a><br \/>\nDire\u00e7\u00e3o: Maur\u00edcio Squarisi<\/p>\n<p>&#8211; <a href=\"https:\/\/youtu.be\/69XYWp-k0_A\"><strong>Cidades Fantasmas<\/strong><\/a><br \/>\nDire\u00e7\u00e3o:Tyrell Spencer<\/p>\n<p>&#8211; <a href=\"https:\/\/youtu.be\/-_8t-3PG8Qk\"><strong>Como Nossos Pais<\/strong><\/a><br \/>\nDire\u00e7\u00e3o:La\u00eds Bodanzky<\/p>\n<p>&#8211; <a href=\"https:\/\/youtu.be\/GxCOCthjc7o\"><strong>Corpo El\u00e9trico<\/strong><\/a><br \/>\nDire\u00e7\u00e3o: Marcelo Caetano<\/p>\n<p>&#8211;<a href=\"https:\/\/youtu.be\/HxahJR71wJY\"> <strong>Divinas Divas<\/strong><\/a><br \/>\nDire\u00e7\u00e3o: Leandra Leal<\/p>\n<p>&#8211; <a href=\"https:\/\/youtu.be\/GbgVYW8pZmg\"><strong>Elis<\/strong><\/a><br \/>\nDire\u00e7\u00e3o: Hugo Prata<\/p>\n<p>&#8211;<a href=\"https:\/\/youtu.be\/Dr6UgIHeZ4c\"><strong> Era O Hotel Cambridge<\/strong><\/a><br \/>\nDire\u00e7\u00e3o: Eliane Caff\u00e9<\/p>\n<p>&#8211; <a href=\"https:\/\/youtu.be\/o8BqKYjV6qM\"><strong>Fala Comigo<\/strong><\/a><br \/>\nDire\u00e7\u00e3o:Felipe Sholl<\/p>\n<p>&#8211; <a href=\"https:\/\/youtu.be\/ZXR-8lkvZPE\"><strong>Gabriel e a Montanha<\/strong><\/a><br \/>\nDire\u00e7\u00e3o: Fellipe Barbosa<\/p>\n<p>&#8211; <a href=\"https:\/\/youtu.be\/dZS-hMdgml0\"><strong>Hist\u00f3ria antes da hist\u00f3ria<\/strong><\/a><br \/>\nDire\u00e7\u00e3o: Wilson Lazaretti<\/p>\n<p>&#8211; <a href=\"https:\/\/youtu.be\/xp-_QoyX1E0\"><strong>Joaquim<\/strong><\/a><br \/>\nDire\u00e7\u00e3o: Marcelo Gomes<\/p>\n<p>&#8211; <a href=\"https:\/\/youtu.be\/FqHMBvkEpY8\"><strong>Jo\u00e3o, o Maestro<\/strong><\/a><br \/>\nDire\u00e7\u00e3o: Mauro Lima<\/p>\n<p>&#8211; <a href=\"https:\/\/youtu.be\/ADsGGEDzCCA\"><strong>La Vingan\u00e7a<\/strong><\/a><br \/>\nDire\u00e7\u00e3o: Fernando Fraiha e Jiddu Pinheiro<\/p>\n<p>&#8211; <a href=\"https:\/\/youtu.be\/s_qtWlhxhlA\"><strong>Malasartes e o Duelo com a Morte<\/strong><\/a><br \/>\nDire\u00e7\u00e3o: Paulo Morelli<\/p>\n<p>&#8211; <a href=\"https:\/\/youtu.be\/TDVegL5nfYs\"><strong>O Filme da Minha Vida<\/strong><\/a><br \/>\nDire\u00e7\u00e3o: Selton Mello<\/p>\n<p>&#8211; <a href=\"https:\/\/youtu.be\/kUP0MLsvpOY\"><strong>Pol\u00edcia Federal &#8211; A Lei \u00e9 para todos<\/strong><\/a><br \/>\nDire\u00e7\u00e3o: Marcelo Antunez<\/p>\n<p>&#8211; <a href=\"https:\/\/youtu.be\/o6X1dedk1uA\"><strong>Por Tr\u00e1s do C\u00e9u<\/strong><\/a><br \/>\nDire\u00e7\u00e3o: Caio S\u00f3h<\/p>\n<p>&#8211; <a href=\"https:\/\/youtu.be\/4Jt7o2nXi1g\"><strong>Quem \u00e9 Primavera das Neves<\/strong><\/a><br \/>\nDire\u00e7\u00e3o: Ana Luiza Azevedo, Jorge Furtado<\/p>\n<p>&#8211; <a href=\"https:\/\/youtu.be\/LgPA9jKl9Yw\"><strong>Real<\/strong> &#8211; O plano por tr\u00e1s da hist\u00f3ria<\/a><br \/>\nDire\u00e7\u00e3o: Rodrigo Bittencourt<\/p>\n<p>&#8211; <a href=\"https:\/\/youtu.be\/7g0OfzwETcs\"><strong>Vazante<\/strong><\/a><br \/>\nDire\u00e7\u00e3o: Daniela Thomas<\/p>\n<p>&nbsp;<\/p>\n<p><a href=\"http:\/\/senoticias.com.br\/se\/wp-content\/uploads\/2017\/09\/Logo-fone-1-2-1-2-4-6-1-1-1-1.jpg\"><img loading=\"lazy\" decoding=\"async\" class=\"aligncenter size-full wp-image-106398\" src=\"http:\/\/senoticias.com.br\/se\/wp-content\/uploads\/2017\/09\/Logo-fone-1-2-1-2-4-6-1-1-1-1.jpg\" alt=\"Logo-fone-1-2-1-2-4-6-1-1-1\" width=\"599\" height=\"78\" srcset=\"https:\/\/senoticias.com.br\/se\/wp-content\/uploads\/2017\/09\/Logo-fone-1-2-1-2-4-6-1-1-1-1.jpg 599w, https:\/\/senoticias.com.br\/se\/wp-content\/uploads\/2017\/09\/Logo-fone-1-2-1-2-4-6-1-1-1-1-300x39.jpg 300w\" sizes=\"(max-width: 599px) 100vw, 599px\" \/><\/a><\/p>\n<p><em><strong>Acompanhe tamb\u00e9m o SE Not\u00edcias no\u00a0<a href=\"https:\/\/twitter.com\/Senoticias\" target=\"_blank\">Twitter<\/a>,\u00a0<a href=\"https:\/\/www.facebook.com\/senoticias1\" target=\"_blank\">Facebook<\/a>\u00a0e no\u00a0<a href=\"https:\/\/www.instagram.com\/senoticias\/\" target=\"_blank\">Instagram<\/a><\/strong><\/em><\/p>\n<p>Por Ag\u00eancia Brasil<\/p>\n","protected":false},"excerpt":{"rendered":"<p>O Minist\u00e9rio da Cultura divulgou hoje (4) os 23 filmes brasileiros que ir\u00e3o disputar uma vaga entre os indicados ao pr\u00eamio de Melhor Filme em L\u00edngua Estrangeira na 90\u00aa edi\u00e7\u00e3o do Oscar, em mar\u00e7o de 2018. O n\u00famero de inscritos supera os do ano passado, quando 16 longas se inscreveram. Pela primeira vez, as inscri\u00e7\u00f5es [&hellip;]<\/p>\n","protected":false},"author":2,"featured_media":0,"comment_status":"closed","ping_status":"closed","sticky":false,"template":"","format":"standard","meta":{"footnotes":""},"categories":[15,21],"tags":[371,2740,5667,5666,3184],"class_list":{"0":"post-106417","1":"post","2":"type-post","3":"status-publish","4":"format-standard","6":"category-destaques","7":"category-entretenimento","8":"tag-371","9":"tag-brasileiros","10":"tag-filmes","11":"tag-oscar","12":"tag-premiacao"},"_links":{"self":[{"href":"https:\/\/senoticias.com.br\/se\/wp-json\/wp\/v2\/posts\/106417"}],"collection":[{"href":"https:\/\/senoticias.com.br\/se\/wp-json\/wp\/v2\/posts"}],"about":[{"href":"https:\/\/senoticias.com.br\/se\/wp-json\/wp\/v2\/types\/post"}],"author":[{"embeddable":true,"href":"https:\/\/senoticias.com.br\/se\/wp-json\/wp\/v2\/users\/2"}],"replies":[{"embeddable":true,"href":"https:\/\/senoticias.com.br\/se\/wp-json\/wp\/v2\/comments?post=106417"}],"version-history":[{"count":0,"href":"https:\/\/senoticias.com.br\/se\/wp-json\/wp\/v2\/posts\/106417\/revisions"}],"wp:attachment":[{"href":"https:\/\/senoticias.com.br\/se\/wp-json\/wp\/v2\/media?parent=106417"}],"wp:term":[{"taxonomy":"category","embeddable":true,"href":"https:\/\/senoticias.com.br\/se\/wp-json\/wp\/v2\/categories?post=106417"},{"taxonomy":"post_tag","embeddable":true,"href":"https:\/\/senoticias.com.br\/se\/wp-json\/wp\/v2\/tags?post=106417"}],"curies":[{"name":"wp","href":"https:\/\/api.w.org\/{rel}","templated":true}]}}