{"id":106307,"date":"2017-09-01T07:13:16","date_gmt":"2017-09-01T10:13:16","guid":{"rendered":"http:\/\/senoticias.com.br\/se\/?p=106307"},"modified":"2017-09-01T07:16:32","modified_gmt":"2017-09-01T10:16:32","slug":"setembro-amarelo-secretaria-de-saude-dinamiza-campanha-de-prevencao-ao-suicidio","status":"publish","type":"post","link":"https:\/\/senoticias.com.br\/se\/setembro-amarelo-secretaria-de-saude-dinamiza-campanha-de-prevencao-ao-suicidio\/","title":{"rendered":"Setembro Amarelo: secretaria de Sa\u00fade dinamiza campanha de preven\u00e7\u00e3o ao suic\u00eddio"},"content":{"rendered":"<p style=\"text-align: justify;\">Sensibilizar a popula\u00e7\u00e3o sobre a defesa da vida, mobilizar formadores de opini\u00e3o, divulgar fatores e comportamentos de risco, al\u00e9m de enfatizar formas de preven\u00e7\u00e3o ao suic\u00eddio. Com esses objetivos, o Governo de Sergipe, atrav\u00e9s da Secretaria de Estado da Sa\u00fade (SES), estar\u00e1 promovendo no pr\u00f3ximo dia 21, a partir das 9h30, no audit\u00f3rio do Pal\u00e1cio dos Despachos, palestras relacionadas ao tema. As palestras ser\u00e3o ministradas pela psiquiatra Sheila Bastos e pelo desembargador Edson Ulisses de Melo, e contemplar\u00e3o profissionais do poder judici\u00e1rio, diretores de escolas, defensores p\u00fablicos, representantes de institui\u00e7\u00f5es de ensino superior, jornalistas, comandantes da Pol\u00edcia Militar e do Corpo de Bombeiros de Sergipe, lideran\u00e7as religiosas, entre outros participantes.<\/p>\n<div id=\"attachment_106308\" style=\"width: 599px\" class=\"wp-caption aligncenter\"><a href=\"http:\/\/senoticias.com.br\/se\/wp-content\/uploads\/2017\/09\/902e139d535dc8eff3bd1efd5bcad524.jpg\"><img loading=\"lazy\" decoding=\"async\" aria-describedby=\"caption-attachment-106308\" class=\"size-full wp-image-106308\" src=\"http:\/\/senoticias.com.br\/se\/wp-content\/uploads\/2017\/09\/902e139d535dc8eff3bd1efd5bcad524.jpg\" alt=\"Setembro Amarelo: Secretaria de Sa\u00fade dinamiza campanha de preven\u00e7\u00e3o ao suic\u00eddio \/ Imagem: Internet\" width=\"589\" height=\"480\" srcset=\"https:\/\/senoticias.com.br\/se\/wp-content\/uploads\/2017\/09\/902e139d535dc8eff3bd1efd5bcad524.jpg 589w, https:\/\/senoticias.com.br\/se\/wp-content\/uploads\/2017\/09\/902e139d535dc8eff3bd1efd5bcad524-300x244.jpg 300w\" sizes=\"(max-width: 589px) 100vw, 589px\" \/><\/a><p id=\"caption-attachment-106308\" class=\"wp-caption-text\">Setembro Amarelo: Secretaria de Sa\u00fade dinamiza campanha de preven\u00e7\u00e3o ao suic\u00eddio \/ Imagem: Internet<\/p><\/div>\n<p style=\"text-align: justify;\">A coordenadora Estadual da Rede de Aten\u00e7\u00e3o Psicossocial, Renata Roriz, destaca que o evento representa uma das atividades alusivas ao \u2018Setembro Amarelo\u2019, institu\u00eddo pelo Governo de Sergipe, por meio da Lei N\u00ba 8.253, de 17 de Julho de 2017, para que nos \u00faltimos 15 dias do m\u00eas seja realizada em \u00e2mbito estadual uma campanha de preven\u00e7\u00e3o ao suic\u00eddio. Segundo dados da Organiza\u00e7\u00e3o Mundial de Sa\u00fade (OMS), a cada 40 segundos uma pessoa comete suic\u00eddio no mundo. Outro dado alarmante, segundo Roriz, \u00e9 que a cada tr\u00eas segundos, uma pessoa atenta contra a pr\u00f3pria vida.<\/p>\n<p style=\"text-align: justify;\">\u201cO suic\u00eddio est\u00e1 entre as principais causas de \u00f3bito no nosso Estado, levando Sergipe a ter uma taxa de morte por esse motivo ainda maior do que a m\u00e9dia do nordeste. Essa situa\u00e7\u00e3o tem gerado grande n\u00famero de interna\u00e7\u00f5es hospitalares por auto-agress\u00e3o, envenenamento, afogamento, entre outras causas. Consideramos que a problem\u00e1tica do suic\u00eddio tem ceifado a vida de muitos sergipanos e trazido diversas conseq\u00fc\u00eancias f\u00edsicas, emocionais e sociais para a popula\u00e7\u00e3o. Ainda segundo a OMS, para cada pessoa que comete suic\u00eddio, outras seis pessoas da fam\u00edlia desenvolvem doen\u00e7as emocionais ou psicossom\u00e1ticas, al\u00e9m de ficarem emocionalmente abaladas para sempre\u201d, explicou Roriz.<\/p>\n<p style=\"text-align: justify;\"><strong>Outras a\u00e7\u00f5es<\/strong><\/p>\n<p style=\"text-align: justify;\">A coordenadora estadual ressalta ainda que al\u00e9m das palestras, a\u00e7\u00f5es conscientizadoras e educativas ser\u00e3o realizadas ao longo do m\u00eas em comunidades e reparti\u00e7\u00f5es p\u00fablicas, tendo nos meios de comunica\u00e7\u00e3o os instrumentos usados para a realiza\u00e7\u00e3o de a\u00e7\u00f5es coletivas em favor da vida. Outdoors, capacita\u00e7\u00e3o sobre o tema em telessa\u00fade e mensagens educativas ser\u00e3o realizadas, a fim de sensibilizar a popula\u00e7\u00e3o. \u201cO suic\u00eddio \u00e9 uma morte evit\u00e1vel e por isso queremos orientar os cidad\u00e3os para que sejam percebidos rapidamente os pensamentos suicidas ou sinais de depress\u00e3o. A inten\u00e7\u00e3o \u00e9 que todos possam recorrer ao aux\u00edlio profissional e que possam tamb\u00e9m oferecer acolhimento \u00e0s poss\u00edveis v\u00edtimas. Essas ter\u00e3o seus comportamentos monitorados e maiores chances de se afastar dos riscos\u201d, acrescentou.<\/p>\n<p style=\"text-align: justify;\"><a href=\"http:\/\/senoticias.com.br\/se\/wp-content\/uploads\/2017\/08\/Logo-fone-1-2-1-2-4-6-1-1-1-1.jpg\"><img loading=\"lazy\" decoding=\"async\" class=\"aligncenter size-full wp-image-106081\" src=\"http:\/\/senoticias.com.br\/se\/wp-content\/uploads\/2017\/08\/Logo-fone-1-2-1-2-4-6-1-1-1-1.jpg\" alt=\"Logo-fone-1-2-1-2-4-6-1-1-1\" width=\"599\" height=\"78\" srcset=\"https:\/\/senoticias.com.br\/se\/wp-content\/uploads\/2017\/08\/Logo-fone-1-2-1-2-4-6-1-1-1-1.jpg 599w, https:\/\/senoticias.com.br\/se\/wp-content\/uploads\/2017\/08\/Logo-fone-1-2-1-2-4-6-1-1-1-1-300x39.jpg 300w\" sizes=\"(max-width: 599px) 100vw, 599px\" \/><\/a><\/p>\n<p style=\"text-align: justify;\"><em><strong>Acompanhe tamb\u00e9m o SE Not\u00edcias no\u00a0<a href=\"https:\/\/twitter.com\/Senoticias\" target=\"_blank\">Twitter<\/a>,\u00a0<a href=\"https:\/\/www.facebook.com\/senoticias1\" target=\"_blank\">Facebook<\/a>\u00a0e no\u00a0<a href=\"https:\/\/www.instagram.com\/senoticias\/\" target=\"_blank\">Instagram<\/a><\/strong><\/em><\/p>\n<p style=\"text-align: justify;\"><em>por Ag\u00eancia Sergipe de Not\u00edcias<\/em><\/p>\n","protected":false},"excerpt":{"rendered":"<p>Sensibilizar a popula\u00e7\u00e3o sobre a defesa da vida, mobilizar formadores de opini\u00e3o, divulgar fatores e comportamentos de risco, al\u00e9m de enfatizar formas de preven\u00e7\u00e3o ao suic\u00eddio. Com esses objetivos, o Governo de Sergipe, atrav\u00e9s da Secretaria de Estado da Sa\u00fade (SES), estar\u00e1 promovendo no pr\u00f3ximo dia 21, a partir das 9h30, no audit\u00f3rio do Pal\u00e1cio [&hellip;]<\/p>\n","protected":false},"author":2,"featured_media":106308,"comment_status":"closed","ping_status":"closed","sticky":false,"template":"","format":"standard","meta":{"footnotes":""},"categories":[15,1],"tags":[3065,5280,5596,5595,5597],"class_list":{"0":"post-106307","1":"post","2":"type-post","3":"status-publish","4":"format-standard","5":"has-post-thumbnail","7":"category-destaques","8":"category-sem-categoria","9":"tag-campanha","10":"tag-prevencao","11":"tag-secretaria-de-saude","12":"tag-setembro-amarelo","13":"tag-suicidio"},"_links":{"self":[{"href":"https:\/\/senoticias.com.br\/se\/wp-json\/wp\/v2\/posts\/106307"}],"collection":[{"href":"https:\/\/senoticias.com.br\/se\/wp-json\/wp\/v2\/posts"}],"about":[{"href":"https:\/\/senoticias.com.br\/se\/wp-json\/wp\/v2\/types\/post"}],"author":[{"embeddable":true,"href":"https:\/\/senoticias.com.br\/se\/wp-json\/wp\/v2\/users\/2"}],"replies":[{"embeddable":true,"href":"https:\/\/senoticias.com.br\/se\/wp-json\/wp\/v2\/comments?post=106307"}],"version-history":[{"count":0,"href":"https:\/\/senoticias.com.br\/se\/wp-json\/wp\/v2\/posts\/106307\/revisions"}],"wp:featuredmedia":[{"embeddable":true,"href":"https:\/\/senoticias.com.br\/se\/wp-json\/wp\/v2\/media\/106308"}],"wp:attachment":[{"href":"https:\/\/senoticias.com.br\/se\/wp-json\/wp\/v2\/media?parent=106307"}],"wp:term":[{"taxonomy":"category","embeddable":true,"href":"https:\/\/senoticias.com.br\/se\/wp-json\/wp\/v2\/categories?post=106307"},{"taxonomy":"post_tag","embeddable":true,"href":"https:\/\/senoticias.com.br\/se\/wp-json\/wp\/v2\/tags?post=106307"}],"curies":[{"name":"wp","href":"https:\/\/api.w.org\/{rel}","templated":true}]}}