{"id":106268,"date":"2017-08-30T21:18:04","date_gmt":"2017-08-31T00:18:04","guid":{"rendered":"http:\/\/senoticias.com.br\/se\/?p=106268"},"modified":"2017-08-30T21:24:31","modified_gmt":"2017-08-31T00:24:31","slug":"tribunal-de-justica-sergipe-afasta-juiz-e-abre-processo-administrativo-disciplinar","status":"publish","type":"post","link":"https:\/\/senoticias.com.br\/se\/tribunal-de-justica-sergipe-afasta-juiz-e-abre-processo-administrativo-disciplinar\/","title":{"rendered":"Tribunal de Justi\u00e7a Sergipe afasta  juiz e abre processo administrativo disciplinar"},"content":{"rendered":"<div class=\"mc-column content-text active-extra-styles active-capital-letter\" data-block-type=\"unstyled\" data-block-weight=\"45\">\n<p class=\"content-text__container theme-color-primary-first-letter\" style=\"text-align: justify;\" data-track-category=\"Link no Texto\" data-track-links=\"\">Na sess\u00e3o plen\u00e1ria desta quarta-feira (30), o Tribunal de Justi\u00e7a de Sergipe abriu o processo o Administrativo Disciplinar contra o Juiz de Direito Jos\u00e9 Anselmo de Oliveira. A decis\u00e3o foi un\u00e2nime, nos termos do voto apresentado pela Corregedora-Geral da Justi\u00e7a, a desembargadora Iolanda Santos Guimar\u00e3es.<\/p>\n<div id=\"attachment_85434\" style=\"width: 410px\" class=\"wp-caption aligncenter\"><a href=\"http:\/\/senoticias.com.br\/se\/wp-content\/uploads\/2015\/10\/2-grau.jpg\"><img loading=\"lazy\" decoding=\"async\" aria-describedby=\"caption-attachment-85434\" class=\"size-full wp-image-85434\" src=\"http:\/\/senoticias.com.br\/se\/wp-content\/uploads\/2015\/10\/2-grau.jpg\" alt=\"Decis\u00e3o un\u00e2nime do pleno saiu na manh\u00e3 desta quarta-feira (30).ajuizada perante o TJ\" width=\"400\" height=\"268\" srcset=\"https:\/\/senoticias.com.br\/se\/wp-content\/uploads\/2015\/10\/2-grau.jpg 400w, https:\/\/senoticias.com.br\/se\/wp-content\/uploads\/2015\/10\/2-grau-300x201.jpg 300w, https:\/\/senoticias.com.br\/se\/wp-content\/uploads\/2015\/10\/2-grau-342x229.jpg 342w\" sizes=\"(max-width: 400px) 100vw, 400px\" \/><\/a><p id=\"caption-attachment-85434\" class=\"wp-caption-text\">Decis\u00e3o un\u00e2nime do pleno saiu na manh\u00e3 desta quarta-feira (30).<\/p><\/div>\n<\/div>\n<div class=\"mc-column content-text active-extra-styles \" style=\"text-align: justify;\" data-block-type=\"unstyled\" data-block-weight=\"18\">\n<p class=\"content-text__container \" data-track-category=\"Link no Texto\" data-track-links=\"\">O pleno tamb\u00e9m decidiu pelo afastamento das fun\u00e7\u00f5es do magistrado, enquanto o processo corre em segredo de Justi\u00e7a.<\/p>\n<\/div>\n<div class=\"mc-column content-text active-extra-styles \" data-block-type=\"unstyled\" data-block-weight=\"41\">\n<p class=\"content-text__container \" style=\"text-align: justify;\" data-track-category=\"Link no Texto\" data-track-links=\"\">A Associa\u00e7\u00e3o dos Magistrados de Sergipe (AMASE) informou que est\u00e1 prestando todo apoio ao colega e adotar\u00e1 as medidas necess\u00e1rias \u00e0 garantia do direito de defesa.<\/p>\n<p style=\"text-align: justify;\">O magistrado diz que n\u00e3o teve condi\u00e7\u00e3o de cumprir prazos por causa do excesso de processos registrados em sua Vara.<\/p>\n<p>O juiz vai recorrer da decis\u00e3o junto ao CNJ.<\/p>\n<p><a href=\"http:\/\/senoticias.com.br\/se\/wp-content\/uploads\/2017\/08\/Logo-fone-1-2-1-2-4-6-1-1-1-1.jpg\"><img loading=\"lazy\" decoding=\"async\" class=\"aligncenter size-full wp-image-106081\" src=\"http:\/\/senoticias.com.br\/se\/wp-content\/uploads\/2017\/08\/Logo-fone-1-2-1-2-4-6-1-1-1-1.jpg\" alt=\"Logo-fone-1-2-1-2-4-6-1-1-1\" width=\"599\" height=\"78\" srcset=\"https:\/\/senoticias.com.br\/se\/wp-content\/uploads\/2017\/08\/Logo-fone-1-2-1-2-4-6-1-1-1-1.jpg 599w, https:\/\/senoticias.com.br\/se\/wp-content\/uploads\/2017\/08\/Logo-fone-1-2-1-2-4-6-1-1-1-1-300x39.jpg 300w\" sizes=\"(max-width: 599px) 100vw, 599px\" \/><\/a><\/p>\n<p><em><strong>Acompanhe tamb\u00e9m o SE Not\u00edcias no\u00a0<a href=\"https:\/\/twitter.com\/Senoticias\" target=\"_blank\">Twitter<\/a>,\u00a0<a href=\"https:\/\/www.facebook.com\/senoticias1\" target=\"_blank\">Facebook<\/a>\u00a0e no\u00a0<a href=\"https:\/\/www.instagram.com\/senoticias\/\" target=\"_blank\">Instagram<\/a><\/strong><\/em><\/p>\n<p><em>Com informa\u00e7\u00f5es do <strong>G1<\/strong> SE<\/em><\/p>\n<\/div>\n","protected":false},"excerpt":{"rendered":"<p>Na sess\u00e3o plen\u00e1ria desta quarta-feira (30), o Tribunal de Justi\u00e7a de Sergipe abriu o processo o Administrativo Disciplinar contra o Juiz de Direito Jos\u00e9 Anselmo de Oliveira. A decis\u00e3o foi un\u00e2nime, nos termos do voto apresentado pela Corregedora-Geral da Justi\u00e7a, a desembargadora Iolanda Santos Guimar\u00e3es. O pleno tamb\u00e9m decidiu pelo afastamento das fun\u00e7\u00f5es do magistrado, [&hellip;]<\/p>\n","protected":false},"author":2,"featured_media":85434,"comment_status":"closed","ping_status":"closed","sticky":false,"template":"","format":"standard","meta":{"footnotes":""},"categories":[15],"tags":[5575,1500,5576,5433,5574],"class_list":{"0":"post-106268","1":"post","2":"type-post","3":"status-publish","4":"format-standard","5":"has-post-thumbnail","7":"category-destaques","8":"tag-administrativo-disciplinar","9":"tag-juiz","10":"tag-juiz-afastado","11":"tag-processo","12":"tag-tribunal-de-justica-sergipe"},"_links":{"self":[{"href":"https:\/\/senoticias.com.br\/se\/wp-json\/wp\/v2\/posts\/106268"}],"collection":[{"href":"https:\/\/senoticias.com.br\/se\/wp-json\/wp\/v2\/posts"}],"about":[{"href":"https:\/\/senoticias.com.br\/se\/wp-json\/wp\/v2\/types\/post"}],"author":[{"embeddable":true,"href":"https:\/\/senoticias.com.br\/se\/wp-json\/wp\/v2\/users\/2"}],"replies":[{"embeddable":true,"href":"https:\/\/senoticias.com.br\/se\/wp-json\/wp\/v2\/comments?post=106268"}],"version-history":[{"count":0,"href":"https:\/\/senoticias.com.br\/se\/wp-json\/wp\/v2\/posts\/106268\/revisions"}],"wp:featuredmedia":[{"embeddable":true,"href":"https:\/\/senoticias.com.br\/se\/wp-json\/wp\/v2\/media\/85434"}],"wp:attachment":[{"href":"https:\/\/senoticias.com.br\/se\/wp-json\/wp\/v2\/media?parent=106268"}],"wp:term":[{"taxonomy":"category","embeddable":true,"href":"https:\/\/senoticias.com.br\/se\/wp-json\/wp\/v2\/categories?post=106268"},{"taxonomy":"post_tag","embeddable":true,"href":"https:\/\/senoticias.com.br\/se\/wp-json\/wp\/v2\/tags?post=106268"}],"curies":[{"name":"wp","href":"https:\/\/api.w.org\/{rel}","templated":true}]}}