{"id":106249,"date":"2017-08-30T15:30:17","date_gmt":"2017-08-30T18:30:17","guid":{"rendered":"http:\/\/senoticias.com.br\/se\/?p=106249"},"modified":"2017-08-30T15:30:17","modified_gmt":"2017-08-30T18:30:17","slug":"81a-corrida-do-fogo-simbolico-abrira-oficialmente-a-semana-da-patria-nesta-sexta","status":"publish","type":"post","link":"https:\/\/senoticias.com.br\/se\/81a-corrida-do-fogo-simbolico-abrira-oficialmente-a-semana-da-patria-nesta-sexta\/","title":{"rendered":"81\u00aa Corrida do Fogo Simb\u00f3lico abrir\u00e1 oficialmente a Semana da P\u00e1tria nesta sexta"},"content":{"rendered":"<p style=\"text-align: justify;\">O Governo de Sergipe abrir\u00e1 oficialmente a Semana da P\u00e1tria 2017 neste dia 1\u00ba de setembro, sexta-feira, com a Corrida do Fogo Simb\u00f3lico, que neste ano completa 81 anos de tradi\u00e7\u00e3o. A solenidade de condu\u00e7\u00e3o do fogo acontecer\u00e1 na pra\u00e7a Fausto Cardoso, no Centro de Aracaju, \u00e0s 9h, quando tamb\u00e9m ser\u00e1 hasteada e ariada as bandeiras de Sergipe e do Brasil.<\/p>\n<p style=\"text-align: justify;\">Alunos da rede p\u00fablica estadual e autoridades civis e militares se reversar\u00e3o na condu\u00e7\u00e3o dos simbolismos p\u00e1trios representados pelo fogo at\u00e9 ser entregue ao secret\u00e1rio de Educa\u00e7\u00e3o Jorge Carvalho.<\/p>\n<div id=\"attachment_106250\" style=\"width: 609px\" class=\"wp-caption aligncenter\"><a href=\"http:\/\/senoticias.com.br\/se\/wp-content\/uploads\/2017\/08\/desfile-SENOTICIAS-2-e1504117705333.jpg\"><img loading=\"lazy\" decoding=\"async\" aria-describedby=\"caption-attachment-106250\" class=\"size-full wp-image-106250\" src=\"http:\/\/senoticias.com.br\/se\/wp-content\/uploads\/2017\/08\/desfile-SENOTICIAS-2-e1504117705333.jpg\" alt=\"1\u00aa Corrida do Fogo Simb\u00f3lico abrir\u00e1 oficialmente a Semana da P\u00e1tria nesta sexta \/ Fostos: Ascom\/Seed\" width=\"599\" height=\"399\" \/><\/a><p id=\"caption-attachment-106250\" class=\"wp-caption-text\">1\u00aa Corrida do Fogo Simb\u00f3lico abrir\u00e1 oficialmente a Semana da P\u00e1tria nesta sexta \/ Fostos: Ascom\/Seed<\/p><\/div>\n<p style=\"text-align: justify;\"><strong>7 de setembro<\/strong><\/p>\n<p style=\"text-align: justify;\">Durante todo o m\u00eas de agosto, a Secretaria de Estado da Educa\u00e7\u00e3o se reuniu com representantes das For\u00e7as Armadas, entidades civis organizadas, escolas particulares e p\u00fablicas para garantir a celebra\u00e7\u00e3o \u00e0 P\u00e1tria de 1\u00ba de setembro ao 7 de setembro.<\/p>\n<p style=\"text-align: justify;\">&#8220;Obedecendo ao que rege a lei federal n\u00ba 5.700, de 1\u00ba de setembro de 1971, e a Portaria n\u00ba 3565\/2016, a partir do primeiro dia de setembro at\u00e9 o 7 de Setembro, todas as escolas da rede estadual de ensino tamb\u00e9m dever\u00e3o hastear e arriar as bandeiras de Sergipe e do Brasil&#8221;, informa Almir Garcez, chefe do Cerimonial da Seed.<\/p>\n<p style=\"text-align: justify;\">A ordem geral do desfile c\u00edvico e militar em alus\u00e3o a P\u00e1tria no dia 7 de setembro iniciar\u00e1 \u00e0s 7h com hasteamento da bandeira nacional e, logo ap\u00f3s, iniciar\u00e1 o desfile com o destacamento da Parada do Estado Maior For\u00e7a Expedicion\u00e1ria Brasileira\/Sergipe &#8211; FEB, seguindo pelos seguintes destacamentos e batalh\u00f5es:<\/p>\n<p style=\"text-align: justify;\"><strong>A p\u00e9<\/strong><\/p>\n<p style=\"text-align: justify;\">Destacamento da Marinha do Brasil \/ Capitania dos Portos;<br \/>\n28\u00ba Batalh\u00e3o de Ca\u00e7adores &#8211; Batalh\u00e3o Campo Grande;<br \/>\n19\u00aa Circunscri\u00e7\u00e3o do Servi\u00e7o Militar;<br \/>\nDestacamento de Controle do Espa\u00e7o A\u00e9reo de Aracaju &#8211; FAB;<br \/>\nPol\u00edcia Militar do Estado de Sergipe;<br \/>\nCorpo de Bombeiros de Sergipe;<br \/>\nGuarda Municipal de Aracaju.<\/p>\n<p style=\"text-align: justify;\"><strong>Motorizado<\/strong><\/p>\n<p style=\"text-align: justify;\">Pol\u00edcia Rodovi\u00e1ria Federal;<br \/>\nPol\u00edcia Militar de Sergipe;<br \/>\nCorpo de Bombeiros Militar do Estado de Sergipe;<br \/>\nGuarda Municipal de Aracaju;<br \/>\nPol\u00edcia Civil do Estado de Sergipe.<\/p>\n<p style=\"text-align: justify;\">Hipom\u00f3vel<\/p>\n<p style=\"text-align: justify;\">Destacamento Hipom\u00f3vel da Pol\u00edcia Militar de Sergipe;<br \/>\nAssocia\u00e7\u00e3o Sergipana de Equoterapia.<\/p>\n<p style=\"text-align: justify;\">O tema do desfile das escolas estaduais trar\u00e1 para a avenida &#8220;Educa\u00e7\u00e3o: Nosso Tempo \u00e9 Integral&#8221; e iniciar\u00e1 logo ap\u00f3s o desfile militar. A abertura iniciar\u00e1 com o Instituto de Educa\u00e7\u00e3o Rui Barbosa e carros tem\u00e1ticos, estendendo-se com a apresenta\u00e7\u00e3o na avenida da tradicional Ses Banda e representa\u00e7\u00e3o de alunos da Diretoria de Educa\u00e7\u00e3o de Aracaju (DEA). Logo ap\u00f3s o primeiro ato, seguir\u00e1 o desfile c\u00edvico-educacional com as seguintes escolas:<\/p>\n<p style=\"text-align: justify;\">COL\u00c9GIO ESTADUAL ATHENEU SERGIPENSE<br \/>\nCOL\u00c9GIO ESTADUAL PROF. PAULO FREIRE<br \/>\nCOL\u00c9GIO ESTADUAL PROF. JO\u00c3O COSTA<br \/>\nCOL\u00c9GIO BAR\u00c3O DE MAU\u00c1<br \/>\nCOL\u00c9GIO ESTADUAL IVO DO PRADO<br \/>\nCOL\u00c9GIO ESTADUAL JOS\u00c9 ROLLEMBERG LEITE<br \/>\nCENTRO DE EXCEL\u00caNCIA PROF. MARIA IVANDA DE CARVALHO DO NASCIMENTO.<br \/>\nCOL\u00c9GIO ESTADUAL MINISTRO PETR\u00d4NIO PORTELA<br \/>\nCOL\u00c9GIO ESTADUAL NELSON MANDELA<br \/>\nCENTRO DE EXCEL\u00caNCIA PROF. MARIA DAS GRA\u00c7AS AZEVEDO MELO<br \/>\nCOL\u00c9GIO ESTADUAL OLAVO BILAC<br \/>\nCOL\u00c9GIO EST. 24 DE OUTUBRO<br \/>\nESCOLA ESTADUAL. DR MANUEL LUIZ<br \/>\nESCOLA ESTADUAL MONS. CARLOS CAM\u00c9LIO COSTA<br \/>\nESCOLA ESTADUAL. PROF. VALNIR CHARGAS<br \/>\nCOL\u00c9GIO ESTADUAL SECRET\u00c1RIO FRANCISCO ROSA DOS SANTOS<br \/>\nESCOLA ESTADUAL 8 DE JULHO<\/p>\n<p style=\"text-align: justify;\"><strong>Representando o coletivo de escolas estaduais da Diretoria Regional de Educa\u00e7\u00e3o 8<\/strong><\/p>\n<p style=\"text-align: justify;\">ESCOLA ESTADUAL NEIDE MESQUITA<br \/>\nCOL\u00c9GIO ESTADUAL GILBERTO FREYRE<br \/>\nCOL\u00c9GIO ESTADUAL LE\u00c3O MAGNO BRASIL<\/p>\n<p style=\"text-align: justify;\"><strong>Representando as escolas particulares<\/strong><\/p>\n<p style=\"text-align: justify;\">CENTRO EDUCACIONAL SONHO MEU<br \/>\nCOL\u00c9GIO PIO D\u00c9CIMO<br \/>\nCOL\u00c9GIO BRASIL<\/p>\n<p style=\"text-align: justify;\"><strong>Fechando o desfile c\u00edvico o pelot\u00e3o comunit\u00e1rio<\/strong><\/p>\n<p style=\"text-align: justify;\">CONSELHO ESTADUAL DA PESSOA COM DEFICI\u00caNCIA &#8211; CEDPEDE E ONG\u00b4S<br \/>\nGRUPO CULTURAL PENEIROU XEREN<br \/>\nLBV (LEGI\u00c3O DA BOA VONTADE)<br \/>\nGRANDE LOJA MA\u00c7\u00d5NICA DO ESTADO DE SERGIPE<br \/>\nCULTURA RACIONAL UNIVERSO EM DESENCANTO<br \/>\nFEDERA\u00c7\u00c3O BANDEIRANTES DO BRASIL<br \/>\nUNI\u00c3O DOS ESCOLTEIROS DO BRASIL<br \/>\nREGI\u00c3O ESCOLTEIRA DE SERGIPE<br \/>\nCLUBE DESBRAVADORES E AVENTUREIROS<br \/>\nGRUPO DOS ESCOLTEIRO SERGIPE DEL REY<br \/>\nSOCIEDADE BIBLICA DO BRASIL<br \/>\nBANDA MUSICAL SAGRADA FAMILIA<br \/>\nNEW CENTER CURSO BOMBEIRO CIVIL<br \/>\nBANDA MUSICAL PADRE MARCELO CONCEI\u00c7\u00c3O<\/p>\n","protected":false},"excerpt":{"rendered":"<p>O Governo de Sergipe abrir\u00e1 oficialmente a Semana da P\u00e1tria 2017 neste dia 1\u00ba de setembro, sexta-feira, com a Corrida do Fogo Simb\u00f3lico, que neste ano completa 81 anos de tradi\u00e7\u00e3o. A solenidade de condu\u00e7\u00e3o do fogo acontecer\u00e1 na pra\u00e7a Fausto Cardoso, no Centro de Aracaju, \u00e0s 9h, quando tamb\u00e9m ser\u00e1 hasteada e ariada as [&hellip;]<\/p>\n","protected":false},"author":2,"featured_media":0,"comment_status":"closed","ping_status":"closed","sticky":false,"template":"","format":"standard","meta":{"footnotes":""},"categories":[38],"tags":[5437,1306,5565],"class_list":{"0":"post-106249","1":"post","2":"type-post","3":"status-publish","4":"format-standard","6":"category-municipios","7":"tag-7desetembro","8":"tag-educacao","9":"tag-setembro"},"_links":{"self":[{"href":"https:\/\/senoticias.com.br\/se\/wp-json\/wp\/v2\/posts\/106249"}],"collection":[{"href":"https:\/\/senoticias.com.br\/se\/wp-json\/wp\/v2\/posts"}],"about":[{"href":"https:\/\/senoticias.com.br\/se\/wp-json\/wp\/v2\/types\/post"}],"author":[{"embeddable":true,"href":"https:\/\/senoticias.com.br\/se\/wp-json\/wp\/v2\/users\/2"}],"replies":[{"embeddable":true,"href":"https:\/\/senoticias.com.br\/se\/wp-json\/wp\/v2\/comments?post=106249"}],"version-history":[{"count":0,"href":"https:\/\/senoticias.com.br\/se\/wp-json\/wp\/v2\/posts\/106249\/revisions"}],"wp:attachment":[{"href":"https:\/\/senoticias.com.br\/se\/wp-json\/wp\/v2\/media?parent=106249"}],"wp:term":[{"taxonomy":"category","embeddable":true,"href":"https:\/\/senoticias.com.br\/se\/wp-json\/wp\/v2\/categories?post=106249"},{"taxonomy":"post_tag","embeddable":true,"href":"https:\/\/senoticias.com.br\/se\/wp-json\/wp\/v2\/tags?post=106249"}],"curies":[{"name":"wp","href":"https:\/\/api.w.org\/{rel}","templated":true}]}}