{"id":106246,"date":"2017-08-30T15:21:14","date_gmt":"2017-08-30T18:21:14","guid":{"rendered":"http:\/\/senoticias.com.br\/se\/?p=106246"},"modified":"2017-08-30T15:21:14","modified_gmt":"2017-08-30T18:21:14","slug":"agentes-de-saude-de-rosario-do-catete-passam-a-ser-estatutarios","status":"publish","type":"post","link":"https:\/\/senoticias.com.br\/se\/agentes-de-saude-de-rosario-do-catete-passam-a-ser-estatutarios\/","title":{"rendered":"Agentes de sa\u00fade de Ros\u00e1rio do Catete passam a ser estatut\u00e1rios"},"content":{"rendered":"<p style=\"text-align: justify;\">Agentes comunit\u00e1rios de sa\u00fade e agentes de endemias t\u00eam algo mais a comemorar em Ros\u00e1rio do Catete. As duas categorias tiveram um antigo sonho concretizado pela atual administra\u00e7\u00e3o: se tornarem estatut\u00e1rios e garantir a estabilidade do emprego p\u00fablico.<\/p>\n<div id=\"attachment_106248\" style=\"width: 609px\" class=\"wp-caption aligncenter\"><a href=\"http:\/\/senoticias.com.br\/se\/wp-content\/uploads\/2017\/08\/foto-agentes-de-sa\u00fade-3-e1504116729478.jpg\"><img loading=\"lazy\" decoding=\"async\" aria-describedby=\"caption-attachment-106248\" class=\"size-full wp-image-106248\" src=\"http:\/\/senoticias.com.br\/se\/wp-content\/uploads\/2017\/08\/foto-agentes-de-sa\u00fade-3-e1504116729478.jpg\" alt=\"Agentes de sa\u00fade passam a ser estatut\u00e1rios\" width=\"599\" height=\"399\" \/><\/a><p id=\"caption-attachment-106248\" class=\"wp-caption-text\">Prefeito exibe decreto que torna agentes de sa\u00fade estatut\u00e1rios (foto: ascom\/Ros\u00e1rio)<\/p><\/div>\n<p style=\"text-align: justify;\">\nA iniciativa do prefeito atende a uma antiga reivindica\u00e7\u00e3o dos agentes comunit\u00e1rios de sa\u00fade e dos agentes de endemias. H\u00e1 anos eles lutavam pela migra\u00e7\u00e3o do regime, a fim de terem mais garantias e estabilidade profissional.<\/p>\n<p style=\"text-align: justify;\">\n\u201cTemos a grata satisfa\u00e7\u00e3o de hoje marcar a vida e hist\u00f3ria destes colaboradores do servi\u00e7o p\u00fablico que s\u00e3o de suma import\u00e2ncia para o nosso povo. A partir de hoje a estabilidade est\u00e1 garantida por lei e dar\u00e1 um novo f\u00f4lego a categoria. Assumimos e cumprimos o compromisso com esses servidores, que atendem uma \u00e1rea t\u00e3o importante, que \u00e9 a sa\u00fade p\u00fablica\u201d, afirma o prefeito Vino Barreto.<\/p>\n<p style=\"text-align: justify;\">\nAgente de sa\u00fade h\u00e1 13 anos, Gildete Santos reconhece o compromisso do prefeito com os profissionais da sa\u00fade. Emocionada, ela descreve com poucas palavras o significado da mudan\u00e7a para as duas categorias.<\/p>\n<p style=\"text-align: justify;\">\n\u201c\u00c9 muito marcante e significativo&#8230;\u00c9 uma conquista dif\u00edcil de descrever. Este \u00e9 o resultado do reconhecimento da import\u00e2ncia do nosso trabalho e a garantia da manuten\u00e7\u00e3o de nossas fam\u00edlias. Entendemos o dia de hoje como uma resposta do Governo Municipal, reconhecendo a import\u00e2ncia do nosso trabalho para o munic\u00edpio\u201d, diz a agente emocionada pela conquista.<\/p>\n<p style=\"text-align: justify;\">\nOs agentes de sa\u00fade tamb\u00e9m reconheceram o apoio da primeira-dama ao pleito da categoria. Dona Nena foi a interlocutora dos agentes com o prefeito e a Procuradoria Jur\u00eddica, na busca por uma medida legal que viabilizasse a mudan\u00e7a de regimento.<\/p>\n<p style=\"text-align: justify;\">\n\u201cQuando fiz o concurso h\u00e1 11 anos atr\u00e1s, comecei a trabalhar e logo me identifiquei, mas o anseio de ser estatut\u00e1rio sempre existiu. Tentamos em outras gest\u00f5es, mas nunca obtivemos \u00eaxito. Logo que o prefeito Vino Barreto assumiu, tivemos a ideia de procurar a primeira-dama que junto com a assessoria jur\u00eddica encaminhou a ideia ao prefeito que elaborou o projeto, encaminhou a C\u00e2mara Municipal e hoje realiza o sonho de todos n\u00f3s, assinando esta lei\u201d, comemora Jandira Leite.<\/p>\n<p style=\"text-align: justify;\">\nO evento contou com a presen\u00e7a de diversos secret\u00e1rios municipais que prestigiaram o evento e destacaram a import\u00e2ncia da medida adotada pela gest\u00e3o municipal, como forma de autoestima dos servidores e melhoria no desempenho dos servi\u00e7os p\u00fablicos.<\/p>\n<p style=\"text-align: justify;\">\n\u201cA autoestima vai repercutir diretamente na melhoria do desempenho das atividades dos agentes de sa\u00fade e n\u00f3s, como gestores, ficamos felizes por fazer parte desta conquista&#8221;, afirma Jos\u00e9 de Souza, secret\u00e1rio municipal de Sa\u00fade.<\/p>\n<p style=\"text-align: justify;\">\nA medida contempla diretamente 27 agentes comunit\u00e1rios de sa\u00fade e 12 agentes de endemias, totalizando 39 servidores.<\/p>\n<p style=\"text-align: justify;\">\nAinda como parte das a\u00e7\u00f5es de sa\u00fade no munic\u00edpio, o prefeito Vino Barreto entrega nos pr\u00f3ximos dias aos moradores do Povoado Siririzinho uma ambul\u00e2ncia 0 km, que ficar\u00e1 \u00e0 disposi\u00e7\u00e3o da popula\u00e7\u00e3o. O carro totalmente equipado vai ficar 24 horas a disposi\u00e7\u00e3o da comunidade.<\/p>\n<p style=\"text-align: justify;\">\n<strong>Repercuss\u00e3o<\/strong><\/p>\n<p style=\"text-align: justify;\">\nAl\u00e9m da repercuss\u00e3o local, o ato do prefeito tamb\u00e9m repercutiu positivamente entre agentes comunit\u00e1rios de sa\u00fade e agentes de endemias de outros estados da federa\u00e7\u00e3o. Em Minas Gerais e no Rio de Janeiro os agentes usaram as redes sociais para comentar a decis\u00e3o do prefeito Vino Barreto e conclamar os demais prefeitos a seguirem o exemplo do prefeito rosarense.<\/p>\n<p style=\"text-align: justify;\">\n\u201cParab\u00e9ns, prefeito! Isso mesmo, valores t\u00eam que ser reconhecidos\u201d, postou a mineira Ireni Gessi no Facebook. J\u00e1 a carioca Livian Merlino, lamentou que no Rio de Janeiro os agentes de sa\u00fade est\u00e3o na mesma luta h\u00e1 anos sem nenhum avan\u00e7o. Ela tamb\u00e9m reconheceu o compromisso do prefeito com os servidores municipais. \u201cParab\u00e9ns, prefeito! N\u00f3s, agentes do Rio, estamos nessa luta. Eu fico muito feliz por saber que nossos colegas venceram essa batalha. E quem ganha \u00e9 a popula\u00e7\u00e3o com um servi\u00e7o que vai trazer qualidade\u201d. A internauta Jandira Leite conclui as postagens usando um slogan do prefeito: \u201c\u00c9 muita felicidade. \u00c9 pra frente que se anda. Um beijo no cora\u00e7\u00e3o\u201d.<\/p>\n<p style=\"text-align: justify;\">\nRos\u00e1rio do Catete \u00e9 um dos poucos munic\u00edpios de Sergipe e do Brasil a reconhecerem os agentes comunit\u00e1rios de sa\u00fade e de endemias como estatut\u00e1rios. A medida al\u00e9m de valorizar esses profissionais da sa\u00fade tamb\u00e9m fortalece a luta da popula\u00e7\u00e3o no combate ao mosquito transmissor da Dengue, que tem os agentes de sa\u00fade como seus principais combatentes.<\/p>\n<p style=\"text-align: justify;\"><a href=\"http:\/\/senoticias.com.br\/se\/wp-content\/uploads\/2017\/08\/Logo-fone-1-2-1-2-4-6-1-1-1-1.jpg\"><img loading=\"lazy\" decoding=\"async\" class=\"aligncenter size-full wp-image-106081\" src=\"http:\/\/senoticias.com.br\/se\/wp-content\/uploads\/2017\/08\/Logo-fone-1-2-1-2-4-6-1-1-1-1.jpg\" alt=\"Logo-fone-1-2-1-2-4-6-1-1-1\" width=\"599\" height=\"78\" srcset=\"https:\/\/senoticias.com.br\/se\/wp-content\/uploads\/2017\/08\/Logo-fone-1-2-1-2-4-6-1-1-1-1.jpg 599w, https:\/\/senoticias.com.br\/se\/wp-content\/uploads\/2017\/08\/Logo-fone-1-2-1-2-4-6-1-1-1-1-300x39.jpg 300w\" sizes=\"(max-width: 599px) 100vw, 599px\" \/><\/a><\/p>\n<p style=\"text-align: justify;\"><em><strong>Acompanhe tamb\u00e9m o SE Not\u00edcias no\u00a0<a href=\"https:\/\/twitter.com\/Senoticias\" target=\"_blank\">Twitter<\/a>,\u00a0<a href=\"https:\/\/www.facebook.com\/senoticias1\" target=\"_blank\">Facebook<\/a>\u00a0e no\u00a0<a href=\"https:\/\/www.instagram.com\/senoticias\/\" target=\"_blank\">Instagram<\/a><\/strong><\/em><\/p>\n<p style=\"text-align: justify;\"><em>Da Secom\/Ros\u00e1rio do Catete<\/em><\/p>\n","protected":false},"excerpt":{"rendered":"<p>Agentes comunit\u00e1rios de sa\u00fade e agentes de endemias t\u00eam algo mais a comemorar em Ros\u00e1rio do Catete. As duas categorias tiveram um antigo sonho concretizado pela atual administra\u00e7\u00e3o: se tornarem estatut\u00e1rios e garantir a estabilidade do emprego p\u00fablico. A iniciativa do prefeito atende a uma antiga reivindica\u00e7\u00e3o dos agentes comunit\u00e1rios de sa\u00fade e dos agentes [&hellip;]<\/p>\n","protected":false},"author":2,"featured_media":106248,"comment_status":"closed","ping_status":"closed","sticky":false,"template":"","format":"standard","meta":{"footnotes":""},"categories":[6],"tags":[418,5564,1778,2245,1779],"class_list":{"0":"post-106246","1":"post","2":"type-post","3":"status-publish","4":"format-standard","5":"has-post-thumbnail","7":"category-politica","8":"tag-agentes-de-saude","9":"tag-estatutarios","10":"tag-etelvino-barreto","11":"tag-prefeito-de-rosario-do-catete","12":"tag-vino-barreto"},"_links":{"self":[{"href":"https:\/\/senoticias.com.br\/se\/wp-json\/wp\/v2\/posts\/106246"}],"collection":[{"href":"https:\/\/senoticias.com.br\/se\/wp-json\/wp\/v2\/posts"}],"about":[{"href":"https:\/\/senoticias.com.br\/se\/wp-json\/wp\/v2\/types\/post"}],"author":[{"embeddable":true,"href":"https:\/\/senoticias.com.br\/se\/wp-json\/wp\/v2\/users\/2"}],"replies":[{"embeddable":true,"href":"https:\/\/senoticias.com.br\/se\/wp-json\/wp\/v2\/comments?post=106246"}],"version-history":[{"count":0,"href":"https:\/\/senoticias.com.br\/se\/wp-json\/wp\/v2\/posts\/106246\/revisions"}],"wp:featuredmedia":[{"embeddable":true,"href":"https:\/\/senoticias.com.br\/se\/wp-json\/wp\/v2\/media\/106248"}],"wp:attachment":[{"href":"https:\/\/senoticias.com.br\/se\/wp-json\/wp\/v2\/media?parent=106246"}],"wp:term":[{"taxonomy":"category","embeddable":true,"href":"https:\/\/senoticias.com.br\/se\/wp-json\/wp\/v2\/categories?post=106246"},{"taxonomy":"post_tag","embeddable":true,"href":"https:\/\/senoticias.com.br\/se\/wp-json\/wp\/v2\/tags?post=106246"}],"curies":[{"name":"wp","href":"https:\/\/api.w.org\/{rel}","templated":true}]}}