{"id":106225,"date":"2017-08-29T15:43:27","date_gmt":"2017-08-29T18:43:27","guid":{"rendered":"http:\/\/senoticias.com.br\/se\/?p=106225"},"modified":"2017-08-29T15:43:27","modified_gmt":"2017-08-29T18:43:27","slug":"galeria-j-inacio-recebe-exposicao-de-antonio-da-cruz","status":"publish","type":"post","link":"https:\/\/senoticias.com.br\/se\/galeria-j-inacio-recebe-exposicao-de-antonio-da-cruz\/","title":{"rendered":"Galeria J. In\u00e1cio recebe exposi\u00e7\u00e3o de Ant\u00f4nio da Cruz"},"content":{"rendered":"<div id=\"attachment_106226\" style=\"width: 234px\" class=\"wp-caption alignleft\"><a href=\"http:\/\/senoticias.com.br\/se\/wp-content\/uploads\/2017\/08\/exposicao-e1504032170290.jpg\"><img loading=\"lazy\" decoding=\"async\" aria-describedby=\"caption-attachment-106226\" class=\"size-full wp-image-106226\" src=\"http:\/\/senoticias.com.br\/se\/wp-content\/uploads\/2017\/08\/exposicao-e1504032170290.jpg\" alt=\"Foto: Secult\" width=\"224\" height=\"399\" \/><\/a><p id=\"caption-attachment-106226\" class=\"wp-caption-text\">Foto: Secult<\/p><\/div>\n<p style=\"text-align: justify;\">\u201cMatrizes, Geratrizes e Derivadas\u201d, intitula a nova exposi\u00e7\u00e3o da Galeria J. In\u00e1cio que ser\u00e1 lan\u00e7ada na pr\u00f3xima quarta-feira, 06 de setembro, \u00e0s 19h. Composta imagens gravadas no a\u00e7o inoxid\u00e1vel do artista visual, Ant\u00f4nio da Cruz, a mostra retoma os projetos selecionados pelo edital de Ocupa\u00e7\u00e3o da Galeria referentes a 2017, promovido pela Secretaria de Estado da Cultura (Secult).<\/p>\n<p style=\"text-align: justify;\">A exposi\u00e7\u00e3o \u00e9 inspirada em pr\u00e9dios constru\u00eddos entre 1920 e 1940, em Aracaju, projetados no estilo Arte Dec\u00f3, de linhas retas, formas enxutas, aspecto arrojado. \u201cH\u00e1 cinco anos iniciei uma s\u00e9rie obras cujo nome \u00e9 \u201cMundos\u201d, na qual, passei a fazer releituras de pr\u00e9dios, criar ambientes urban\u00edsticos, como cidadelas e diversos universos imagin\u00e1rios. Com a mesma \u00eanfase, me debrucei sobre o passado de Aracaju, n\u00e3o por saudosismo, mas com curiosidade est\u00e9tica que lhe \u00e9 peculiar\u201d, explica Cruz.<\/p>\n<p style=\"text-align: justify;\">Denomina pelo artista como \u201cGrava\u00e7\u00e3o por RPM\u201d, a t\u00e9cnica utiliza instrumentos rotativos, como retificadora, diferente das t\u00e9cnicas tradicionais de grava\u00e7\u00e3o em metal. Mesmo em metal, as imagens produzem a sensa\u00e7\u00e3o de movimento, com efeitos \u00f3ticos que incluem a visualiza\u00e7\u00e3o de planos distintos em profundidade. Com elementos de composi\u00e7\u00e3o da cena futurista, o artista se utilizou das formas de algumas das suas pr\u00f3prias esculturas e tamb\u00e9m trabalhou a aerodin\u00e2mica de objetos prontos, como pe\u00e7as automotivas, levando seus desenhos para a prancha de a\u00e7o.<\/p>\n<p style=\"text-align: justify;\">A mostra ser\u00e1 aberta \u00e0s 19 horas, do dia 6 de setembro, indo at\u00e9 o final do m\u00eas de outubro. As visitas s\u00e3o das 8h \u00e0s 17 horas. A Galeria J. In\u00e1cio \u00e9 anexa \u00e0 biblioteca P\u00fablica Epif\u00e2nio D\u00f3ria, Rua Dr. Leonardo Leite, antiga Rua Vila Cristina, s\/n, Bairro 13 de Julho, Aracaju \u2013 SE.<\/p>\n<p style=\"text-align: justify;\"><strong>Sobre o edital<\/strong><\/p>\n<p style=\"text-align: justify;\">Promovido pela Secretaria de Estado da Cultura (Secult), o Edital de Ocupa\u00e7\u00e3o da Galeria J. In\u00e1cio visa estimular a produ\u00e7\u00e3o arte visual em Sergipe, assim como oferecer ao p\u00fablico acesso a mostras de qualidade. Voltado para propostas de exposi\u00e7\u00f5es individuais ou coletivas, o edital destina R$6 mil para cada selecionado, financiados com recursos do Fundo de Desenvolvimento Cultural e Art\u00edstico (FUNCART). Este \u00e9 o segundo ano consecutivo que a Secult lan\u00e7a o edital.<\/p>\n<p style=\"text-align: justify;\">\n<p><em><strong>Acompanhe tamb\u00e9m o SE Not\u00edcias no\u00a0<a href=\"https:\/\/twitter.com\/Senoticias\" target=\"_blank\">Twitter<\/a>,\u00a0<a href=\"https:\/\/www.facebook.com\/senoticias1\" target=\"_blank\">Facebook<\/a>\u00a0e no\u00a0<a href=\"https:\/\/www.instagram.com\/senoticias\/\" target=\"_blank\">Instagram<\/a><\/strong><\/em><\/p>\n<p>Por ASN<\/p>\n","protected":false},"excerpt":{"rendered":"<p>\u201cMatrizes, Geratrizes e Derivadas\u201d, intitula a nova exposi\u00e7\u00e3o da Galeria J. In\u00e1cio que ser\u00e1 lan\u00e7ada na pr\u00f3xima quarta-feira, 06 de setembro, \u00e0s 19h. Composta imagens gravadas no a\u00e7o inoxid\u00e1vel do artista visual, Ant\u00f4nio da Cruz, a mostra retoma os projetos selecionados pelo edital de Ocupa\u00e7\u00e3o da Galeria referentes a 2017, promovido pela Secretaria de Estado [&hellip;]<\/p>\n","protected":false},"author":2,"featured_media":0,"comment_status":"closed","ping_status":"closed","sticky":false,"template":"","format":"standard","meta":{"footnotes":""},"categories":[21],"tags":[2663,4066,5548],"class_list":{"0":"post-106225","1":"post","2":"type-post","3":"status-publish","4":"format-standard","6":"category-entretenimento","7":"tag-cultura","8":"tag-exposicao","9":"tag-galeriajinacio"},"_links":{"self":[{"href":"https:\/\/senoticias.com.br\/se\/wp-json\/wp\/v2\/posts\/106225"}],"collection":[{"href":"https:\/\/senoticias.com.br\/se\/wp-json\/wp\/v2\/posts"}],"about":[{"href":"https:\/\/senoticias.com.br\/se\/wp-json\/wp\/v2\/types\/post"}],"author":[{"embeddable":true,"href":"https:\/\/senoticias.com.br\/se\/wp-json\/wp\/v2\/users\/2"}],"replies":[{"embeddable":true,"href":"https:\/\/senoticias.com.br\/se\/wp-json\/wp\/v2\/comments?post=106225"}],"version-history":[{"count":0,"href":"https:\/\/senoticias.com.br\/se\/wp-json\/wp\/v2\/posts\/106225\/revisions"}],"wp:attachment":[{"href":"https:\/\/senoticias.com.br\/se\/wp-json\/wp\/v2\/media?parent=106225"}],"wp:term":[{"taxonomy":"category","embeddable":true,"href":"https:\/\/senoticias.com.br\/se\/wp-json\/wp\/v2\/categories?post=106225"},{"taxonomy":"post_tag","embeddable":true,"href":"https:\/\/senoticias.com.br\/se\/wp-json\/wp\/v2\/tags?post=106225"}],"curies":[{"name":"wp","href":"https:\/\/api.w.org\/{rel}","templated":true}]}}