{"id":106211,"date":"2017-08-29T14:43:05","date_gmt":"2017-08-29T17:43:05","guid":{"rendered":"http:\/\/senoticias.com.br\/se\/?p=106211"},"modified":"2017-08-29T14:43:05","modified_gmt":"2017-08-29T17:43:05","slug":"ex-prefeito-de-aracaju-e-condenado-a-pagar-multa-por-conduta-vedada","status":"publish","type":"post","link":"https:\/\/senoticias.com.br\/se\/ex-prefeito-de-aracaju-e-condenado-a-pagar-multa-por-conduta-vedada\/","title":{"rendered":"Ex-prefeito de Aracaju \u00e9 condenado a pagar multa por conduta vedada"},"content":{"rendered":"<p align=\"justify\">Na tarde desta segunda-feira (28), os membros do Tribunal Regional Eleitoral de Sergipe (TRE-SE) negaram provimento ao Recurso Eleitoral n\u00ba 99-25, mantendo a decis\u00e3o do ju\u00edzo da 27\u00aa Zona eleitoral que condenou o ex-prefeito de Aracaju,\u00a0<b>Jo\u00e3o Alves Filho<\/b>, pela veicula\u00e7\u00e3o de propaganda institucional proibida por lei durante a campanha de 2016, caracterizando a conduta vedada a agente p\u00fablico.<\/p>\n<div id=\"attachment_72916\" style=\"width: 510px\" class=\"wp-caption aligncenter\"><a href=\"http:\/\/senoticias.com.br\/se\/wp-content\/uploads\/2014\/11\/1_news_66_365249957d8cb14bc5b67765f427dac9.jpeg\"><img loading=\"lazy\" decoding=\"async\" aria-describedby=\"caption-attachment-72916\" class=\"size-full wp-image-72916\" src=\"http:\/\/senoticias.com.br\/se\/wp-content\/uploads\/2014\/11\/1_news_66_365249957d8cb14bc5b67765f427dac9.jpeg\" alt=\"Jo\u00e3o Alves Filho, pela veicula\u00e7\u00e3o de propaganda institucional proibida por lei durante a campanha de 2016. (Foto: S\u00e9rgio Silva (AAN))\" width=\"500\" height=\"332\" srcset=\"https:\/\/senoticias.com.br\/se\/wp-content\/uploads\/2014\/11\/1_news_66_365249957d8cb14bc5b67765f427dac9.jpeg 500w, https:\/\/senoticias.com.br\/se\/wp-content\/uploads\/2014\/11\/1_news_66_365249957d8cb14bc5b67765f427dac9-300x199.jpeg 300w, https:\/\/senoticias.com.br\/se\/wp-content\/uploads\/2014\/11\/1_news_66_365249957d8cb14bc5b67765f427dac9-342x227.jpeg 342w\" sizes=\"(max-width: 500px) 100vw, 500px\" \/><\/a><p id=\"caption-attachment-72916\" class=\"wp-caption-text\">Jo\u00e3o Alves Filho, foi condenado pela veicula\u00e7\u00e3o de propaganda institucional proibida por lei durante a campanha de 2016. (Foto: arquivo\/S\u00e9rgio Silva)<\/p><\/div>\n<p style=\"text-align: justify;\" align=\"justify\">Por\u00a0unanimidade,\u00a0os membros do colegiado acompanharam o relator, juiz\u00a0<strong>Jos\u00e9 Dantas de Santana<\/strong>, negando provimento ao recurso e mantendo a condena\u00e7\u00e3o do ex-prefeito, cuja multa a ser paga foi arbitrada no valor de\u00a0R$ 10,641,00. O juiz federal,\u00a0<strong>F\u00e1bio Cordeiro de Lima<\/strong>, divergiu apenas no tocante ao valor da san\u00e7\u00e3o, defendendo que tal montante deveria ser aplicado no m\u00ednimo legal, por\u00e9m restou\u00a0vencido neste ponto.<\/p>\n<p style=\"text-align: justify;\" align=\"justify\"><b>Sobre o caso<\/b><\/p>\n<p style=\"text-align: justify;\" align=\"justify\">No pleito de 2016, Jo\u00e3o Alves Filho, ainda ocupando o cargo de prefeito da cidade, utilizou o slogan de sua gest\u00e3o em uma propaganda institucional intitulada \u201cCata-Bagulho\u201d. A propaganda tratava sobre a coleta de lixo nos bairros e excedeu o limite de veicula\u00e7\u00e3o para al\u00e9m do que \u00e9 permitido pela Justi\u00e7a Eleitoral, que seria de tr\u00eas meses antes\u00a0de a\u00a0elei\u00e7\u00e3o ocorrer.<\/p>\n<p style=\"text-align: justify;\" align=\"justify\">Durante a sess\u00e3o de julgamento, foi apresentada uma grava\u00e7\u00e3o na qual se constatava a circula\u00e7\u00e3o da propaganda pelas ruas de Aracaju com o referido slogan \u201cPrefeitura de Aracaju, crise se vence com trabalho\u201d.<\/p>\n<p style=\"text-align: justify;\" align=\"justify\"><a href=\"http:\/\/senoticias.com.br\/se\/wp-content\/uploads\/2017\/08\/Logo-fone-1-2-1-2-4-6-1-1-1-1.jpg\"><img loading=\"lazy\" decoding=\"async\" class=\"aligncenter size-full wp-image-106081\" src=\"http:\/\/senoticias.com.br\/se\/wp-content\/uploads\/2017\/08\/Logo-fone-1-2-1-2-4-6-1-1-1-1.jpg\" alt=\"Logo-fone-1-2-1-2-4-6-1-1-1\" width=\"599\" height=\"78\" srcset=\"https:\/\/senoticias.com.br\/se\/wp-content\/uploads\/2017\/08\/Logo-fone-1-2-1-2-4-6-1-1-1-1.jpg 599w, https:\/\/senoticias.com.br\/se\/wp-content\/uploads\/2017\/08\/Logo-fone-1-2-1-2-4-6-1-1-1-1-300x39.jpg 300w\" sizes=\"(max-width: 599px) 100vw, 599px\" \/><\/a><\/p>\n<p style=\"text-align: justify;\" align=\"justify\"><em><strong>Acompanhe tamb\u00e9m o SE Not\u00edcias no<\/strong><strong>\u00a0<\/strong><strong><a href=\"https:\/\/twitter.com\/Senoticias\">Twitter<\/a>,<\/strong><strong>\u00a0<\/strong><strong><a href=\"https:\/\/www.facebook.com\/senoticias1\">Facebook\u00a0<\/a>e no<\/strong><strong>\u00a0<\/strong><strong><a href=\"https:\/\/www.instagram.com\/senoticias\/\">Instagram<\/a><\/strong><\/em><\/p>\n<p style=\"text-align: justify;\" align=\"justify\"><em>Mat\u00e9ria extra\u00edda do<a href=\"http:\/\/www.tre-se.jus.br\/imprensa\/noticias-tre-se\/2017\/Agosto\/ex-prefeito-de-aracaju-e-condenado-a-pagar-multa-por-conduta-vedada\"><strong> site<\/strong><\/a> do TRE\/SE<\/em><\/p>\n","protected":false},"excerpt":{"rendered":"<p>Na tarde desta segunda-feira (28), os membros do Tribunal Regional Eleitoral de Sergipe (TRE-SE) negaram provimento ao Recurso Eleitoral n\u00ba 99-25, mantendo a decis\u00e3o do ju\u00edzo da 27\u00aa Zona eleitoral que condenou o ex-prefeito de Aracaju,\u00a0Jo\u00e3o Alves Filho, pela veicula\u00e7\u00e3o de propaganda institucional proibida por lei durante a campanha de 2016, caracterizando a conduta vedada [&hellip;]<\/p>\n","protected":false},"author":2,"featured_media":72916,"comment_status":"closed","ping_status":"closed","sticky":false,"template":"","format":"standard","meta":{"footnotes":""},"categories":[15],"tags":[4657,5533,5532,1435,3888],"class_list":{"0":"post-106211","1":"post","2":"type-post","3":"status-publish","4":"format-standard","5":"has-post-thumbnail","7":"category-destaques","8":"tag-condenado","9":"tag-conduta-vedada","10":"tag-ex-prefeito-de-aracaju","11":"tag-joao-alves","12":"tag-multa"},"_links":{"self":[{"href":"https:\/\/senoticias.com.br\/se\/wp-json\/wp\/v2\/posts\/106211"}],"collection":[{"href":"https:\/\/senoticias.com.br\/se\/wp-json\/wp\/v2\/posts"}],"about":[{"href":"https:\/\/senoticias.com.br\/se\/wp-json\/wp\/v2\/types\/post"}],"author":[{"embeddable":true,"href":"https:\/\/senoticias.com.br\/se\/wp-json\/wp\/v2\/users\/2"}],"replies":[{"embeddable":true,"href":"https:\/\/senoticias.com.br\/se\/wp-json\/wp\/v2\/comments?post=106211"}],"version-history":[{"count":0,"href":"https:\/\/senoticias.com.br\/se\/wp-json\/wp\/v2\/posts\/106211\/revisions"}],"wp:featuredmedia":[{"embeddable":true,"href":"https:\/\/senoticias.com.br\/se\/wp-json\/wp\/v2\/media\/72916"}],"wp:attachment":[{"href":"https:\/\/senoticias.com.br\/se\/wp-json\/wp\/v2\/media?parent=106211"}],"wp:term":[{"taxonomy":"category","embeddable":true,"href":"https:\/\/senoticias.com.br\/se\/wp-json\/wp\/v2\/categories?post=106211"},{"taxonomy":"post_tag","embeddable":true,"href":"https:\/\/senoticias.com.br\/se\/wp-json\/wp\/v2\/tags?post=106211"}],"curies":[{"name":"wp","href":"https:\/\/api.w.org\/{rel}","templated":true}]}}