{"id":106189,"date":"2017-08-29T06:39:58","date_gmt":"2017-08-29T09:39:58","guid":{"rendered":"http:\/\/senoticias.com.br\/se\/?p=106189"},"modified":"2017-08-29T06:42:08","modified_gmt":"2017-08-29T09:42:08","slug":"presidente-do-tce-recebe-amorim-para-tratar-da-visita-do-prefeito-de-sao-paulo","status":"publish","type":"post","link":"https:\/\/senoticias.com.br\/se\/presidente-do-tce-recebe-amorim-para-tratar-da-visita-do-prefeito-de-sao-paulo\/","title":{"rendered":"Presidente do TCE recebe Eduardo Amorim para tratar da visita do prefeito de S\u00e3o Paulo"},"content":{"rendered":"<p style=\"text-align: justify;\">O senador Eduardo Amorim (PSDB-SE) solicitou audi\u00eancia na manh\u00e3 desta segunda-feira, 28, com o presidente do Tribunal de Contas do Estado de Sergipe (TCE-SE) Cl\u00f3vis Barbosa, com o presidente do Instituto Voz Brasil, Rodrigo Pereira Vasco e com o presidente da Empresa de Capacita\u00e7\u00e3o e Treinamentos &#8216;Livres Mentes&#8217;, Jorge Gomides.<\/p>\n<div id=\"attachment_106190\" style=\"width: 609px\" class=\"wp-caption aligncenter\"><a href=\"http:\/\/senoticias.com.br\/se\/wp-content\/uploads\/2017\/08\/EA_TCE-e1503999444481.jpg\"><img loading=\"lazy\" decoding=\"async\" aria-describedby=\"caption-attachment-106190\" class=\"size-full wp-image-106190\" src=\"http:\/\/senoticias.com.br\/se\/wp-content\/uploads\/2017\/08\/EA_TCE-e1503999444481.jpg\" alt=\"Presidente do TCE recebe senador para tratar da visita do prefeito de S\u00e3o Paulo\" width=\"599\" height=\"400\" \/><\/a><p id=\"caption-attachment-106190\" class=\"wp-caption-text\">Presidente do TCE recebe senador para tratar da visita do prefeito de S\u00e3o Paulo (foto: ascom\/TCE)<\/p><\/div>\n<p style=\"text-align: justify;\">O objetivo da reuni\u00e3o foi tra\u00e7ar toda log\u00edstica de como ser\u00e1 a vinda do prefeito de S\u00e3o Paulo, Jo\u00e3o Doria (PSDB-SP) para Sergipe.<\/p>\n<p style=\"text-align: justify;\">O tucano ser\u00e1 um dos palestrantes do Simp\u00f3sio: Drogas, Pol\u00edticas P\u00fablicas e Direito dos Dependentes Qu\u00edmicos, que j\u00e1 est\u00e1 agendado para o dia 27 de outubro.<\/p>\n<p style=\"text-align: justify;\"><a href=\"http:\/\/senoticias.com.br\/se\/wp-content\/uploads\/2017\/08\/Logo-fone-1-2-1-2-4-6-1-1-1-1.jpg\"><img loading=\"lazy\" decoding=\"async\" class=\"aligncenter size-full wp-image-106081\" src=\"http:\/\/senoticias.com.br\/se\/wp-content\/uploads\/2017\/08\/Logo-fone-1-2-1-2-4-6-1-1-1-1.jpg\" alt=\"Logo-fone-1-2-1-2-4-6-1-1-1\" width=\"599\" height=\"78\" srcset=\"https:\/\/senoticias.com.br\/se\/wp-content\/uploads\/2017\/08\/Logo-fone-1-2-1-2-4-6-1-1-1-1.jpg 599w, https:\/\/senoticias.com.br\/se\/wp-content\/uploads\/2017\/08\/Logo-fone-1-2-1-2-4-6-1-1-1-1-300x39.jpg 300w\" sizes=\"(max-width: 599px) 100vw, 599px\" \/><\/a><\/p>\n<p style=\"text-align: justify;\"><em><strong>Acompanhe tamb\u00e9m o SE Not\u00edcias no\u00a0<a href=\"https:\/\/twitter.com\/Senoticias\" target=\"_blank\">Twitter<\/a>,\u00a0<a href=\"https:\/\/www.facebook.com\/senoticias1\" target=\"_blank\">Facebook<\/a>\u00a0e no\u00a0<a href=\"https:\/\/www.instagram.com\/senoticias\/\" target=\"_blank\">Instagram<\/a><\/strong><\/em><\/p>\n<p><em>Assessoria de Imprensa<\/em><br \/>\n<em>Senador Eduardo Amorim (PSDB-SE)<\/em><\/p>\n","protected":false},"excerpt":{"rendered":"<p>O senador Eduardo Amorim (PSDB-SE) solicitou audi\u00eancia na manh\u00e3 desta segunda-feira, 28, com o presidente do Tribunal de Contas do Estado de Sergipe (TCE-SE) Cl\u00f3vis Barbosa, com o presidente do Instituto Voz Brasil, Rodrigo Pereira Vasco e com o presidente da Empresa de Capacita\u00e7\u00e3o e Treinamentos &#8216;Livres Mentes&#8217;, Jorge Gomides. O objetivo da reuni\u00e3o foi [&hellip;]<\/p>\n","protected":false},"author":2,"featured_media":106190,"comment_status":"closed","ping_status":"closed","sticky":false,"template":"","format":"standard","meta":{"footnotes":""},"categories":[6],"tags":[528,5522,2497,696,5523,5521,5520,5379,2512,3632],"class_list":{"0":"post-106189","1":"post","2":"type-post","3":"status-publish","4":"format-standard","5":"has-post-thumbnail","7":"category-politica","8":"tag-clovis-barbosa","9":"tag-direito-dos-dependentes-quimicos","10":"tag-drogas","11":"tag-eduardo-amorim","12":"tag-joao-doria","13":"tag-politicas-publicas","14":"tag-prefeito-de-sao-paulo","15":"tag-presidente-do-tce","16":"tag-senador-amorim","17":"tag-simposio"},"_links":{"self":[{"href":"https:\/\/senoticias.com.br\/se\/wp-json\/wp\/v2\/posts\/106189"}],"collection":[{"href":"https:\/\/senoticias.com.br\/se\/wp-json\/wp\/v2\/posts"}],"about":[{"href":"https:\/\/senoticias.com.br\/se\/wp-json\/wp\/v2\/types\/post"}],"author":[{"embeddable":true,"href":"https:\/\/senoticias.com.br\/se\/wp-json\/wp\/v2\/users\/2"}],"replies":[{"embeddable":true,"href":"https:\/\/senoticias.com.br\/se\/wp-json\/wp\/v2\/comments?post=106189"}],"version-history":[{"count":0,"href":"https:\/\/senoticias.com.br\/se\/wp-json\/wp\/v2\/posts\/106189\/revisions"}],"wp:featuredmedia":[{"embeddable":true,"href":"https:\/\/senoticias.com.br\/se\/wp-json\/wp\/v2\/media\/106190"}],"wp:attachment":[{"href":"https:\/\/senoticias.com.br\/se\/wp-json\/wp\/v2\/media?parent=106189"}],"wp:term":[{"taxonomy":"category","embeddable":true,"href":"https:\/\/senoticias.com.br\/se\/wp-json\/wp\/v2\/categories?post=106189"},{"taxonomy":"post_tag","embeddable":true,"href":"https:\/\/senoticias.com.br\/se\/wp-json\/wp\/v2\/tags?post=106189"}],"curies":[{"name":"wp","href":"https:\/\/api.w.org\/{rel}","templated":true}]}}