{"id":106166,"date":"2017-08-28T19:42:45","date_gmt":"2017-08-28T22:42:45","guid":{"rendered":"http:\/\/senoticias.com.br\/se\/?p=106166"},"modified":"2017-08-28T19:49:21","modified_gmt":"2017-08-28T22:49:21","slug":"ministerios-publicos-definem-acoes-para-agilizar-adocao-da-politica-de-residuos-solidos-em-sergipe","status":"publish","type":"post","link":"https:\/\/senoticias.com.br\/se\/ministerios-publicos-definem-acoes-para-agilizar-adocao-da-politica-de-residuos-solidos-em-sergipe\/","title":{"rendered":"Minist\u00e9rios P\u00fablicos definem a\u00e7\u00f5es para agilizar ado\u00e7\u00e3o da pol\u00edtica de res\u00edduos s\u00f3lidos em Sergipe"},"content":{"rendered":"<div dir=\"ltr\" style=\"text-align: justify;\">Os entraves que t\u00eam retardado a implementa\u00e7\u00e3o da Pol\u00edtica Nacional de Res\u00edduos S\u00f3lidos nos munic\u00edpios sergipanos foram debatidos em reuni\u00e3o coordenada pelo procurador Eduardo C\u00f4rtes, do Minist\u00e9rio P\u00fablico de Contas (MPC), na manh\u00e3 desta segunda-feira, 28, juntamente com a procuradora do Minist\u00e9rio P\u00fablico Federal (MPF\/SE), L\u00edvia Nascimento Tin\u00f4co, e o promotor Carlos Henrique Siqueira, do Minist\u00e9rio P\u00fablico de Sergipe.<\/p>\n<div id=\"attachment_106174\" style=\"width: 609px\" class=\"wp-caption aligncenter\"><a href=\"http:\/\/senoticias.com.br\/se\/wp-content\/uploads\/2017\/08\/MG_9377-e1503960421261.jpg\"><img loading=\"lazy\" decoding=\"async\" aria-describedby=\"caption-attachment-106174\" class=\"size-full wp-image-106174\" src=\"http:\/\/senoticias.com.br\/se\/wp-content\/uploads\/2017\/08\/MG_9377-e1503960421261.jpg\" alt=\"Minist\u00e9rios P\u00fablicos definem a\u00e7\u00f5es para agilizar ado\u00e7\u00e3o da pol\u00edtica de res\u00edduos s\u00f3lidos\" width=\"599\" height=\"400\" \/><\/a><p id=\"caption-attachment-106174\" class=\"wp-caption-text\">Minist\u00e9rios P\u00fablicos definem a\u00e7\u00f5es para agilizar ado\u00e7\u00e3o da pol\u00edtica de res\u00edduos s\u00f3lidos (foto: ascom\/TCE)<\/p><\/div>\n<\/div>\n<div dir=\"ltr\" style=\"text-align: justify;\"><\/div>\n<div dir=\"ltr\" style=\"text-align: justify;\">Ocorrido na sala de reuni\u00f5es do Tribunal de Contas do Estado (TCE), o encontro teve as presen\u00e7as dos presidentes e superintendentes dos quatro cons\u00f3rcios que integram o plano estadual de res\u00edduos s\u00f3lidos: Baixo S\u00e3o Francisco, composto por 28 munic\u00edpios; Agreste Central, criado com 20 munic\u00edpios; Sul e Centro-Sul, formado por 16 munic\u00edpios; e Grande Aracaju, com oito munic\u00edpios. Tamb\u00e9m esteve presente o secret\u00e1rio de Estado do Meio Ambiente e dos Recursos H\u00eddricos, Olivier Chagas.<\/div>\n<div dir=\"ltr\" style=\"text-align: justify;\"><\/div>\n<div dir=\"ltr\" style=\"text-align: justify;\">&#8220;Desde mar\u00e7o estamos acompanhando essa situa\u00e7\u00e3o atrav\u00e9s dos cons\u00f3rcios, trazendo-os para que implementem n\u00e3o s\u00f3 o encerramento dos lix\u00f5es, como tamb\u00e9m os diversos mecanismos previstos na Lei Nacional dos Res\u00edduos S\u00f3lidos, que trata da coleta seletiva e tamb\u00e9m da organiza\u00e7\u00e3o das cooperativas de catadores de res\u00edduos&#8221;, explicou Eduardo C\u00f4rtes.<\/div>\n<div dir=\"ltr\"><\/div>\n<div dir=\"ltr\" style=\"text-align: justify;\">Em meio \u00e0s delibera\u00e7\u00f5es acordadas, ficou definida uma cobran\u00e7a aos prefeitos dos munic\u00edpios que n\u00e3o assinaram o contrato de rateio necess\u00e1rio para custear o cons\u00f3rcio. &#8220;Muitos prefeitos est\u00e3o pendentes, ainda n\u00e3o assinaram, ent\u00e3o os minist\u00e9rios p\u00fablicos ir\u00e3o ofici\u00e1-los&#8221;, observou o promotor Carlos Henrique Siqueira, que \u00e9 diretor do Centro de Apoio ao Meio Ambiente, destacando que a maior parte dos munic\u00edpios pendentes encontra-se no Baixo S\u00e3o Francisco e na Grande Aracaju.<\/div>\n<div dir=\"ltr\" style=\"text-align: justify;\"><\/div>\n<div dir=\"ltr\" style=\"text-align: justify;\">Ap\u00f3s verificar a realidade e dificuldades de cada cons\u00f3rcio, ficou acertada tamb\u00e9m a realiza\u00e7\u00e3o de um esfor\u00e7o conjunto no sentido de priorizar a execu\u00e7\u00e3o de aterros de m\u00e9dio porte, sendo um para cada regi\u00e3o. Foi definido ainda o agendamento de reuni\u00f5es com parlamentares sergipanos para que assegurem nas emendas a destina\u00e7\u00e3o de recursos espec\u00edficos para a \u00e1rea.<\/div>\n<div dir=\"ltr\" style=\"text-align: justify;\"><\/div>\n<div dir=\"ltr\" style=\"text-align: justify;\">&#8220;Alinhamos com os presidentes e superintendentes de cons\u00f3rcios algumas a\u00e7\u00f5es pragm\u00e1ticas que podem otimizar a utiliza\u00e7\u00e3o dos recursos e avan\u00e7ar com a implementa\u00e7\u00e3o efetiva dos cons\u00f3rcios&#8221;, comentou o promotor Carlos Henrique Siqueira.<\/div>\n<div dir=\"ltr\" style=\"text-align: justify;\"><\/div>\n<div dir=\"ltr\" style=\"text-align: justify;\"><a href=\"http:\/\/senoticias.com.br\/se\/wp-content\/uploads\/2017\/08\/Logo-fone-1-2-1-2-4-6-1-1-1-1.jpg\"><img loading=\"lazy\" decoding=\"async\" class=\"aligncenter size-full wp-image-106081\" src=\"http:\/\/senoticias.com.br\/se\/wp-content\/uploads\/2017\/08\/Logo-fone-1-2-1-2-4-6-1-1-1-1.jpg\" alt=\"Logo-fone-1-2-1-2-4-6-1-1-1\" width=\"599\" height=\"78\" srcset=\"https:\/\/senoticias.com.br\/se\/wp-content\/uploads\/2017\/08\/Logo-fone-1-2-1-2-4-6-1-1-1-1.jpg 599w, https:\/\/senoticias.com.br\/se\/wp-content\/uploads\/2017\/08\/Logo-fone-1-2-1-2-4-6-1-1-1-1-300x39.jpg 300w\" sizes=\"(max-width: 599px) 100vw, 599px\" \/><\/a><\/div>\n<div dir=\"ltr\" style=\"text-align: justify;\"><\/div>\n<div dir=\"ltr\" style=\"text-align: justify;\"><em><strong>Acompanhe tamb\u00e9m o SE Not\u00edcias no<\/strong><strong>\u00a0<\/strong><strong><a href=\"https:\/\/twitter.com\/Senoticias\">Twitter<\/a>,<\/strong><strong>\u00a0<\/strong><strong><a href=\"https:\/\/www.facebook.com\/senoticias1\">Facebook\u00a0<\/a>e no<\/strong><strong>\u00a0<\/strong><strong><a href=\"https:\/\/www.instagram.com\/senoticias\/\">Instagram<\/a><\/strong><\/em><\/div>\n<div dir=\"ltr\" style=\"text-align: justify;\"><\/div>\n<div dir=\"ltr\" style=\"text-align: justify;\">Ascom\/TCE<\/div>\n","protected":false},"excerpt":{"rendered":"<p>Os entraves que t\u00eam retardado a implementa\u00e7\u00e3o da Pol\u00edtica Nacional de Res\u00edduos S\u00f3lidos nos munic\u00edpios sergipanos foram debatidos em reuni\u00e3o coordenada pelo procurador Eduardo C\u00f4rtes, do Minist\u00e9rio P\u00fablico de Contas (MPC), na manh\u00e3 desta segunda-feira, 28, juntamente com a procuradora do Minist\u00e9rio P\u00fablico Federal (MPF\/SE), L\u00edvia Nascimento Tin\u00f4co, e o promotor Carlos Henrique Siqueira, do [&hellip;]<\/p>\n","protected":false},"author":2,"featured_media":106174,"comment_status":"closed","ping_status":"closed","sticky":false,"template":"","format":"standard","meta":{"footnotes":""},"categories":[15,1],"tags":[5505,2168,4028,223],"class_list":{"0":"post-106166","1":"post","2":"type-post","3":"status-publish","4":"format-standard","5":"has-post-thumbnail","7":"category-destaques","8":"category-sem-categoria","9":"tag-ministerios-publicos","10":"tag-politica","11":"tag-residuos-solidos","12":"tag-sergipe"},"_links":{"self":[{"href":"https:\/\/senoticias.com.br\/se\/wp-json\/wp\/v2\/posts\/106166"}],"collection":[{"href":"https:\/\/senoticias.com.br\/se\/wp-json\/wp\/v2\/posts"}],"about":[{"href":"https:\/\/senoticias.com.br\/se\/wp-json\/wp\/v2\/types\/post"}],"author":[{"embeddable":true,"href":"https:\/\/senoticias.com.br\/se\/wp-json\/wp\/v2\/users\/2"}],"replies":[{"embeddable":true,"href":"https:\/\/senoticias.com.br\/se\/wp-json\/wp\/v2\/comments?post=106166"}],"version-history":[{"count":0,"href":"https:\/\/senoticias.com.br\/se\/wp-json\/wp\/v2\/posts\/106166\/revisions"}],"wp:featuredmedia":[{"embeddable":true,"href":"https:\/\/senoticias.com.br\/se\/wp-json\/wp\/v2\/media\/106174"}],"wp:attachment":[{"href":"https:\/\/senoticias.com.br\/se\/wp-json\/wp\/v2\/media?parent=106166"}],"wp:term":[{"taxonomy":"category","embeddable":true,"href":"https:\/\/senoticias.com.br\/se\/wp-json\/wp\/v2\/categories?post=106166"},{"taxonomy":"post_tag","embeddable":true,"href":"https:\/\/senoticias.com.br\/se\/wp-json\/wp\/v2\/tags?post=106166"}],"curies":[{"name":"wp","href":"https:\/\/api.w.org\/{rel}","templated":true}]}}