{"id":106124,"date":"2017-08-26T16:17:25","date_gmt":"2017-08-26T19:17:25","guid":{"rendered":"http:\/\/senoticias.com.br\/se\/?p=106124"},"modified":"2017-08-26T16:17:25","modified_gmt":"2017-08-26T19:17:25","slug":"policia-civil-apreende-22-quilos-de-maconha-com-adolescente-de-16-anos","status":"publish","type":"post","link":"https:\/\/senoticias.com.br\/se\/policia-civil-apreende-22-quilos-de-maconha-com-adolescente-de-16-anos\/","title":{"rendered":"Pol\u00edcia Civil apreende 22 quilos de maconha com adolescente de 16 anos"},"content":{"rendered":"<p style=\"text-align: justify;\">Equipes da Pol\u00edcia Civil da Delegacia Regional de Itabaiana prenderam no final da noite desta sexta-feira, 25, pelo crime de tr\u00e1fico de drogas, Milena Santana Arag\u00e3o, 19 anos, e apreenderam uma adolescente de 17 anos. A menor foi flagrada com 22 quilos de maconha prensada, quando desembarcava na Rodovi\u00e1ria Nova, em Aracaju.<\/p>\n<div id=\"attachment_106125\" style=\"width: 609px\" class=\"wp-caption aligncenter\"><img loading=\"lazy\" decoding=\"async\" aria-describedby=\"caption-attachment-106125\" class=\"size-full wp-image-106125\" src=\"http:\/\/senoticias.com.br\/se\/wp-content\/uploads\/2017\/08\/WhatsApp-Image-2017-08-26-at-11.22.38-e1503774926364.jpeg\" alt=\"As duas foram conduzidas para a Delegacia Plantonista Norte\" width=\"599\" height=\"449\" \/><p id=\"caption-attachment-106125\" class=\"wp-caption-text\">As duas foram conduzidas para a Delegacia Plantonista Norte (foto: SSP\/SE)<\/p><\/div>\n<p style=\"text-align: justify;\">A abordagem policial aconteceu por conta de informa\u00e7\u00f5es repassadas pela Divis\u00e3o de Intelig\u00eancia e Planejamento Policial (Dipol), cujos detalhes apontavam que a droga era trazida pela adolescente de 16 anos de S\u00e3o Paulo at\u00e9 Aracaju.<\/p>\n<p style=\"text-align: justify;\">Segundo o delegado F\u00e1bio Santana, a adolescente disse que parte da droga pertencia a ela, mas que iria para o Albano Franco, em Nossa Senhora do Socorro, onde Milena aguardava a entrega dos 22 quilos de maconha prensada.<\/p>\n<p style=\"text-align: justify;\">Os policiais civis ent\u00e3o se deslocaram at\u00e9 uma resid\u00eancia no Albano Franco e flagraram o momento em que Milena recebia a droga. As duas foram conduzidas para a Delegacia Plantonista Norte, onde prestaram esclarecimentos \u00e0 pol\u00edcia. As investiga\u00e7\u00f5es continuam.<\/p>\n<p style=\"text-align: justify;\"><img loading=\"lazy\" decoding=\"async\" class=\"aligncenter size-full wp-image-106081\" src=\"http:\/\/senoticias.com.br\/se\/wp-content\/uploads\/2017\/08\/Logo-fone-1-2-1-2-4-6-1-1-1-1.jpg\" alt=\"Logo-fone-1-2-1-2-4-6-1-1-1\" width=\"599\" height=\"78\" srcset=\"https:\/\/senoticias.com.br\/se\/wp-content\/uploads\/2017\/08\/Logo-fone-1-2-1-2-4-6-1-1-1-1.jpg 599w, https:\/\/senoticias.com.br\/se\/wp-content\/uploads\/2017\/08\/Logo-fone-1-2-1-2-4-6-1-1-1-1-300x39.jpg 300w\" sizes=\"(max-width: 599px) 100vw, 599px\" \/><\/p>\n<p style=\"text-align: justify;\"><em><strong>Acompanhe tamb\u00e9m o SE Not\u00edcias no\u00a0<a href=\"https:\/\/twitter.com\/Senoticias\" target=\"_blank\">Twitter<\/a>,\u00a0<a href=\"https:\/\/www.facebook.com\/senoticias1\" target=\"_blank\">Facebook<\/a>\u00a0e no\u00a0<a href=\"https:\/\/www.instagram.com\/senoticias\/\" target=\"_blank\">Instagram<\/a><\/strong><\/em><\/p>\n<p style=\"text-align: justify;\"><em>Informa\u00e7\u00f5es da SSP\/SE<\/em><\/p>\n","protected":false},"excerpt":{"rendered":"<p>Equipes da Pol\u00edcia Civil da Delegacia Regional de Itabaiana prenderam no final da noite desta sexta-feira, 25, pelo crime de tr\u00e1fico de drogas, Milena Santana Arag\u00e3o, 19 anos, e apreenderam uma adolescente de 17 anos. A menor foi flagrada com 22 quilos de maconha prensada, quando desembarcava na Rodovi\u00e1ria Nova, em Aracaju. A abordagem policial [&hellip;]<\/p>\n","protected":false},"author":2,"featured_media":106125,"comment_status":"closed","ping_status":"closed","sticky":false,"template":"","format":"standard","meta":{"footnotes":""},"categories":[15,7],"tags":[5464,3844,2660,78],"class_list":{"0":"post-106124","1":"post","2":"type-post","3":"status-publish","4":"format-standard","5":"has-post-thumbnail","7":"category-destaques","8":"category-policia","9":"tag-22-quilos","10":"tag-adolescente","11":"tag-maconha","12":"tag-policia-civil"},"_links":{"self":[{"href":"https:\/\/senoticias.com.br\/se\/wp-json\/wp\/v2\/posts\/106124"}],"collection":[{"href":"https:\/\/senoticias.com.br\/se\/wp-json\/wp\/v2\/posts"}],"about":[{"href":"https:\/\/senoticias.com.br\/se\/wp-json\/wp\/v2\/types\/post"}],"author":[{"embeddable":true,"href":"https:\/\/senoticias.com.br\/se\/wp-json\/wp\/v2\/users\/2"}],"replies":[{"embeddable":true,"href":"https:\/\/senoticias.com.br\/se\/wp-json\/wp\/v2\/comments?post=106124"}],"version-history":[{"count":0,"href":"https:\/\/senoticias.com.br\/se\/wp-json\/wp\/v2\/posts\/106124\/revisions"}],"wp:featuredmedia":[{"embeddable":true,"href":"https:\/\/senoticias.com.br\/se\/wp-json\/wp\/v2\/media\/106125"}],"wp:attachment":[{"href":"https:\/\/senoticias.com.br\/se\/wp-json\/wp\/v2\/media?parent=106124"}],"wp:term":[{"taxonomy":"category","embeddable":true,"href":"https:\/\/senoticias.com.br\/se\/wp-json\/wp\/v2\/categories?post=106124"},{"taxonomy":"post_tag","embeddable":true,"href":"https:\/\/senoticias.com.br\/se\/wp-json\/wp\/v2\/tags?post=106124"}],"curies":[{"name":"wp","href":"https:\/\/api.w.org\/{rel}","templated":true}]}}