{"id":106113,"date":"2017-08-25T20:48:14","date_gmt":"2017-08-25T23:48:14","guid":{"rendered":"http:\/\/senoticias.com.br\/se\/?p=106113"},"modified":"2017-08-27T08:02:55","modified_gmt":"2017-08-27T11:02:55","slug":"policia-apreende-45-kg-de-maconha-em-maceio-droga-saiu-de-sergipe","status":"publish","type":"post","link":"https:\/\/senoticias.com.br\/se\/policia-apreende-45-kg-de-maconha-em-maceio-droga-saiu-de-sergipe\/","title":{"rendered":"Pol\u00edcia apreende 45 kg de maconha em Macei\u00f3; droga saiu de Sergipe"},"content":{"rendered":"<p style=\"text-align: justify;\">Uma opera\u00e7\u00e3o integrada entre as Pol\u00edcias Civil e Militar, deflagrada nesta quinta-feira (24), apreendeu 45 quilos de maconha na Ch\u00e3 de Bebedouro. De acordo com informa\u00e7\u00f5es da Secretaria de Seguran\u00e7a P\u00fablica de Alagoas (SSP), Jos\u00e9 David Vieira de Lima, de 31 anos, foi preso em flagrante.<\/p>\n<div id=\"attachment_106114\" style=\"width: 609px\" class=\"wp-caption aligncenter\"><img loading=\"lazy\" decoding=\"async\" aria-describedby=\"caption-attachment-106114\" class=\"size-full wp-image-106114\" src=\"http:\/\/senoticias.com.br\/se\/wp-content\/uploads\/2017\/08\/indice-e1503704726370.jpg\" alt=\"Uma pessoa foi presa acusada de participar de grupo respons\u00e1vel pelo tr\u00e1fico de drogas na regi\u00e3o\" width=\"599\" height=\"313\" \/><p id=\"caption-attachment-106114\" class=\"wp-caption-text\">Uma pessoa foi presa suspeita\u00a0de participar de grupo respons\u00e1vel pelo tr\u00e1fico de drogas na regi\u00e3o (foto: ascom\/SSP\/Alagoas)<\/p><\/div>\n<p style=\"text-align: justify;\">As investiga\u00e7\u00f5es foram realizadas pela Delegacia de Repress\u00e3o ao Narcotr\u00e1fico (DRN), o servi\u00e7o de Intelig\u00eancia do Comando de Policiamento da Capital (CPC) e o 4\u00ba Batalh\u00e3o da Pol\u00edcia Militar (BPM).<\/p>\n<p style=\"text-align: justify;\">Ainda segundo a SSP, o servi\u00e7o de Intelig\u00eancia recebeu a informa\u00e7\u00e3o que Jos\u00e9 David teria recebido uma grande quantidade de drogas e que estariam escondidas em um s\u00edtio pr\u00f3ximo \u00e0 sua resid\u00eancia, localizada na Ch\u00e3 de Bebedouro. As equipes realizaram buscas no local e conseguiram apreender a droga e uma balan\u00e7a de precis\u00e3o.<\/p>\n<p style=\"text-align: justify;\">O delegado Gustavo Henrique, da DRN, explicou que Jos\u00e9 David fazia parte de um grupo respons\u00e1vel pelo tr\u00e1fico de drogas na regi\u00e3o. A investiga\u00e7\u00e3o ter\u00e1 continuidade e outros membros do grupo podem ser presos.<\/p>\n<p style=\"text-align: justify;\">&#8220;Mais uma vez a droga veio de Sergipe para ser distribu\u00edda em Alagoas. Os entorpecentes chegam aos estados vizinhos e s\u00e3o trazidos de forma fracionada para o estado&#8221;, destacou o delegado Gustavo Henrique.<\/p>\n<p style=\"text-align: justify;\">O preso foi levado para a sede da DRN, juntamente com o material apreendido, onde foi autuado por tr\u00e1fico de drogas. A opera\u00e7\u00e3o contou com a participa\u00e7\u00e3o de equipes da DRN, 4\u00ba Batalh\u00e3o, CPC, Batalh\u00e3o de Policiamento de Tr\u00e2nsito (BPTran), Tigre e do Grupamento A\u00e9reo.<\/p>\n<p style=\"text-align: justify;\"><img loading=\"lazy\" decoding=\"async\" class=\"aligncenter size-full wp-image-106081\" src=\"http:\/\/senoticias.com.br\/se\/wp-content\/uploads\/2017\/08\/Logo-fone-1-2-1-2-4-6-1-1-1-1.jpg\" alt=\"Logo-fone-1-2-1-2-4-6-1-1-1\" width=\"599\" height=\"78\" srcset=\"https:\/\/senoticias.com.br\/se\/wp-content\/uploads\/2017\/08\/Logo-fone-1-2-1-2-4-6-1-1-1-1.jpg 599w, https:\/\/senoticias.com.br\/se\/wp-content\/uploads\/2017\/08\/Logo-fone-1-2-1-2-4-6-1-1-1-1-300x39.jpg 300w\" sizes=\"(max-width: 599px) 100vw, 599px\" \/><\/p>\n<p style=\"text-align: justify;\"><em><strong>Acompanhe tamb\u00e9m o SE Not\u00edcias no\u00a0<a href=\"https:\/\/twitter.com\/Senoticias\" target=\"_blank\">Twitter<\/a>,\u00a0<a href=\"https:\/\/www.facebook.com\/senoticias1\" target=\"_blank\">Facebook<\/a>\u00a0e no\u00a0<a href=\"https:\/\/www.instagram.com\/senoticias\/\" target=\"_blank\">Instagram<\/a><\/strong><\/em><\/p>\n<p style=\"text-align: justify;\"><em>por\u00a0<strong>Gazetaweb, com Assessoria da SSP\/Alagoas<\/strong><\/em><\/p>\n","protected":false},"excerpt":{"rendered":"<p>Uma opera\u00e7\u00e3o integrada entre as Pol\u00edcias Civil e Militar, deflagrada nesta quinta-feira (24), apreendeu 45 quilos de maconha na Ch\u00e3 de Bebedouro. De acordo com informa\u00e7\u00f5es da Secretaria de Seguran\u00e7a P\u00fablica de Alagoas (SSP), Jos\u00e9 David Vieira de Lima, de 31 anos, foi preso em flagrante. As investiga\u00e7\u00f5es foram realizadas pela Delegacia de Repress\u00e3o ao [&hellip;]<\/p>\n","protected":false},"author":2,"featured_media":106114,"comment_status":"closed","ping_status":"closed","sticky":false,"template":"","format":"standard","meta":{"footnotes":""},"categories":[7],"tags":[4325,2660,3189,223],"class_list":{"0":"post-106113","1":"post","2":"type-post","3":"status-publish","4":"format-standard","5":"has-post-thumbnail","7":"category-policia","8":"tag-maceio","9":"tag-maconha","10":"tag-policia-apreende","11":"tag-sergipe"},"_links":{"self":[{"href":"https:\/\/senoticias.com.br\/se\/wp-json\/wp\/v2\/posts\/106113"}],"collection":[{"href":"https:\/\/senoticias.com.br\/se\/wp-json\/wp\/v2\/posts"}],"about":[{"href":"https:\/\/senoticias.com.br\/se\/wp-json\/wp\/v2\/types\/post"}],"author":[{"embeddable":true,"href":"https:\/\/senoticias.com.br\/se\/wp-json\/wp\/v2\/users\/2"}],"replies":[{"embeddable":true,"href":"https:\/\/senoticias.com.br\/se\/wp-json\/wp\/v2\/comments?post=106113"}],"version-history":[{"count":0,"href":"https:\/\/senoticias.com.br\/se\/wp-json\/wp\/v2\/posts\/106113\/revisions"}],"wp:featuredmedia":[{"embeddable":true,"href":"https:\/\/senoticias.com.br\/se\/wp-json\/wp\/v2\/media\/106114"}],"wp:attachment":[{"href":"https:\/\/senoticias.com.br\/se\/wp-json\/wp\/v2\/media?parent=106113"}],"wp:term":[{"taxonomy":"category","embeddable":true,"href":"https:\/\/senoticias.com.br\/se\/wp-json\/wp\/v2\/categories?post=106113"},{"taxonomy":"post_tag","embeddable":true,"href":"https:\/\/senoticias.com.br\/se\/wp-json\/wp\/v2\/tags?post=106113"}],"curies":[{"name":"wp","href":"https:\/\/api.w.org\/{rel}","templated":true}]}}