{"id":106079,"date":"2017-08-25T07:03:24","date_gmt":"2017-08-25T10:03:24","guid":{"rendered":"http:\/\/senoticias.com.br\/se\/?p=106079"},"modified":"2017-08-28T06:02:40","modified_gmt":"2017-08-28T09:02:40","slug":"a-parcela-do-13o-salario-para-aposentados-e-pensionistas-comeca-a-ser-paga-nesta-sexta-feira","status":"publish","type":"post","link":"https:\/\/senoticias.com.br\/se\/a-parcela-do-13o-salario-para-aposentados-e-pensionistas-comeca-a-ser-paga-nesta-sexta-feira\/","title":{"rendered":"1\u00aa  parcela do 13\u00ba sal\u00e1rio para aposentados e pensionistas come\u00e7a a ser paga nesta sexta-feira"},"content":{"rendered":"<div class=\"mc-column content-text active-extra-styles active-capital-letter\" data-block-type=\"unstyled\" data-block-weight=\"24\">\n<p class=\"content-text__container theme-color-primary-first-letter\" style=\"text-align: justify;\" data-track-category=\"Link no Texto\" data-track-links=\"\">Os aposentados e pensionistas em todo o pa\u00eds come\u00e7am a receber a antecipa\u00e7\u00e3o da primeira parcela do 13\u00ba sal\u00e1rio a partir desta sexta-feira (25).<\/p>\n<\/div>\n<div class=\"mc-column content-text active-extra-styles \" data-block-type=\"unstyled\" data-block-weight=\"37\">\n<p class=\"content-text__container \" style=\"text-align: justify;\" data-track-category=\"Link no Texto\" data-track-links=\"\">O dep\u00f3sito da gratifica\u00e7\u00e3o ser\u00e1 realizado junto com a folha de pagamentos mensal do INSS, que come\u00e7a a ser depositada nesta sexta e vai at\u00e9 o dia 8 de setembro, conforme tabela de pagamentos de\u00a0<em>benef\u00edcios abaixo:<\/em><\/p>\n<p class=\"content-text__container \" style=\"text-align: justify;\" data-track-category=\"Link no Texto\" data-track-links=\"\"><img loading=\"lazy\" decoding=\"async\" class=\"aligncenter size-full wp-image-106080\" src=\"http:\/\/senoticias.com.br\/se\/wp-content\/uploads\/2017\/08\/tabela-13-senoticias-e1503655288997.jpg\" alt=\"tabela 13 senoticias\" width=\"599\" height=\"339\" \/><\/p>\n<div class=\"mc-column content-text active-extra-styles \" data-block-type=\"unstyled\" data-block-weight=\"50\">\n<p class=\"content-text__container \" style=\"text-align: justify;\" data-track-category=\"Link no Texto\" data-track-links=\"\">Segundo a Previd\u00eancia Social, mais de 29,2 milh\u00f5es de benefici\u00e1rios receber\u00e3o a primeira parcela do abono anual, que corresponde a 50% do valor do 13\u00ba e representa uma inje\u00e7\u00e3o extra na economia de pelo menos R$ 19,8 bilh\u00f5es nos meses de agosto e setembro.<\/p>\n<\/div>\n<div class=\"mc-column content-text active-extra-styles \" data-block-type=\"unstyled\" data-block-weight=\"39\">\n<p class=\"content-text__container \" style=\"text-align: justify;\" data-track-category=\"Link no Texto\" data-track-links=\"\">Para quem ganha um sal\u00e1rio m\u00ednimo (R$ 937), os pagamentos ser\u00e3o realizados entre os dias 25 de agosto e 8 de setembro. J\u00e1 os segurados que ganham acima do valor receber\u00e3o entre os dias 1\u00ba e 8 de setembro.<\/p>\n<\/div>\n<div class=\"mc-column content-text active-extra-styles \" style=\"text-align: justify;\" data-block-type=\"unstyled\" data-block-weight=\"36\">\n<p class=\"content-text__container \" data-track-category=\"Link no Texto\" data-track-links=\"\">N\u00e3o haver\u00e1 desconto de Imposto de Renda nesta primeira parcela. De acordo com a legisla\u00e7\u00e3o, o IR sobre o 13\u00ba somente \u00e9 cobrado em novembro e dezembro, quando ser\u00e1 paga a segunda parcela da gratifica\u00e7\u00e3o natalina.<\/p>\n<\/div>\n<div class=\"mc-column content-text active-extra-styles \" style=\"text-align: justify;\" data-block-type=\"unstyled\" data-block-weight=\"32\">\n<p class=\"content-text__container \" data-track-category=\"Link no Texto\" data-track-links=\"\">Aposentados e pensionistas, em sua maioria, receber\u00e3o 50% do valor do benef\u00edcio. A exce\u00e7\u00e3o \u00e9 para quem passou a receber o benef\u00edcio depois de janeiro. Neste caso, o valor ser\u00e1 calculado proporcionalmente.<\/p>\n<\/div>\n<div class=\"mc-column content-text active-extra-styles \" data-block-type=\"unstyled\" data-block-weight=\"91\">\n<p class=\"content-text__container \" style=\"text-align: justify;\" data-track-category=\"Link no Texto\" data-track-links=\"\">Os segurados que est\u00e3o em aux\u00edlio-doen\u00e7a tamb\u00e9m recebem uma parcela menor que os 50%. Como esse benef\u00edcio \u00e9 tempor\u00e1rio, o INSS calcula a antecipa\u00e7\u00e3o proporcional ao per\u00edodo. Por exemplo, um benef\u00edcio iniciado em janeiro e ainda em vigor em agosto ter\u00e1 o 13\u00ba terceiro sal\u00e1rio calculado sobre oito meses. O segurado receber\u00e1, portanto, metade desse valor. Em dezembro, caso ainda esteja afastado, o segurado ir\u00e1 receber o restante. Se tiver alta antes, o valor ser\u00e1 calculado at\u00e9 o m\u00eas em que o benef\u00edcio vigorar e acrescido ao \u00faltimo pagamento do benef\u00edcio.<\/p>\n<div class=\"mc-column content-text active-extra-styles \" data-block-type=\"unstyled\" data-block-weight=\"48\">\n<p class=\"content-text__container \" style=\"text-align: justify;\" data-track-category=\"Link no Texto\" data-track-links=\"\">O advogado de Direito Previdenci\u00e1rio Jo\u00e3o Badari, s\u00f3cio do escrit\u00f3rio Aith, Badari e Luchin Advogados, observa que a segunda parcela ser\u00e1 a diferen\u00e7a entre o valor total do abono anual e o valor da parcela antecipada e ser\u00e1 paga juntamente com os benef\u00edcios relativos ao m\u00eas de novembro.<\/p>\n<\/div>\n<div class=\"mc-column content-text active-extra-styles \" data-block-type=\"unstyled\" data-block-weight=\"58\">\n<p class=\"content-text__container \" style=\"text-align: justify;\" data-track-category=\"Link no Texto\" data-track-links=\"\">Segundo Badari, n\u00e3o t\u00eam direito ao 13\u00ba sal\u00e1rio os segurados que recebem os seguintes benef\u00edcios: amparo previdenci\u00e1rio do trabalhador rural; Benef\u00edcio de Presta\u00e7\u00e3o Continuada da Lei Org\u00e2nica da Assist\u00eancia Social (BPC\/LOAS) e Renda Mensal Vital\u00edcia (RMV); amparo assistencial ao idoso e ao deficiente; aux\u00edlio-suplementar por acidente de trabalho; pens\u00e3o mensal vital\u00edcia; abono de perman\u00eancia em servi\u00e7o e sal\u00e1rio-fam\u00edlia.<\/p>\n<\/div>\n<div class=\"mc-column content-text active-extra-styles \" style=\"text-align: justify;\" data-block-type=\"unstyled\" data-block-weight=\"35\">\n<p class=\"content-text__container \" data-track-category=\"Link no Texto\" data-track-links=\"\">O advogado refor\u00e7a que, caso o segurado do INSS que tenha se aposentado este ano ou recebido um benef\u00edcio previdenci\u00e1rio em 2017, por per\u00edodo inferior a 12 meses, ter\u00e1 direito a gratifica\u00e7\u00e3o de forma proporcional.<\/p>\n<\/div>\n<div class=\"mc-column content-text active-extra-styles \" style=\"text-align: justify;\" data-block-type=\"unstyled\" data-block-weight=\"34\">\n<p class=\"content-text__container \" data-track-category=\"Link no Texto\" data-track-links=\"\">\u201cA \u00fanica exig\u00eancia \u00e9 a esp\u00e9cie do benef\u00edcio; normalmente, ter\u00e3o direito ao 13\u00ba sal\u00e1rio todos os que receberem os seguintes benef\u00edcios da previd\u00eancia social: aux\u00edlio-doen\u00e7a, aux\u00edlio-acidente, sal\u00e1rio-maternidade, aposentadoria, pens\u00e3o por morte e aux\u00edlio-reclus\u00e3o\u201d, alerta.<\/p>\n<\/div>\n<div class=\"mc-column content-text active-extra-styles \" data-block-type=\"unstyled\" data-block-weight=\"54\">\n<p class=\"content-text__container \" style=\"text-align: justify;\" data-track-category=\"Link no Texto\" data-track-links=\"\">Badari ressalta que a Constitui\u00e7\u00e3o Federal prev\u00ea que o 13\u00ba dos segurados da Previd\u00eancia Social deve ser pago com base no valor integral dos benef\u00edcios ou da aposentadoria recebida pelos benefici\u00e1rios durante o ano, considerando o valor dos proventos do m\u00eas de dezembro. O benef\u00edcio todo dever\u00e1 ser pago at\u00e9 o final do ano.<\/p>\n<p class=\"content-text__container \" style=\"text-align: justify;\" data-track-category=\"Link no Texto\" data-track-links=\"\"><img loading=\"lazy\" decoding=\"async\" class=\"aligncenter size-full wp-image-106081\" src=\"http:\/\/senoticias.com.br\/se\/wp-content\/uploads\/2017\/08\/Logo-fone-1-2-1-2-4-6-1-1-1-1.jpg\" alt=\"Logo-fone-1-2-1-2-4-6-1-1-1\" width=\"599\" height=\"78\" srcset=\"https:\/\/senoticias.com.br\/se\/wp-content\/uploads\/2017\/08\/Logo-fone-1-2-1-2-4-6-1-1-1-1.jpg 599w, https:\/\/senoticias.com.br\/se\/wp-content\/uploads\/2017\/08\/Logo-fone-1-2-1-2-4-6-1-1-1-1-300x39.jpg 300w\" sizes=\"(max-width: 599px) 100vw, 599px\" \/><\/p>\n<p class=\"content-text__container \" style=\"text-align: justify;\" data-track-category=\"Link no Texto\" data-track-links=\"\"><em><strong>Acompanhe tamb\u00e9m o SE Not\u00edcias no\u00a0<a href=\"https:\/\/twitter.com\/Senoticias\" target=\"_blank\">Twitter<\/a>,\u00a0<a href=\"https:\/\/www.facebook.com\/senoticias1\" target=\"_blank\">Facebook<\/a>\u00a0e no\u00a0<a href=\"https:\/\/www.instagram.com\/senoticias\/\" target=\"_blank\">Instagram<\/a><\/strong><\/em><\/p>\n<p class=\"content-text__container \" style=\"text-align: justify;\" data-track-category=\"Link no Texto\" data-track-links=\"\"><strong><em>Por G1<\/em><\/strong><\/p>\n<\/div>\n<\/div>\n<\/div>\n","protected":false},"excerpt":{"rendered":"<p>Os aposentados e pensionistas em todo o pa\u00eds come\u00e7am a receber a antecipa\u00e7\u00e3o da primeira parcela do 13\u00ba sal\u00e1rio a partir desta sexta-feira (25). O dep\u00f3sito da gratifica\u00e7\u00e3o ser\u00e1 realizado junto com a folha de pagamentos mensal do INSS, que come\u00e7a a ser depositada nesta sexta e vai at\u00e9 o dia 8 de setembro, conforme [&hellip;]<\/p>\n","protected":false},"author":2,"featured_media":106080,"comment_status":"closed","ping_status":"closed","sticky":false,"template":"","format":"standard","meta":{"footnotes":""},"categories":[15,6],"tags":[5442,4145,4146],"class_list":{"0":"post-106079","1":"post","2":"type-post","3":"status-publish","4":"format-standard","5":"has-post-thumbnail","7":"category-destaques","8":"category-politica","9":"tag-13o-salario","10":"tag-aposentados","11":"tag-pensionistas"},"_links":{"self":[{"href":"https:\/\/senoticias.com.br\/se\/wp-json\/wp\/v2\/posts\/106079"}],"collection":[{"href":"https:\/\/senoticias.com.br\/se\/wp-json\/wp\/v2\/posts"}],"about":[{"href":"https:\/\/senoticias.com.br\/se\/wp-json\/wp\/v2\/types\/post"}],"author":[{"embeddable":true,"href":"https:\/\/senoticias.com.br\/se\/wp-json\/wp\/v2\/users\/2"}],"replies":[{"embeddable":true,"href":"https:\/\/senoticias.com.br\/se\/wp-json\/wp\/v2\/comments?post=106079"}],"version-history":[{"count":0,"href":"https:\/\/senoticias.com.br\/se\/wp-json\/wp\/v2\/posts\/106079\/revisions"}],"wp:featuredmedia":[{"embeddable":true,"href":"https:\/\/senoticias.com.br\/se\/wp-json\/wp\/v2\/media\/106080"}],"wp:attachment":[{"href":"https:\/\/senoticias.com.br\/se\/wp-json\/wp\/v2\/media?parent=106079"}],"wp:term":[{"taxonomy":"category","embeddable":true,"href":"https:\/\/senoticias.com.br\/se\/wp-json\/wp\/v2\/categories?post=106079"},{"taxonomy":"post_tag","embeddable":true,"href":"https:\/\/senoticias.com.br\/se\/wp-json\/wp\/v2\/tags?post=106079"}],"curies":[{"name":"wp","href":"https:\/\/api.w.org\/{rel}","templated":true}]}}