{"id":106064,"date":"2017-08-24T14:38:02","date_gmt":"2017-08-24T17:38:02","guid":{"rendered":"http:\/\/senoticias.com.br\/se\/?p=106064"},"modified":"2017-08-24T14:38:02","modified_gmt":"2017-08-24T17:38:02","slug":"guarda-municipal-de-aracaju-oferta-aulas-gratuitas-de-jiu-jitsu","status":"publish","type":"post","link":"https:\/\/senoticias.com.br\/se\/guarda-municipal-de-aracaju-oferta-aulas-gratuitas-de-jiu-jitsu\/","title":{"rendered":"Guarda Municipal de Aracaju oferta aulas gratuitas de jiu-jitsu"},"content":{"rendered":"<p>Desde abril, professores de jiu-jitsu vem ministrando aulas gratuitas para moradores do Conjunto M\u00e9dici. As aulas s\u00e3o uma iniciativa do Centro de Treinamento da GMA, em parceria com o grupamento da Ronda da Capital (Rondac). &#8220;O projeto surgiu depois de um convite do coordenador do grupamento da Ronda da Capital, que fica sediado aqui no conjunto, para que pud\u00e9ssemos ofertar a essa comunidade, al\u00e9m dos nossos servi\u00e7os de seguran\u00e7a p\u00fablica, aulas de jiu-jitsu. O objetivo maior desse projeto \u00e9 aproximar a comunidade da Guarda Municipal, desfazer o estere\u00f3tipo repressor das for\u00e7as de seguran\u00e7a p\u00fablica e contribuir para a retirada dos jovens das ruas, trazendo-os para o esporte&#8221;, afirma o guardi\u00e3o e professor de jiu-jitsu, Anderson da Hora.<\/p>\n<div id=\"attachment_106065\" style=\"width: 609px\" class=\"wp-caption aligncenter\"><img loading=\"lazy\" decoding=\"async\" aria-describedby=\"caption-attachment-106065\" class=\"size-full wp-image-106065\" src=\"http:\/\/senoticias.com.br\/se\/wp-content\/uploads\/2017\/08\/jiu-jitsu-SENOTICIAS-e1503596121781.jpg\" alt=\"Foto: Ascom GMA\" width=\"599\" height=\"398\" \/><p id=\"caption-attachment-106065\" class=\"wp-caption-text\">Foto: Ascom GMA<\/p><\/div>\n<p style=\"text-align: justify;\">Em menos de quatro meses, o projeto j\u00e1 conta com cerca de 90 alunos das mais variadas idades. Todos os dias pela manh\u00e3, tarde ou noite, os tatames est\u00e3o sempre ocupados por pessoas dispostas a melhorar o condicionamento f\u00edsico e a sa\u00fade, como no caso de M\u00e1rcio \u00c2ngelo. &#8220;Eu descobri que a Guarda Municipal desenvolvia esse projeto de aulas gratuitas de jiu-jitsu aqui no conjunto M\u00e9dici atrav\u00e9s do Facebook. Essa informa\u00e7\u00e3o veio bem no momento em que meu m\u00e9dico me orientou a fazer algum tipo de atividade f\u00edsica. Eu vim conhecer o local h\u00e1 cerca de duas semanas, conversei com o professor e desde ent\u00e3o n\u00e3o perco nenhuma aula. Minha sa\u00fade j\u00e1 melhorou, consigo dormir bem e acordo disposto para o trabalho. Estou gostando muito&#8221;, afirma.<\/p>\n<p style=\"text-align: justify;\">De acordo com o diretor geral da GMA, subinspetor Fernando Mendon\u00e7a, a\u00e7\u00f5es como essa revelam o papel cidad\u00e3o da corpora\u00e7\u00e3o e uma nova forma de fazer seguran\u00e7a p\u00fablica. &#8220;Somos reconhecidos como uma institui\u00e7\u00e3o cidad\u00e3, preocupada em estar presente e pr\u00f3xima da vida da comunidade nos locais onde estamos inseridos. Essa atua\u00e7\u00e3o social tamb\u00e9m pode ser considerada como uma a\u00e7\u00e3o de seguran\u00e7a p\u00fablica, pois ali s\u00e3o repassados valores, principalmente \u00e0s crian\u00e7as e jovens. Valores morais que os preparam para a vida em sociedade e mostram a import\u00e2ncia do respeito \u00e0s leis. Assim, em parceria com as fam\u00edlias e escolas, ajudamos a lapidar o car\u00e1ter desses meninos, formando verdadeiros cidad\u00e3os&#8221;, destaca o diretor.<\/p>\n<p style=\"text-align: justify;\">\n<p style=\"text-align: justify;\"><img loading=\"lazy\" decoding=\"async\" class=\"aligncenter size-full wp-image-105726\" src=\"http:\/\/senoticias.com.br\/se\/wp-content\/uploads\/2017\/08\/Logo-fone-1-2-1-2-4-6-1-1-1.jpg\" alt=\"Logo-fone-1-2-1-2-4-6-1-1\" width=\"599\" height=\"78\" srcset=\"https:\/\/senoticias.com.br\/se\/wp-content\/uploads\/2017\/08\/Logo-fone-1-2-1-2-4-6-1-1-1.jpg 599w, https:\/\/senoticias.com.br\/se\/wp-content\/uploads\/2017\/08\/Logo-fone-1-2-1-2-4-6-1-1-1-300x39.jpg 300w\" sizes=\"(max-width: 599px) 100vw, 599px\" \/><\/p>\n<p><em><strong>Acompanhe tamb\u00e9m o SE Not\u00edcias no\u00a0<a href=\"https:\/\/twitter.com\/Senoticias\" target=\"_blank\">Twitter<\/a>,\u00a0<a href=\"https:\/\/www.facebook.com\/senoticias1\" target=\"_blank\">Facebook<\/a>\u00a0e no\u00a0<a href=\"https:\/\/www.instagram.com\/senoticias\/\" target=\"_blank\">Instagram<\/a><\/strong><\/em><\/p>\n<p>Por AAN<\/p>\n","protected":false},"excerpt":{"rendered":"<p>Desde abril, professores de jiu-jitsu vem ministrando aulas gratuitas para moradores do Conjunto M\u00e9dici. As aulas s\u00e3o uma iniciativa do Centro de Treinamento da GMA, em parceria com o grupamento da Ronda da Capital (Rondac). &#8220;O projeto surgiu depois de um convite do coordenador do grupamento da Ronda da Capital, que fica sediado aqui no [&hellip;]<\/p>\n","protected":false},"author":2,"featured_media":0,"comment_status":"closed","ping_status":"closed","sticky":false,"template":"","format":"standard","meta":{"footnotes":""},"categories":[26],"tags":[339,3875,5430,5431,5432],"class_list":{"0":"post-106064","1":"post","2":"type-post","3":"status-publish","4":"format-standard","6":"category-esportes","7":"tag-aracaju","8":"tag-esporte","9":"tag-gma","10":"tag-jiujitsu","11":"tag-luta"},"_links":{"self":[{"href":"https:\/\/senoticias.com.br\/se\/wp-json\/wp\/v2\/posts\/106064"}],"collection":[{"href":"https:\/\/senoticias.com.br\/se\/wp-json\/wp\/v2\/posts"}],"about":[{"href":"https:\/\/senoticias.com.br\/se\/wp-json\/wp\/v2\/types\/post"}],"author":[{"embeddable":true,"href":"https:\/\/senoticias.com.br\/se\/wp-json\/wp\/v2\/users\/2"}],"replies":[{"embeddable":true,"href":"https:\/\/senoticias.com.br\/se\/wp-json\/wp\/v2\/comments?post=106064"}],"version-history":[{"count":0,"href":"https:\/\/senoticias.com.br\/se\/wp-json\/wp\/v2\/posts\/106064\/revisions"}],"wp:attachment":[{"href":"https:\/\/senoticias.com.br\/se\/wp-json\/wp\/v2\/media?parent=106064"}],"wp:term":[{"taxonomy":"category","embeddable":true,"href":"https:\/\/senoticias.com.br\/se\/wp-json\/wp\/v2\/categories?post=106064"},{"taxonomy":"post_tag","embeddable":true,"href":"https:\/\/senoticias.com.br\/se\/wp-json\/wp\/v2\/tags?post=106064"}],"curies":[{"name":"wp","href":"https:\/\/api.w.org\/{rel}","templated":true}]}}