{"id":105997,"date":"2017-08-23T06:27:04","date_gmt":"2017-08-23T09:27:04","guid":{"rendered":"http:\/\/senoticias.com.br\/se\/?p=105997"},"modified":"2017-08-23T07:07:47","modified_gmt":"2017-08-23T10:07:47","slug":"camara-antecipa-eleicoes-e-reelege-mesa-diretora-para-201920","status":"publish","type":"post","link":"https:\/\/senoticias.com.br\/se\/camara-antecipa-eleicoes-e-reelege-mesa-diretora-para-201920\/","title":{"rendered":"C\u00e2mara de Vereadores de Pacatuba antecipa elei\u00e7\u00e3o e reelege mesa-diretora para 2019\/2020"},"content":{"rendered":"<p style=\"text-align: justify;\">Foi realizada na manh\u00e3 desta ter\u00e7a-feira, (22), a elei\u00e7\u00e3o da mesa-diretora da C\u00e2mara Municipal de Pacatuba, para o bi\u00eanio 2019\/20. Oito vereadores votaram a favor da continuidade da atual diretoria. Por\u00e9m, o vereador Petr\u00f4nio da Silva apresentou requerimento solicitando impugna\u00e7\u00e3o da chapa e anula\u00e7\u00e3o das elei\u00e7\u00f5es, mas o pedido foi indeferido, com base em parecer jur\u00eddico, que julgou improcedente a argumenta\u00e7\u00e3o do representante do legislativo. Por conta disso, o edil preferiu se abster da vota\u00e7\u00e3o e retirou-se do plen\u00e1rio.<\/p>\n<div id=\"attachment_105998\" style=\"width: 609px\" class=\"wp-caption aligncenter\"><img loading=\"lazy\" decoding=\"async\" aria-describedby=\"caption-attachment-105998\" class=\"size-full wp-image-105998\" src=\"http:\/\/senoticias.com.br\/se\/wp-content\/uploads\/2017\/08\/elei\u00e7\u00e3o-mesa-pacatuba-01-e1503480558593.jpg\" alt=\"composi\u00e7\u00e3o da mesa-diretora \u00e9 a mesma da diretoria atual; Clodoaldo dos Santos (presidente), Jurandir Ferreira (vice-presidente), Leilane Silva Quit\u00e9rio (1\u00aa secret\u00e1ria) e Rosana Barreto (2\u00aa secret\u00e1ria).\" width=\"599\" height=\"337\" \/><p id=\"caption-attachment-105998\" class=\"wp-caption-text\">A composi\u00e7\u00e3o da mesa-diretora \u00e9 a mesma da diretoria atual; Clodoaldo dos Santos (presidente), Jurandir Ferreira (vice-presidente), Leilane Silva Quit\u00e9rio (1\u00aa secret\u00e1ria) e Rosana Barreto (2\u00aa secret\u00e1ria). (Foto: ascom\/C\u00e2mara de Pacatuba)<\/p><\/div>\n<p style=\"text-align: justify;\">Com a aprova\u00e7\u00e3o da maioria dos vereadores, a\u00a0\u00a0composi\u00e7\u00e3o da mesa-diretora \u00e9 a mesma da diretoria atual; Clodoaldo dos Santos (presidente), Jurandir Ferreira (vice-presidente), Leilane Silva Quit\u00e9rio (1\u00aa secret\u00e1ria) e Rosana Barreto (2\u00aa secret\u00e1ria). Ap\u00f3s o processo, o vereador Jer\u00f4nimo Izid\u00f3rio parabenizou os integrantes da mesa-diretora e lamentou o epis\u00f3dio provocado pelo vereador Petr\u00f4nio da Silva.<\/p>\n<p style=\"text-align: justify;\">\u201cQuero parabenizar todos os integrantes da chapa vencedora e desejar muito sucesso e sabedoria na condu\u00e7\u00e3o dos trabalhos, como vem acontecendo desde o inicio da atual legislatura. S\u00f3 quero registrar a falta de \u00e9tica, uni\u00e3o e considera\u00e7\u00e3o do colega Petr\u00f4nio, que vem promovendo constantemente pol\u00eamicas desnecess\u00e1rias nesta casa, usando argumentos inadequados e palavras ofensivas a alguns parlamentares\u201d, disse Jer\u00f4nimo.<\/p>\n<p style=\"text-align: justify;\">Os demais vereadores, Domingos Lisboa, Leilane Quit\u00e9rio, Jurandir Ferreira, Rosana Barreto, Pedro Bala e Tiago Gon\u00e7alves tamb\u00e9m parabenizaram o presidente Clodoaldo dos Santos pelo trabalho realizado e elogiaram a condu\u00e7\u00e3o das atividades ao longo do semestre legislativo. Diante dos votos de congratula\u00e7\u00f5es, o presidente da casa legislativa reafirmou que vai conduzir as a\u00e7\u00f5es sempre pautadas no di\u00e1logo e na transpar\u00eancia.<\/p>\n<p style=\"text-align: justify;\">\u201cQuero agradecer a confian\u00e7a de cada vereador que votou a favor da continuidade do nosso trabalho, por acreditar que essa diretoria est\u00e1 fazendo o melhor em prol das nossas condi\u00e7\u00f5es de trabalho e estrutura, para assim, atender a popula\u00e7\u00e3o com mais qualidade e efici\u00eancia. Portanto, quero afirmar aos senhores que vamos continuar o nosso trabalho mantendo o di\u00e1logo, a transpar\u00eancia, compartilhando decis\u00f5es e refletindo sempre sobre as nossas atitudes, corrigindo os erros e aprimorando os acertos, para que possamos evoluir\u201d, destacou o presidente a C\u00e2mara.<\/p>\n<p><strong>\u00a0<img loading=\"lazy\" decoding=\"async\" class=\"aligncenter size-full wp-image-105726\" src=\"http:\/\/senoticias.com.br\/se\/wp-content\/uploads\/2017\/08\/Logo-fone-1-2-1-2-4-6-1-1-1.jpg\" alt=\"Logo-fone-1-2-1-2-4-6-1-1\" width=\"599\" height=\"78\" srcset=\"https:\/\/senoticias.com.br\/se\/wp-content\/uploads\/2017\/08\/Logo-fone-1-2-1-2-4-6-1-1-1.jpg 599w, https:\/\/senoticias.com.br\/se\/wp-content\/uploads\/2017\/08\/Logo-fone-1-2-1-2-4-6-1-1-1-300x39.jpg 300w\" sizes=\"(max-width: 599px) 100vw, 599px\" \/><\/strong><\/p>\n<p>&nbsp;<\/p>\n<p><em><strong>Acompanhe tamb\u00e9m o SE Not\u00edcias no\u00a0<a href=\"https:\/\/twitter.com\/Senoticias\" target=\"_blank\">Twitter<\/a>,\u00a0<a href=\"https:\/\/www.facebook.com\/senoticias1\" target=\"_blank\">Facebook<\/a>\u00a0e no\u00a0<a href=\"https:\/\/www.instagram.com\/senoticias\/\" target=\"_blank\">Instagram<\/a><\/strong><\/em><\/p>\n<p><strong>TDantas Comunica\u00e7\u00e3o\/ASCOM CMP.<\/strong><\/p>\n","protected":false},"excerpt":{"rendered":"<p>Foi realizada na manh\u00e3 desta ter\u00e7a-feira, (22), a elei\u00e7\u00e3o da mesa-diretora da C\u00e2mara Municipal de Pacatuba, para o bi\u00eanio 2019\/20. Oito vereadores votaram a favor da continuidade da atual diretoria. Por\u00e9m, o vereador Petr\u00f4nio da Silva apresentou requerimento solicitando impugna\u00e7\u00e3o da chapa e anula\u00e7\u00e3o das elei\u00e7\u00f5es, mas o pedido foi indeferido, com base em parecer [&hellip;]<\/p>\n","protected":false},"author":2,"featured_media":105998,"comment_status":"closed","ping_status":"closed","sticky":false,"template":"","format":"standard","meta":{"footnotes":""},"categories":[38],"tags":[5368,5364,3444,5363,5365,5366,5367],"class_list":{"0":"post-105997","1":"post","2":"type-post","3":"status-publish","4":"format-standard","5":"has-post-thumbnail","7":"category-municipios","8":"tag-2018-2020","9":"tag-aldo-presidente","10":"tag-camara","11":"tag-clodoaldo-dos-santos","12":"tag-pacatuba","13":"tag-reeleicao-da-mesa-diretora","14":"tag-segundo-bienio"},"_links":{"self":[{"href":"https:\/\/senoticias.com.br\/se\/wp-json\/wp\/v2\/posts\/105997"}],"collection":[{"href":"https:\/\/senoticias.com.br\/se\/wp-json\/wp\/v2\/posts"}],"about":[{"href":"https:\/\/senoticias.com.br\/se\/wp-json\/wp\/v2\/types\/post"}],"author":[{"embeddable":true,"href":"https:\/\/senoticias.com.br\/se\/wp-json\/wp\/v2\/users\/2"}],"replies":[{"embeddable":true,"href":"https:\/\/senoticias.com.br\/se\/wp-json\/wp\/v2\/comments?post=105997"}],"version-history":[{"count":0,"href":"https:\/\/senoticias.com.br\/se\/wp-json\/wp\/v2\/posts\/105997\/revisions"}],"wp:featuredmedia":[{"embeddable":true,"href":"https:\/\/senoticias.com.br\/se\/wp-json\/wp\/v2\/media\/105998"}],"wp:attachment":[{"href":"https:\/\/senoticias.com.br\/se\/wp-json\/wp\/v2\/media?parent=105997"}],"wp:term":[{"taxonomy":"category","embeddable":true,"href":"https:\/\/senoticias.com.br\/se\/wp-json\/wp\/v2\/categories?post=105997"},{"taxonomy":"post_tag","embeddable":true,"href":"https:\/\/senoticias.com.br\/se\/wp-json\/wp\/v2\/tags?post=105997"}],"curies":[{"name":"wp","href":"https:\/\/api.w.org\/{rel}","templated":true}]}}