{"id":105994,"date":"2017-08-22T20:04:10","date_gmt":"2017-08-22T23:04:10","guid":{"rendered":"http:\/\/senoticias.com.br\/se\/?p=105994"},"modified":"2017-08-23T19:01:50","modified_gmt":"2017-08-23T22:01:50","slug":"policia-civil-divulga-video-de-tentativa-de-roubo-de-veiculo-no-luzia-assista","status":"publish","type":"post","link":"https:\/\/senoticias.com.br\/se\/policia-civil-divulga-video-de-tentativa-de-roubo-de-veiculo-no-luzia-assista\/","title":{"rendered":"Pol\u00edcia Civil divulga v\u00eddeo de tentativa de roubo de ve\u00edculo no Luzia; assista"},"content":{"rendered":"<p style=\"text-align: justify;\">A Pol\u00edcia Civil de Sergipe, por meio da Delegacia de Roubos e Furtos (Derof), divulgou na manh\u00e3 desta\u00a0ter\u00e7a-feira,\u00a022, imagens de tr\u00eas indiv\u00edduos no momento em que\u00a0tentavam roubar um ve\u00edculo Citroen\/C3 que estava estacionado na rua Ministro Nelson Hungria, localizada no bairro Luzia, zona sul de Aracaju.<\/p>\n<p style=\"text-align: justify;\">O v\u00eddeo mostra o momento em que o trio\u00a0passa pelo ve\u00edculo da v\u00edtima e depois retorna, anunciando o\u00a0assalto. A a\u00e7\u00e3o do grupo acabou frustrada por frequentadores de uma academia situada pr\u00f3xima ao local do crime, que ouviram os pedidos de socorro da v\u00edtima e seguiram para socorrer.<\/p>\n<div id=\"attachment_105995\" style=\"width: 609px\" class=\"wp-caption aligncenter\"><img loading=\"lazy\" decoding=\"async\" aria-describedby=\"caption-attachment-105995\" class=\"size-full wp-image-105995\" src=\"http:\/\/senoticias.com.br\/se\/wp-content\/uploads\/2017\/08\/crime-no-Luzia-senoticias-e1503442910166.jpg\" alt=\"Crime foi praticado por tr\u00eas indiv\u00edduos na \u00faltima quarta-feira, 16. Pol\u00edcia Civil trabalha no intuito de identificar autores\" width=\"599\" height=\"337\" \/><p id=\"caption-attachment-105995\" class=\"wp-caption-text\">Crime foi praticado por tr\u00eas indiv\u00edduos na \u00faltima quarta-feira, 16. Pol\u00edcia Civil trabalha no intuito de identificar autores (foto: SSP\/SE)<\/p><\/div>\n<p style=\"text-align: justify;\">O caso est\u00e1 sendo investigado pelas equipes da\u00a0delegada\u00a0Juliana Alcoforado, da Derof. Neste sentido, a pol\u00edcia pede o apoio da popula\u00e7\u00e3o para auxiliar na identifica\u00e7\u00e3o dos criminosos. \u201cA partir desse v\u00eddeo, esperamos contar com o apoio da popula\u00e7\u00e3o. Qualquer den\u00fancia pode ser feita pelo Disque-Den\u00fancia 181 ou pelo Aplicativo Disque-Den\u00fancia SE\u201d, ressaltou\u00a0Juliana Alcoforado.<\/p>\n<p><iframe loading=\"lazy\" src=\"https:\/\/www.youtube.com\/embed\/T-s0pf_LTU8\" width=\"560\" height=\"315\" frameborder=\"0\" allowfullscreen=\"allowfullscreen\"><\/iframe><\/p>\n<p style=\"text-align: justify;\"><img loading=\"lazy\" decoding=\"async\" class=\"aligncenter size-full wp-image-105726\" src=\"http:\/\/senoticias.com.br\/se\/wp-content\/uploads\/2017\/08\/Logo-fone-1-2-1-2-4-6-1-1-1.jpg\" alt=\"Logo-fone-1-2-1-2-4-6-1-1\" width=\"599\" height=\"78\" srcset=\"https:\/\/senoticias.com.br\/se\/wp-content\/uploads\/2017\/08\/Logo-fone-1-2-1-2-4-6-1-1-1.jpg 599w, https:\/\/senoticias.com.br\/se\/wp-content\/uploads\/2017\/08\/Logo-fone-1-2-1-2-4-6-1-1-1-300x39.jpg 300w\" sizes=\"(max-width: 599px) 100vw, 599px\" \/><\/p>\n<p style=\"text-align: justify;\"><em><strong>Acompanhe tamb\u00e9m o SE Not\u00edcias no\u00a0<a href=\"https:\/\/twitter.com\/Senoticias\" target=\"_blank\">Twitter<\/a>,\u00a0<a href=\"https:\/\/www.facebook.com\/senoticias1\" target=\"_blank\">Facebook<\/a>\u00a0e no\u00a0<a href=\"https:\/\/www.instagram.com\/senoticias\/\" target=\"_blank\">Instagram<\/a><\/strong><\/em><\/p>\n<p style=\"text-align: justify;\"><em>Informa\u00e7\u00f5es da SSP\/SE<\/em><\/p>\n","protected":false},"excerpt":{"rendered":"<p>A Pol\u00edcia Civil de Sergipe, por meio da Delegacia de Roubos e Furtos (Derof), divulgou na manh\u00e3 desta\u00a0ter\u00e7a-feira,\u00a022, imagens de tr\u00eas indiv\u00edduos no momento em que\u00a0tentavam roubar um ve\u00edculo Citroen\/C3 que estava estacionado na rua Ministro Nelson Hungria, localizada no bairro Luzia, zona sul de Aracaju. O v\u00eddeo mostra o momento em que o trio\u00a0passa [&hellip;]<\/p>\n","protected":false},"author":2,"featured_media":105995,"comment_status":"closed","ping_status":"closed","sticky":false,"template":"","format":"standard","meta":{"footnotes":""},"categories":[15,7],"tags":[5362,78,5361,4096],"class_list":{"0":"post-105994","1":"post","2":"type-post","3":"status-publish","4":"format-standard","5":"has-post-thumbnail","7":"category-destaques","8":"category-policia","9":"tag-assista","10":"tag-policia-civil","11":"tag-roubo-de-veiculo","12":"tag-video"},"_links":{"self":[{"href":"https:\/\/senoticias.com.br\/se\/wp-json\/wp\/v2\/posts\/105994"}],"collection":[{"href":"https:\/\/senoticias.com.br\/se\/wp-json\/wp\/v2\/posts"}],"about":[{"href":"https:\/\/senoticias.com.br\/se\/wp-json\/wp\/v2\/types\/post"}],"author":[{"embeddable":true,"href":"https:\/\/senoticias.com.br\/se\/wp-json\/wp\/v2\/users\/2"}],"replies":[{"embeddable":true,"href":"https:\/\/senoticias.com.br\/se\/wp-json\/wp\/v2\/comments?post=105994"}],"version-history":[{"count":0,"href":"https:\/\/senoticias.com.br\/se\/wp-json\/wp\/v2\/posts\/105994\/revisions"}],"wp:featuredmedia":[{"embeddable":true,"href":"https:\/\/senoticias.com.br\/se\/wp-json\/wp\/v2\/media\/105995"}],"wp:attachment":[{"href":"https:\/\/senoticias.com.br\/se\/wp-json\/wp\/v2\/media?parent=105994"}],"wp:term":[{"taxonomy":"category","embeddable":true,"href":"https:\/\/senoticias.com.br\/se\/wp-json\/wp\/v2\/categories?post=105994"},{"taxonomy":"post_tag","embeddable":true,"href":"https:\/\/senoticias.com.br\/se\/wp-json\/wp\/v2\/tags?post=105994"}],"curies":[{"name":"wp","href":"https:\/\/api.w.org\/{rel}","templated":true}]}}