{"id":105964,"date":"2017-08-22T07:44:15","date_gmt":"2017-08-22T10:44:15","guid":{"rendered":"http:\/\/senoticias.com.br\/se\/?p=105964"},"modified":"2017-08-22T07:48:52","modified_gmt":"2017-08-22T10:48:52","slug":"sergipe-e-o-estado-que-mais-reduziu-homicidios-em-2017-no-nordeste-diz-estadao","status":"publish","type":"post","link":"https:\/\/senoticias.com.br\/se\/sergipe-e-o-estado-que-mais-reduziu-homicidios-em-2017-no-nordeste-diz-estadao\/","title":{"rendered":"Sergipe \u00e9 o estado que mais reduziu homic\u00eddios em 2017 no Nordeste, diz Estad\u00e3o"},"content":{"rendered":"<p style=\"text-align: justify;\">Levantamento divulgado nesta segunda, 21, pelo Jornal O Estado de S\u00e3o Paulo revela que Sergipe reduziu em 12,54% o n\u00famero de homic\u00eddios dolosos, les\u00f5es corporais seguidas de morte e latroc\u00ednios (roubos seguidos de morte) neste primeiro semestre do ano, quando comparado com os n\u00fameros de 2016. O planejamento aliado \u00e0 intelig\u00eancia policial, o aumento do efetivo das Pol\u00edcias Militar e Civil, os investimentos em equipamentos e tecnologia tiraram Sergipe da posi\u00e7\u00e3o de um estado de viol\u00eancia crescente e o colocaram como o estado que mais reduziu homic\u00eddios no Nordeste e o sexto no Brasil, no primeiro semestre deste ano.<\/p>\n<div id=\"attachment_105966\" style=\"width: 609px\" class=\"wp-caption aligncenter\"><img loading=\"lazy\" decoding=\"async\" aria-describedby=\"caption-attachment-105966\" class=\"size-full wp-image-105966\" src=\"http:\/\/senoticias.com.br\/se\/wp-content\/uploads\/2017\/08\/a9c3a4c15dc4d9e19e8f26bc988e4df9-e1503398771185.jpg\" alt=\"Da regi\u00e3o Nordeste, al\u00e9m de Sergipe, apenas Para\u00edba (-9,63), Piau\u00ed (-4,56%) e Bahia (-2,41%) conseguiram reduzir o n\u00famero de homic\u00eddios este ano  \" width=\"599\" height=\"400\" \/><p id=\"caption-attachment-105966\" class=\"wp-caption-text\">Da regi\u00e3o Nordeste, al\u00e9m de Sergipe, apenas Para\u00edba (-9,63), Piau\u00ed (-4,56%) e Bahia (-2,41%) conseguiram reduzir o n\u00famero de homic\u00eddios este ano (foto: arquivo\/SSP\/SE)<\/p><\/div>\n<p style=\"text-align: justify;\">Da regi\u00e3o Nordeste, al\u00e9m de Sergipe, apenas Para\u00edba (-9,63), Piau\u00ed (-4,56%) e Bahia (-2,41%) conseguiram reduzir o n\u00famero de homic\u00eddios este ano. Os estados de Pernambuco (+37,88%), Cear\u00e1 (+31,90%), Rio Grande do Norte (+26,27%) e Alagoas (+4,31%) caminharam na contram\u00e3o e registraram aumento no n\u00famero de assassinatos. O estado do Maranh\u00e3o ficou de fora da avalia\u00e7\u00e3o, j\u00e1 que o governo local n\u00e3o forneceu os dados solicitados.<\/p>\n<p style=\"text-align: justify;\">Segundo dados da Coordenadoria de Estat\u00edstica e An\u00e1lise Criminal (Ceacrim) da secretaria de Estado da Seguran\u00e7a P\u00fablica, de janeiro a junho deste ano, Sergipe registrou uma redu\u00e7\u00e3o de 12% no n\u00famero de homic\u00eddios no estado, quando comparado ao mesmo per\u00edodo de 2016. Se comparado a 2015, a redu\u00e7\u00e3o chega a 14,7%. \u00a0S\u00f3 na capital sergipana, a redu\u00e7\u00e3o chegou a 20,4% em 2017 comparado ao per\u00edodo de janeiro a maio de 2016. O m\u00eas de julho seguiu a mesma tend\u00eancia do semestre, com redu\u00e7\u00e3o de 22,5%.<\/p>\n<p style=\"text-align: justify;\">O governador Jackson Barreto comemorou a not\u00edcia e destacou os investimentos realizados na \u00e1rea, como o novo sistema de radiocomunica\u00e7\u00e3o digital da SSP, no valor de R$ 26,8 milh\u00f5es. \u201cFiquei muito feliz. Estava triste com as estat\u00edsticas que colocavam Sergipe entre os estados mais violentos. Arrega\u00e7amos as mangas e fomos \u00e0 luta e os resultados est\u00e3o a\u00ed. Isso \u00e9 resultado de um grande esfor\u00e7o da Seguran\u00e7a, da integra\u00e7\u00e3o das Pol\u00edcias e da For\u00e7a Nacional. Sergipe \u00e9 o primeiro do Nordeste em redu\u00e7\u00e3o de homic\u00eddios e o sexto do Brasil. Os sergipanos podem comemorar essa pesquisa, \u00e9 um grande presente para n\u00f3s todos\u201d, declarou o governador.<\/p>\n<p style=\"text-align: justify;\">Para o secret\u00e1rio da SSP, Jo\u00e3o Eloy, o resultado \u00e9 fruto das a\u00e7\u00f5es desenvolvidas pelo governo do Estado na \u00e1rea. \u201cUma das principais a\u00e7\u00f5es implantadas foi o Gabinete de Gest\u00e3o Operacional &#8211; GGO, iniciado em 2016, no qual nos reunimos semanalmente, o Comando da PM, a delegada Geral da Pol\u00edcia Civil e outros gestores relacionados \u00e0 \u00e1rea de Seguran\u00e7a, para avaliar os dados coletados pelo Centro Integrado de Opera\u00e7\u00f5es de Seguran\u00e7a P\u00fablica (Ciosp) e Ceacrim e analisarmos a mancha criminal. Investimos em a\u00e7\u00f5es para inibir os focos, o principal s\u00e3o os crimes contra a vida. Essa integra\u00e7\u00e3o entre as for\u00e7as de seguran\u00e7a p\u00fablica \u00e9 essencial para chegarmos a redu\u00e7\u00e3o da viol\u00eancia no estado\u201d.<\/p>\n<p style=\"text-align: justify;\">De acordo com Eloy, os investimentos no setor de intelig\u00eancia da SSP e na preven\u00e7\u00e3o merecem destaque. \u201cEm 2016, a SSP conseguiu estabilizar o crescimento e atingimos uma redu\u00e7\u00e3o de quase 12%. Focamos na redu\u00e7\u00e3o de homic\u00eddios, na divis\u00e3o de intelig\u00eancia, para isso o governo est\u00e1 investindo, realizou o concurso da Per\u00edcia, o qual j\u00e1 chamamos quase todos os aprovados, j\u00e1 convocou mais de 200 policiais civis do \u00faltimo concurso e todos aprovados do certame da PM\u201d, disse, acrescentando que a meta da Pasta \u00e9 chegar a redu\u00e7\u00e3o de 20% at\u00e9 o fim do ano.<\/p>\n<p style=\"text-align: justify;\">A delegada geral da Pol\u00edcia Civil, Katarina Feitosa, acrescentou que, por meio das an\u00e1lises dos dados coletados, a equipe de seguran\u00e7a consegue direcionar as a\u00e7\u00f5es em \u00e1reas priorit\u00e1rias. \u201cA quest\u00e3o de trabalhar com intelig\u00eancia e dados nos ajuda muito a combater a criminalidade. A prioridade s\u00e3o aquelas localidades que tem a maior mancha criminal, especialmente em homic\u00eddios, podemos citar como localidades de prioridade a zona Norte; a zona Sul, que engloba os bairros 17 de Mar\u00e7o e o Santa Maria e algumas cidades do interior, com trabalhos mais espec\u00edficos, como Itabaiana, Lagarto, a Grande Aracaju. Tudo isso voltado ao benef\u00edcio da popula\u00e7\u00e3o, porque uma vida que \u00e9 salva para n\u00f3s \u00e9 muito importante\u201d.<\/p>\n<p style=\"text-align: justify;\">J\u00e1 o comandante da Pol\u00edcia Militar no Estado, coronel Marcony Cabral, ressaltou o direcionamento dado pelo governador Jackson Barreto no sentindo de integrar as a\u00e7\u00f5es na \u00e1rea de seguran\u00e7a. \u201cFoi uma diretriz do governador no sentido de exigir uma seguran\u00e7a p\u00fablica mais integrada e operativa, a partir dai a integra\u00e7\u00e3o passou a ser nossa pauta principal. O governo do Estado foi muito feliz no sentido de investir no material humano, a Pol\u00edcia Militar, por exemplo, teve uma aprova\u00e7\u00e3o de uma gama de legisla\u00e7\u00e3o que possibilitou um acesso na carreira. A moderniza\u00e7\u00e3o da legisla\u00e7\u00e3o trouxe benef\u00edcios como o auxilio de folgas, PTS [Progress\u00e3o por Tempo de Servi\u00e7o], implementa\u00e7\u00e3o de transporte para os policiais do interior do estado e outras mais que foram feitas que valorizaram o que \u00e9 mais importante nas organiza\u00e7\u00f5es policiais, que s\u00e3o os pr\u00f3prios policiais\u201d.<\/p>\n<p><strong>For\u00e7a Naciona<\/strong>l<\/p>\n<p style=\"text-align: justify;\">A presen\u00e7a da For\u00e7a Nacional no estado tamb\u00e9m contribuiu para a redu\u00e7\u00e3o de homic\u00eddios. Os 50 homens da For\u00e7a atuam diariamente, por meio de bloqueios em pontos estrat\u00e9gicos para vistorias de ve\u00edculos e condutores a fim de identificar drogas ou armas. O efetivo est\u00e1 distribu\u00eddos em viaturas no bairro Santa Maria,Cidade Nova, Santos Dumont, Santo Ant\u00f4nio entre outros.<\/p>\n<p style=\"text-align: justify;\">Inicialmente, o trabalho da For\u00e7a Nacional seria de seis meses, mas o Minist\u00e9rio da Justi\u00e7a, atendendo solicita\u00e7\u00e3o do governador Jackson Barreto, estendeu at\u00e9 dezembro deste ano.<\/p>\n<p style=\"text-align: justify;\">A For\u00e7a Nacional de Seguran\u00e7a P\u00fablica (FNSP) est\u00e1 em Sergipe desde 27 de fevereiro auxiliando nas a\u00e7\u00f5es de policiamento ostensivo, pol\u00edcia judici\u00e1ria e per\u00edcia forense, com o objetivo de reduzir homic\u00eddios dolosos, feminic\u00eddios, viol\u00eancia contra a mulher e de combater a criminalidade organizada, tr\u00e1ficos de drogas e de armas.<\/p>\n<p><strong>Pol\u00edcia Militar<\/strong><\/p>\n<p style=\"text-align: justify;\">De 2014 at\u00e9 agora, o governo do Estado j\u00e1 convocou 1.200 aprovados no concurso da Pol\u00edcia Militar realizado em 2013, para refor\u00e7ar a seguran\u00e7a na capital e interior do estado. A terceira turma ingressou no curso de forma\u00e7\u00e3o em janeiro deste ano. Em mar\u00e7o de 2016, ingressaram na corpora\u00e7\u00e3o 350 novos soldados e, em janeiro de 2015, aconteceu a formatura da primeira turma, constitu\u00edda por 657 novos soldados.<\/p>\n<p>Na \u00e1rea de per\u00edcia, foram nomeados 34 profissionais criminais classificados em concurso p\u00fablico para as carreiras de atividades periciais da Coordenadoria Geral de Per\u00edcias (Cogerp) da SSP. Os novos servidores foram contratados para trabalhar nos Instituto de Criminal\u00edstica, M\u00e9dico Legal, de Identifica\u00e7\u00e3o e ainda de An\u00e1lise e Pesquisa Forense (IAPF).<\/p>\n<p style=\"text-align: justify;\">Tamb\u00e9m foram nomeados 100 agentes de Pol\u00edcia Judici\u00e1ria Substituto e 20 escriv\u00e3es substitutos para a Pol\u00edcia Civil. Recentemente, foram nomeados dez agentes e dez escriv\u00e3es para a Regional de Tobias Barreto e mais dez agentes e dez escriv\u00e3es para a regional de Itabaiana.<\/p>\n<p style=\"text-align: justify;\"><img loading=\"lazy\" decoding=\"async\" class=\"aligncenter size-full wp-image-105726\" src=\"http:\/\/senoticias.com.br\/se\/wp-content\/uploads\/2017\/08\/Logo-fone-1-2-1-2-4-6-1-1-1.jpg\" alt=\"Logo-fone-1-2-1-2-4-6-1-1\" width=\"599\" height=\"78\" srcset=\"https:\/\/senoticias.com.br\/se\/wp-content\/uploads\/2017\/08\/Logo-fone-1-2-1-2-4-6-1-1-1.jpg 599w, https:\/\/senoticias.com.br\/se\/wp-content\/uploads\/2017\/08\/Logo-fone-1-2-1-2-4-6-1-1-1-300x39.jpg 300w\" sizes=\"(max-width: 599px) 100vw, 599px\" \/><\/p>\n<p style=\"text-align: justify;\"><em><strong>Acompanhe tamb\u00e9m o SE Not\u00edcias no\u00a0<a href=\"https:\/\/twitter.com\/Senoticias\" target=\"_blank\">Twitter<\/a>,\u00a0<a href=\"https:\/\/www.facebook.com\/senoticias1\" target=\"_blank\">Facebook<\/a>\u00a0e no\u00a0<a href=\"https:\/\/www.instagram.com\/senoticias\/\" target=\"_blank\">Instagram<\/a><\/strong><\/em><\/p>\n<p style=\"text-align: justify;\"><em>Ag\u00eancia Sergipe Not\u00edcias<\/em><\/p>\n","protected":false},"excerpt":{"rendered":"<p>Levantamento divulgado nesta segunda, 21, pelo Jornal O Estado de S\u00e3o Paulo revela que Sergipe reduziu em 12,54% o n\u00famero de homic\u00eddios dolosos, les\u00f5es corporais seguidas de morte e latroc\u00ednios (roubos seguidos de morte) neste primeiro semestre do ano, quando comparado com os n\u00fameros de 2016. O planejamento aliado \u00e0 intelig\u00eancia policial, o aumento do [&hellip;]<\/p>\n","protected":false},"author":2,"featured_media":105966,"comment_status":"closed","ping_status":"closed","sticky":false,"template":"","format":"standard","meta":{"footnotes":""},"categories":[15],"tags":[5340,3227,3167,3748,223],"class_list":{"0":"post-105964","1":"post","2":"type-post","3":"status-publish","4":"format-standard","5":"has-post-thumbnail","7":"category-destaques","8":"tag-estadao","9":"tag-estado","10":"tag-homicidios","11":"tag-nordeste","12":"tag-sergipe"},"_links":{"self":[{"href":"https:\/\/senoticias.com.br\/se\/wp-json\/wp\/v2\/posts\/105964"}],"collection":[{"href":"https:\/\/senoticias.com.br\/se\/wp-json\/wp\/v2\/posts"}],"about":[{"href":"https:\/\/senoticias.com.br\/se\/wp-json\/wp\/v2\/types\/post"}],"author":[{"embeddable":true,"href":"https:\/\/senoticias.com.br\/se\/wp-json\/wp\/v2\/users\/2"}],"replies":[{"embeddable":true,"href":"https:\/\/senoticias.com.br\/se\/wp-json\/wp\/v2\/comments?post=105964"}],"version-history":[{"count":0,"href":"https:\/\/senoticias.com.br\/se\/wp-json\/wp\/v2\/posts\/105964\/revisions"}],"wp:featuredmedia":[{"embeddable":true,"href":"https:\/\/senoticias.com.br\/se\/wp-json\/wp\/v2\/media\/105966"}],"wp:attachment":[{"href":"https:\/\/senoticias.com.br\/se\/wp-json\/wp\/v2\/media?parent=105964"}],"wp:term":[{"taxonomy":"category","embeddable":true,"href":"https:\/\/senoticias.com.br\/se\/wp-json\/wp\/v2\/categories?post=105964"},{"taxonomy":"post_tag","embeddable":true,"href":"https:\/\/senoticias.com.br\/se\/wp-json\/wp\/v2\/tags?post=105964"}],"curies":[{"name":"wp","href":"https:\/\/api.w.org\/{rel}","templated":true}]}}