{"id":105944,"date":"2017-08-21T14:10:06","date_gmt":"2017-08-21T17:10:06","guid":{"rendered":"http:\/\/senoticias.com.br\/se\/?p=105944"},"modified":"2017-08-21T14:10:52","modified_gmt":"2017-08-21T17:10:52","slug":"policia-prende-mulheres-quando-tentavam-levar-droga-para-presidio-de-tobias-barreto","status":"publish","type":"post","link":"https:\/\/senoticias.com.br\/se\/policia-prende-mulheres-quando-tentavam-levar-droga-para-presidio-de-tobias-barreto\/","title":{"rendered":"Pol\u00edcia prende mulheres quando tentavam levar droga para pres\u00eddio de Tobias Barreto"},"content":{"rendered":"<p style=\"text-align: justify;\">A Pol\u00edcia Militar, por meio 11\u00ba Batalh\u00e3o de Pol\u00edcia Militar (11\u00b0BPM), prendeu na madrugada deste s\u00e1bado, 19, tr\u00eas mulheres acusadas de posse de drogas no munic\u00edpio de Tobias Barreto, localizado no agreste sergipano.<\/p>\n<div id=\"attachment_105946\" style=\"width: 310px\" class=\"wp-caption alignright\"><img loading=\"lazy\" decoding=\"async\" aria-describedby=\"caption-attachment-105946\" class=\"size-full wp-image-105946\" src=\"http:\/\/senoticias.com.br\/se\/wp-content\/uploads\/2017\/08\/Presidio-de-Tobias-Barreto-SENOTICIAS.jpg\" alt=\"Caso foi encaminhado \u00e0 Delegacia de Tobias Barreto\" width=\"300\" height=\"200\" srcset=\"https:\/\/senoticias.com.br\/se\/wp-content\/uploads\/2017\/08\/Presidio-de-Tobias-Barreto-SENOTICIAS.jpg 300w, https:\/\/senoticias.com.br\/se\/wp-content\/uploads\/2017\/08\/Presidio-de-Tobias-Barreto-SENOTICIAS-90x60.jpg 90w, https:\/\/senoticias.com.br\/se\/wp-content\/uploads\/2017\/08\/Presidio-de-Tobias-Barreto-SENOTICIAS-180x120.jpg 180w, https:\/\/senoticias.com.br\/se\/wp-content\/uploads\/2017\/08\/Presidio-de-Tobias-Barreto-SENOTICIAS-95x64.jpg 95w\" sizes=\"(max-width: 300px) 100vw, 300px\" \/><p id=\"caption-attachment-105946\" class=\"wp-caption-text\">Caso foi encaminhado \u00e0 Delegacia de Tobias Barreto (foto: SSP\/SE)<\/p><\/div>\n<p style=\"text-align: justify;\">A pris\u00e3o aconteceu ap\u00f3s policiais militares receberem informa\u00e7\u00f5es de que mulheres estavam levando drogas para seus companheiros que estavam detidos no pres\u00eddio. A partir dessa informa\u00e7\u00e3o, os policiais come\u00e7aram a realizar abordagens a ve\u00edculos e pessoas no trecho da rodovia SE 170, que liga Riach\u00e3o do Dantas a Tobias Barreto, pr\u00f3ximo ao povoado Pau de Colher e encontraram as suspeitas com aproximadamente meio quilo de maconha.<\/p>\n<p style=\"text-align: justify;\">Segundo informa\u00e7\u00f5es policiais, Gard\u00eania dos Santos e Val\u00e9ria Santos Mota confessaram estar levando a droga para seus companheiros presidi\u00e1rios. A terceira mulher, Aline Santana de Lima, afirmou estar levando o entorpecente para consumo pr\u00f3prio.<\/p>\n<p style=\"text-align: justify;\">O caso foi encaminhado \u00e0 Delegacia de Tobias Barreto para ado\u00e7\u00e3o das devidas provid\u00eancias.<\/p>\n<p style=\"text-align: justify;\"><img loading=\"lazy\" decoding=\"async\" class=\"aligncenter size-full wp-image-105726\" src=\"http:\/\/senoticias.com.br\/se\/wp-content\/uploads\/2017\/08\/Logo-fone-1-2-1-2-4-6-1-1-1.jpg\" alt=\"Logo-fone-1-2-1-2-4-6-1-1\" width=\"599\" height=\"78\" srcset=\"https:\/\/senoticias.com.br\/se\/wp-content\/uploads\/2017\/08\/Logo-fone-1-2-1-2-4-6-1-1-1.jpg 599w, https:\/\/senoticias.com.br\/se\/wp-content\/uploads\/2017\/08\/Logo-fone-1-2-1-2-4-6-1-1-1-300x39.jpg 300w\" sizes=\"(max-width: 599px) 100vw, 599px\" \/><\/p>\n<p style=\"text-align: justify;\"><em><strong>Acompanhe tamb\u00e9m o SE Not\u00edcias no<\/strong><strong>\u00a0<\/strong><strong><a href=\"https:\/\/twitter.com\/Senoticias\">Twitter<\/a>,<\/strong><strong>\u00a0<\/strong><strong><a href=\"https:\/\/www.facebook.com\/senoticias1\">Facebook\u00a0<\/a>e no<\/strong><strong>\u00a0<\/strong><strong><a href=\"https:\/\/www.instagram.com\/senoticias\/\">Instagram<\/a><\/strong><\/em><\/p>\n<p style=\"text-align: justify;\"><em>Informa\u00e7\u00f5es da SSP\/SE\u00a0<\/em><\/p>\n","protected":false},"excerpt":{"rendered":"<p>A Pol\u00edcia Militar, por meio 11\u00ba Batalh\u00e3o de Pol\u00edcia Militar (11\u00b0BPM), prendeu na madrugada deste s\u00e1bado, 19, tr\u00eas mulheres acusadas de posse de drogas no munic\u00edpio de Tobias Barreto, localizado no agreste sergipano. A pris\u00e3o aconteceu ap\u00f3s policiais militares receberem informa\u00e7\u00f5es de que mulheres estavam levando drogas para seus companheiros que estavam detidos no pres\u00eddio. [&hellip;]<\/p>\n","protected":false},"author":2,"featured_media":105946,"comment_status":"closed","ping_status":"closed","sticky":false,"template":"","format":"standard","meta":{"footnotes":""},"categories":[7],"tags":[5327,855,1303,468],"class_list":{"0":"post-105944","1":"post","2":"type-post","3":"status-publish","4":"format-standard","5":"has-post-thumbnail","7":"category-policia","8":"tag-batalhao-de-policia-militar","9":"tag-mulheres","10":"tag-policia","11":"tag-tobias-barreto"},"_links":{"self":[{"href":"https:\/\/senoticias.com.br\/se\/wp-json\/wp\/v2\/posts\/105944"}],"collection":[{"href":"https:\/\/senoticias.com.br\/se\/wp-json\/wp\/v2\/posts"}],"about":[{"href":"https:\/\/senoticias.com.br\/se\/wp-json\/wp\/v2\/types\/post"}],"author":[{"embeddable":true,"href":"https:\/\/senoticias.com.br\/se\/wp-json\/wp\/v2\/users\/2"}],"replies":[{"embeddable":true,"href":"https:\/\/senoticias.com.br\/se\/wp-json\/wp\/v2\/comments?post=105944"}],"version-history":[{"count":0,"href":"https:\/\/senoticias.com.br\/se\/wp-json\/wp\/v2\/posts\/105944\/revisions"}],"wp:featuredmedia":[{"embeddable":true,"href":"https:\/\/senoticias.com.br\/se\/wp-json\/wp\/v2\/media\/105946"}],"wp:attachment":[{"href":"https:\/\/senoticias.com.br\/se\/wp-json\/wp\/v2\/media?parent=105944"}],"wp:term":[{"taxonomy":"category","embeddable":true,"href":"https:\/\/senoticias.com.br\/se\/wp-json\/wp\/v2\/categories?post=105944"},{"taxonomy":"post_tag","embeddable":true,"href":"https:\/\/senoticias.com.br\/se\/wp-json\/wp\/v2\/tags?post=105944"}],"curies":[{"name":"wp","href":"https:\/\/api.w.org\/{rel}","templated":true}]}}