{"id":105943,"date":"2017-08-21T13:45:49","date_gmt":"2017-08-21T16:45:49","guid":{"rendered":"http:\/\/senoticias.com.br\/se\/?p=105943"},"modified":"2017-08-21T18:10:55","modified_gmt":"2017-08-21T21:10:55","slug":"detran-anuncia-mudancas-no-exame-pratico-de-direcao-a-partir-desta-terca","status":"publish","type":"post","link":"https:\/\/senoticias.com.br\/se\/detran-anuncia-mudancas-no-exame-pratico-de-direcao-a-partir-desta-terca\/","title":{"rendered":"Mudan\u00e7as da prova pr\u00e1tica de dire\u00e7\u00e3o come\u00e7am a valer nesta ter\u00e7a, dia 22"},"content":{"rendered":"<p style=\"text-align: justify;\">A partir desta ter\u00e7a-feira, 22 de agosto, as avalia\u00e7\u00f5es para primeira habilita\u00e7\u00e3o, adi\u00e7\u00e3o ou mudan\u00e7a de categoria j\u00e1 incluir\u00e3o as novas regras de exame pr\u00e1tico de dire\u00e7\u00e3o do Departamento Estadual de Tr\u00e2nsito (Detran\/SE). As provas incluir\u00e3o rampa de aclive para controle do carro, todo condutor far\u00e1 as provas de baliza e garagem, n\u00e3o sendo mais realizado o sorteio entre as modalidades, e a realiza\u00e7\u00e3o das provas de moto (categoria A) tamb\u00e9m no p\u00e1tio do Detran.<\/p>\n<div id=\"attachment_105945\" style=\"width: 609px\" class=\"wp-caption aligncenter\"><img loading=\"lazy\" decoding=\"async\" aria-describedby=\"caption-attachment-105945\" class=\"size-full wp-image-105945\" src=\"http:\/\/senoticias.com.br\/se\/wp-content\/uploads\/2017\/08\/detran-SENOTICIAS-e1503333890899.jpg\" alt=\"Foto: Detran\/SE\" width=\"599\" height=\"289\" \/><p id=\"caption-attachment-105945\" class=\"wp-caption-text\">Foto: Detran\/SE<\/p><\/div>\n<p style=\"text-align: justify;\">Segundo o coordenador de Exames (Codex), Lucival Vieira, as mudan\u00e7as trar\u00e3o mais qualidade para as provas. \u201c\u00c9 preciso avaliar o candidato para que ele seja capaz de lidar conscientemente com o tr\u00e2nsito. As medidas adotadas visam prioritariamente exigir deles melhor enfrentamento nas diversas situa\u00e7\u00f5es do dia a dia. Al\u00e9m disso, com as mudan\u00e7as, ocorrer\u00e1 a redu\u00e7\u00e3o do tempo de espera no agendamento dos candidatos\u201d, explicou.<\/p>\n<p style=\"text-align: justify;\"><img loading=\"lazy\" decoding=\"async\" class=\"aligncenter size-full wp-image-105726\" src=\"http:\/\/senoticias.com.br\/se\/wp-content\/uploads\/2017\/08\/Logo-fone-1-2-1-2-4-6-1-1-1.jpg\" alt=\"Logo-fone-1-2-1-2-4-6-1-1\" width=\"599\" height=\"78\" srcset=\"https:\/\/senoticias.com.br\/se\/wp-content\/uploads\/2017\/08\/Logo-fone-1-2-1-2-4-6-1-1-1.jpg 599w, https:\/\/senoticias.com.br\/se\/wp-content\/uploads\/2017\/08\/Logo-fone-1-2-1-2-4-6-1-1-1-300x39.jpg 300w\" sizes=\"(max-width: 599px) 100vw, 599px\" \/><\/p>\n<p style=\"text-align: justify;\"><em><strong>Acompanhe tamb\u00e9m o SE Not\u00edcias no\u00a0<a href=\"https:\/\/twitter.com\/Senoticias\" target=\"_blank\">Twitter<\/a>,\u00a0<a href=\"https:\/\/www.facebook.com\/senoticias1\" target=\"_blank\">Facebook<\/a>\u00a0e no\u00a0<a href=\"https:\/\/www.instagram.com\/senoticias\/\" target=\"_blank\">Instagram<\/a><\/strong><\/em><\/p>\n<p style=\"text-align: justify;\"><em>Por Reda\u00e7\u00e3o do SE Not\u00edcias, com informa\u00e7\u00f5es do Detran\/SE<\/em><\/p>\n","protected":false},"excerpt":{"rendered":"<p>A partir desta ter\u00e7a-feira, 22 de agosto, as avalia\u00e7\u00f5es para primeira habilita\u00e7\u00e3o, adi\u00e7\u00e3o ou mudan\u00e7a de categoria j\u00e1 incluir\u00e3o as novas regras de exame pr\u00e1tico de dire\u00e7\u00e3o do Departamento Estadual de Tr\u00e2nsito (Detran\/SE). As provas incluir\u00e3o rampa de aclive para controle do carro, todo condutor far\u00e1 as provas de baliza e garagem, n\u00e3o sendo mais [&hellip;]<\/p>\n","protected":false},"author":2,"featured_media":0,"comment_status":"closed","ping_status":"closed","sticky":false,"template":"","format":"standard","meta":{"footnotes":""},"categories":[15],"tags":[1828,4929,3018,223],"class_list":{"0":"post-105943","1":"post","2":"type-post","3":"status-publish","4":"format-standard","6":"category-destaques","7":"tag-detran","8":"tag-habilitacao","9":"tag-mudancas","10":"tag-sergipe"},"_links":{"self":[{"href":"https:\/\/senoticias.com.br\/se\/wp-json\/wp\/v2\/posts\/105943"}],"collection":[{"href":"https:\/\/senoticias.com.br\/se\/wp-json\/wp\/v2\/posts"}],"about":[{"href":"https:\/\/senoticias.com.br\/se\/wp-json\/wp\/v2\/types\/post"}],"author":[{"embeddable":true,"href":"https:\/\/senoticias.com.br\/se\/wp-json\/wp\/v2\/users\/2"}],"replies":[{"embeddable":true,"href":"https:\/\/senoticias.com.br\/se\/wp-json\/wp\/v2\/comments?post=105943"}],"version-history":[{"count":0,"href":"https:\/\/senoticias.com.br\/se\/wp-json\/wp\/v2\/posts\/105943\/revisions"}],"wp:attachment":[{"href":"https:\/\/senoticias.com.br\/se\/wp-json\/wp\/v2\/media?parent=105943"}],"wp:term":[{"taxonomy":"category","embeddable":true,"href":"https:\/\/senoticias.com.br\/se\/wp-json\/wp\/v2\/categories?post=105943"},{"taxonomy":"post_tag","embeddable":true,"href":"https:\/\/senoticias.com.br\/se\/wp-json\/wp\/v2\/tags?post=105943"}],"curies":[{"name":"wp","href":"https:\/\/api.w.org\/{rel}","templated":true}]}}