{"id":105931,"date":"2017-08-21T08:13:57","date_gmt":"2017-08-21T11:13:57","guid":{"rendered":"http:\/\/senoticias.com.br\/se\/?p=105931"},"modified":"2017-08-21T08:51:15","modified_gmt":"2017-08-21T11:51:15","slug":"lula-reconhece-que-teve-erros-no-seu-governo","status":"publish","type":"post","link":"https:\/\/senoticias.com.br\/se\/lula-reconhece-que-teve-erros-no-seu-governo\/","title":{"rendered":"Em Sergipe, Lula reconhece erros no seu governo"},"content":{"rendered":"<p style=\"text-align: justify;\">Na manh\u00e3 desta segunda-feira, 21, o jornal Folha de S\u00e3o Paulo destacou fala do ex-presidente Luiz In\u00e1cio Lula da Silva em que admite erros \u00e0 frente do governo. Usando a express\u00e3o &#8220;talvez&#8221; e falando no plural Lula dividiu a responsabilidade com a sucessora Dilma Rousseff.<\/p>\n<p style=\"text-align: justify;\">&#8220;Sei que n\u00e3o fizemos tudo, talvez tenhamos cometido erros. Se a companheira Dilma estivesse aqui, com certeza iria reconhecer que teve erros&#8221;, afirmou, durante sua passagem por Est\u00e2ncia, sul de Sergipe.<\/p>\n<p style=\"text-align: justify;\">Lula chegou a Sergipe no domingo, 20, e tem compromissos no estado at\u00e9 a ter\u00e7a-feira, 21. A caravana Lula Pelo Brasil come\u00e7ou pelo estado da Bahia, no dia 17 deste m\u00eas.<\/p>\n<div id=\"attachment_105932\" style=\"width: 609px\" class=\"wp-caption aligncenter\"><img loading=\"lazy\" decoding=\"async\" aria-describedby=\"caption-attachment-105932\" class=\"size-full wp-image-105932\" src=\"http:\/\/senoticias.com.br\/se\/wp-content\/uploads\/2017\/08\/lula-sergipe-e1503314020608.jpeg\" alt=\"Foto: Guilherme Imbassahy \/ Jornalistas Livres\" width=\"599\" height=\"596\" \/><p id=\"caption-attachment-105932\" class=\"wp-caption-text\">Foto: Guilherme Imbassahy \/ Jornalistas Livres<\/p><\/div>\n<p style=\"text-align: justify;\">Ao falar dos processos a que responde, Lula disse, sobre um palanque, que a elite n\u00e3o o perdoava por ter levado fil\u00e9 \u00e0 mesa do pobre. &#8220;Eu resolvi andar porque voc\u00eas sabem o que est\u00e3o tentando fazer comigo. Tenham certeza que o problema n\u00e3o \u00e9 o Lula. O problema s\u00e3o voc\u00eas&#8221;, disse ele, listando a\u00e7\u00f5es de seu governo.<br \/>\n&#8220;Eles n\u00e3o nos perdoam. Eles n\u00e3o me perdoam porque os pobres come\u00e7aram a viajar a S\u00e3o Paulo de avi\u00e3o&#8221;, afirmou. Lula disse tamb\u00e9m que o governo quer fazer novas privatiza\u00e7\u00f5es: &#8220;Essa gente quer vender tudo, o Banco do Brasil, a Caixa, a Petrobras, a BR&#8221;.<\/p>\n<p style=\"text-align: justify;\">Ainda em Est\u00e2ncia, o ex-presidente petista chorou ao lamentar a morte do ex-governador Marcelo D\u00e9da, do ex-senador Jos\u00e9 Eduardo Dutra e de sua mulher, Marisa Let\u00edcia.<\/p>\n<p style=\"text-align: justify;\">O jornal tamb\u00e9m destacou que o governador Jackson Barreto (PMDB) foi vaiado pelo p\u00fablico ao ser anunciado no palanque e tamb\u00e9m chorou quando Lula agradeceu publicamente por sua lealdade a Dilma.<\/p>\n<p style=\"text-align: justify;\">&#8220;Quero te dizer foi um dos poucos de governadores deste pa\u00eds que mostrou ter car\u00e1ter e n\u00e3o teve medo de apoiar a companheira Dilma. Eu sou agradecido. Na noite em que Dilma estava sendo torturada, n\u00f3s est\u00e1vamos no Alvorada e apareceram os cinco governadores do PT e o companheiro Jackson, porque os outros n\u00e3o tiveram coragem de ir&#8221;, contou o ex-presidente.<\/p>\n<p style=\"text-align: justify;\"><img loading=\"lazy\" decoding=\"async\" class=\"aligncenter size-full wp-image-105726\" src=\"http:\/\/senoticias.com.br\/se\/wp-content\/uploads\/2017\/08\/Logo-fone-1-2-1-2-4-6-1-1-1.jpg\" alt=\"Logo-fone-1-2-1-2-4-6-1-1\" width=\"599\" height=\"78\" srcset=\"https:\/\/senoticias.com.br\/se\/wp-content\/uploads\/2017\/08\/Logo-fone-1-2-1-2-4-6-1-1-1.jpg 599w, https:\/\/senoticias.com.br\/se\/wp-content\/uploads\/2017\/08\/Logo-fone-1-2-1-2-4-6-1-1-1-300x39.jpg 300w\" sizes=\"(max-width: 599px) 100vw, 599px\" \/><\/p>\n<p><em><strong>Acompanhe tamb\u00e9m o SE Not\u00edcias no\u00a0<a href=\"https:\/\/twitter.com\/Senoticias\" target=\"_blank\">Twitter<\/a>,\u00a0<a href=\"https:\/\/www.facebook.com\/senoticias1\" target=\"_blank\">Facebook<\/a>\u00a0e no\u00a0<a href=\"https:\/\/www.instagram.com\/senoticias\/\" target=\"_blank\">Instagram<\/a><\/strong><\/em><\/p>\n<p><strong><em>Por Reda\u00e7\u00e3o do SE Not\u00edcias, com informa\u00e7\u00f5es da Folha de SP<\/em><\/strong><\/p>\n","protected":false},"excerpt":{"rendered":"<p>Na manh\u00e3 desta segunda-feira, 21, o jornal Folha de S\u00e3o Paulo destacou fala do ex-presidente Luiz In\u00e1cio Lula da Silva em que admite erros \u00e0 frente do governo. Usando a express\u00e3o &#8220;talvez&#8221; e falando no plural Lula dividiu a responsabilidade com a sucessora Dilma Rousseff. &#8220;Sei que n\u00e3o fizemos tudo, talvez tenhamos cometido erros. Se [&hellip;]<\/p>\n","protected":false},"author":2,"featured_media":0,"comment_status":"closed","ping_status":"closed","sticky":false,"template":"","format":"standard","meta":{"footnotes":""},"categories":[6],"tags":[5073,2002,90,2168,223],"class_list":{"0":"post-105931","1":"post","2":"type-post","3":"status-publish","4":"format-standard","6":"category-politica","7":"tag-caravana","8":"tag-governo","9":"tag-lula","10":"tag-politica","11":"tag-sergipe"},"_links":{"self":[{"href":"https:\/\/senoticias.com.br\/se\/wp-json\/wp\/v2\/posts\/105931"}],"collection":[{"href":"https:\/\/senoticias.com.br\/se\/wp-json\/wp\/v2\/posts"}],"about":[{"href":"https:\/\/senoticias.com.br\/se\/wp-json\/wp\/v2\/types\/post"}],"author":[{"embeddable":true,"href":"https:\/\/senoticias.com.br\/se\/wp-json\/wp\/v2\/users\/2"}],"replies":[{"embeddable":true,"href":"https:\/\/senoticias.com.br\/se\/wp-json\/wp\/v2\/comments?post=105931"}],"version-history":[{"count":0,"href":"https:\/\/senoticias.com.br\/se\/wp-json\/wp\/v2\/posts\/105931\/revisions"}],"wp:attachment":[{"href":"https:\/\/senoticias.com.br\/se\/wp-json\/wp\/v2\/media?parent=105931"}],"wp:term":[{"taxonomy":"category","embeddable":true,"href":"https:\/\/senoticias.com.br\/se\/wp-json\/wp\/v2\/categories?post=105931"},{"taxonomy":"post_tag","embeddable":true,"href":"https:\/\/senoticias.com.br\/se\/wp-json\/wp\/v2\/tags?post=105931"}],"curies":[{"name":"wp","href":"https:\/\/api.w.org\/{rel}","templated":true}]}}