{"id":105920,"date":"2017-08-21T07:14:34","date_gmt":"2017-08-21T10:14:34","guid":{"rendered":"http:\/\/senoticias.com.br\/se\/?p=105920"},"modified":"2017-08-21T08:38:59","modified_gmt":"2017-08-21T11:38:59","slug":"rodovia-joao-bebe-agua-a-rodovia-do-renascimento-escreve-mario-santos","status":"publish","type":"post","link":"https:\/\/senoticias.com.br\/se\/rodovia-joao-bebe-agua-a-rodovia-do-renascimento-escreve-mario-santos\/","title":{"rendered":"Rodovia Jo\u00e3o Bebe \u00c1gua: \u201ca rodovia do renascimento&#8221;, escreve M\u00e1rio Santos"},"content":{"rendered":"<div><em>Por M\u00e1rio Jos\u00e9 dos Santos*<\/em><\/div>\n<div style=\"text-align: justify;\"><\/div>\n<div style=\"text-align: justify;\">\n<p>No passado Jo\u00e3o Bebe \u00c1gua foi o s\u00edmbolo da resist\u00eancia para que S\u00e3o Crist\u00f3v\u00e3o se mantivesse como capital de Sergipe e por consequ\u00eancia mantivesse sua import\u00e2ncia pol\u00edtica no cen\u00e1rio estadual. Hoje a Rodovia que leva seu nome passou a ter uma import\u00e2ncia enorme para o futuro da cidade, podendo inclusive ser chamada de: \u201cRodovia do renascimento\u201d. Lideran\u00e7as pol\u00edticas, empresariais e comunit\u00e1rias devem se unir em defesa da revitaliza\u00e7\u00e3o dessa rodovia para fortalecer o desenvolvimento econ\u00f4mico e a integra\u00e7\u00e3o social e tur\u00edstica de S\u00e3o Crist\u00f3v\u00e3o a toda a regi\u00e3o metropolitana de Aracaju.<\/p>\n<div id=\"attachment_105934\" style=\"width: 609px\" class=\"wp-caption aligncenter\"><img loading=\"lazy\" decoding=\"async\" aria-describedby=\"caption-attachment-105934\" class=\"size-full wp-image-105934\" src=\"http:\/\/senoticias.com.br\/se\/wp-content\/uploads\/2017\/08\/IMG_6698-e1503315278871.jpg\" alt=\"Falta de manuten\u00e7ao na Rodovia Jo\u00e3o Bebe \u00c1gua tem sido motivo de reclama\u00e7\u00e3o em S\u00e3o Crist\u00f3v\u00e3o (foto: SE Not\u00edcias)\" width=\"599\" height=\"399\" \/><p id=\"caption-attachment-105934\" class=\"wp-caption-text\">Falta de manuten\u00e7\u00e3o na Rodovia Jo\u00e3o Bebe \u00c1gua tem sido motivo de reclama\u00e7\u00e3o dos moradores de S\u00e3o Crist\u00f3v\u00e3o (foto: SE Not\u00edcias)<\/p><\/div>\n<\/div>\n<div id=\"m_-4419560153344044669yMail_cursorElementTracker_1503098964834\"><\/div>\n<div style=\"text-align: justify;\">\u00c9 um tra\u00e7ado estrat\u00e9gico para o turismo, que cria novas perspectivas de expans\u00e3o para a economia da cidade, facilitando o acesso e rompendo as barreiras que hoje impedem o interc\u00e2mbio tur\u00edstico, comercial e de servi\u00e7os na regi\u00e3o.<\/div>\n<div id=\"m_-4419560153344044669yMail_cursorElementTracker_1503098960979\"><\/div>\n<div style=\"text-align: justify;\">Muito mais que nova alternativa de deslocamento, a revitaliza\u00e7\u00e3o da Jo\u00e3o Bebe \u00c1gua insere-se no conceito de desenvolvimento sustent\u00e1vel. Uma malha vi\u00e1ria renovada, ir\u00e1 ampliar as oportunidades de atra\u00e7\u00e3o de investimentos, de produ\u00e7\u00e3o de riquezas e de melhoria das condi\u00e7\u00f5es sociais e da qualidade de vida dos sancristovenses.<\/div>\n<div id=\"m_-4419560153344044669yMail_cursorElementTracker_1503098956633\"><\/div>\n<div id=\"m_-4419560153344044669yMail_cursorElementTracker_1503099011161\" style=\"text-align: justify;\">O setor tur\u00edstico come\u00e7ar\u00e1 a olhar a regi\u00e3o de outra forma e at\u00e9 o setor hoteleiro poder\u00e1 passar a investir mais na cidade, significando emprego e renda para a popula\u00e7\u00e3o da cidade.<\/div>\n<div id=\"m_-4419560153344044669yMail_cursorElementTracker_1503098953478\"><\/div>\n<div id=\"m_-4419560153344044669yMail_cursorElementTracker_1503099138918\" style=\"text-align: justify;\">O Governo Estadual precisa olhar o munic\u00edpio com mais aten\u00e7\u00e3o. Ap\u00f3s a gest\u00e3o de Marcelo D\u00e9da, que investiu aproximadamente 170 milh\u00f5es em S\u00e3o Crist\u00f3v\u00e3o e que foi um dos grandes articuladores para que a Pra\u00e7a S\u00e3o Francisco fosse reconhecida como Patrim\u00f4nio Mundial pela Unesco, o governo Jackson Barreto praticamente abandonou a cidade, mesmo sendo o 5\u00ba col\u00e9gio eleitoral do estado, mas sem uma lideran\u00e7a pol\u00edtica que representasse a cidade no parlamento, o munic\u00edpio ficou fora dos investimentos do Proinvest. Ap\u00f3s o rompimento pol\u00edtico entre o governador e o grupo que comandava a cidade, nas elei\u00e7\u00f5es de 2014, e mesmo tendo o Deputado Francisco Gualberto que \u00e9 filho da terra, e que \u00e9 l\u00edder do governo Jackson Barreto e \u00e9 um parlamentar influente, o cofre do Governo Estadual se fechou para a cidade.<\/div>\n<div style=\"text-align: justify;\"><\/div>\n<div id=\"m_-4419560153344044669yMail_cursorElementTracker_1503098931423\" style=\"text-align: justify;\">Com a proximidade das elei\u00e7\u00f5es de 2018, o povo sancristovense deve pagar na mesma moeda e esquecer das lideran\u00e7as que viraram as costas para cidade, seja por falta de compromisso, seja por quest\u00f5es pol\u00edtico-partid\u00e1ria, o que deve prevalecer em primeiro lugar \u00e9 o interesse coletivo, o bem comum.<\/div>\n<div id=\"m_-4419560153344044669yMail_cursorElementTracker_1503098933559\"><\/div>\n<div id=\"m_-4419560153344044669yMail_cursorElementTracker_1503098933876\"><em>Por M\u00e1rio Jos\u00e9 dos Santos<\/em><\/div>\n<div id=\"m_-4419560153344044669ymail_android_signature\"><em>Membro do F\u00f3rum em Defesa da Grande Aracaju.<\/em><\/div>\n<div><\/div>\n<div><img loading=\"lazy\" decoding=\"async\" class=\"aligncenter size-full wp-image-105726\" src=\"http:\/\/senoticias.com.br\/se\/wp-content\/uploads\/2017\/08\/Logo-fone-1-2-1-2-4-6-1-1-1.jpg\" alt=\"Logo-fone-1-2-1-2-4-6-1-1\" width=\"599\" height=\"78\" srcset=\"https:\/\/senoticias.com.br\/se\/wp-content\/uploads\/2017\/08\/Logo-fone-1-2-1-2-4-6-1-1-1.jpg 599w, https:\/\/senoticias.com.br\/se\/wp-content\/uploads\/2017\/08\/Logo-fone-1-2-1-2-4-6-1-1-1-300x39.jpg 300w\" sizes=\"(max-width: 599px) 100vw, 599px\" \/><\/div>\n<div><\/div>\n<div><em><strong>Acompanhe tamb\u00e9m o SE Not\u00edcias no\u00a0<a href=\"https:\/\/twitter.com\/Senoticias\" target=\"_blank\">Twitter<\/a>,\u00a0<a href=\"https:\/\/www.facebook.com\/senoticias1\" target=\"_blank\">Facebook<\/a>\u00a0e no\u00a0<a href=\"https:\/\/www.instagram.com\/senoticias\/\" target=\"_blank\">Instagram<\/a><\/strong><\/em><\/div>\n","protected":false},"excerpt":{"rendered":"<p>Por M\u00e1rio Jos\u00e9 dos Santos* No passado Jo\u00e3o Bebe \u00c1gua foi o s\u00edmbolo da resist\u00eancia para que S\u00e3o Crist\u00f3v\u00e3o se mantivesse como capital de Sergipe e por consequ\u00eancia mantivesse sua import\u00e2ncia pol\u00edtica no cen\u00e1rio estadual. Hoje a Rodovia que leva seu nome passou a ter uma import\u00e2ncia enorme para o futuro da cidade, podendo inclusive [&hellip;]<\/p>\n","protected":false},"author":2,"featured_media":105934,"comment_status":"closed","ping_status":"closed","sticky":false,"template":"","format":"standard","meta":{"footnotes":""},"categories":[37,38],"tags":[4180,5320,3002],"class_list":{"0":"post-105920","1":"post","2":"type-post","3":"status-publish","4":"format-standard","5":"has-post-thumbnail","7":"category-artigos","8":"category-municipios","9":"tag-joao-bebe-agua","10":"tag-rodovia-do-renascimento","11":"tag-rodovia-joao-bebe-agua"},"_links":{"self":[{"href":"https:\/\/senoticias.com.br\/se\/wp-json\/wp\/v2\/posts\/105920"}],"collection":[{"href":"https:\/\/senoticias.com.br\/se\/wp-json\/wp\/v2\/posts"}],"about":[{"href":"https:\/\/senoticias.com.br\/se\/wp-json\/wp\/v2\/types\/post"}],"author":[{"embeddable":true,"href":"https:\/\/senoticias.com.br\/se\/wp-json\/wp\/v2\/users\/2"}],"replies":[{"embeddable":true,"href":"https:\/\/senoticias.com.br\/se\/wp-json\/wp\/v2\/comments?post=105920"}],"version-history":[{"count":0,"href":"https:\/\/senoticias.com.br\/se\/wp-json\/wp\/v2\/posts\/105920\/revisions"}],"wp:featuredmedia":[{"embeddable":true,"href":"https:\/\/senoticias.com.br\/se\/wp-json\/wp\/v2\/media\/105934"}],"wp:attachment":[{"href":"https:\/\/senoticias.com.br\/se\/wp-json\/wp\/v2\/media?parent=105920"}],"wp:term":[{"taxonomy":"category","embeddable":true,"href":"https:\/\/senoticias.com.br\/se\/wp-json\/wp\/v2\/categories?post=105920"},{"taxonomy":"post_tag","embeddable":true,"href":"https:\/\/senoticias.com.br\/se\/wp-json\/wp\/v2\/tags?post=105920"}],"curies":[{"name":"wp","href":"https:\/\/api.w.org\/{rel}","templated":true}]}}