{"id":105907,"date":"2017-08-20T14:16:48","date_gmt":"2017-08-20T17:16:48","guid":{"rendered":"http:\/\/senoticias.com.br\/se\/?p=105907"},"modified":"2017-08-20T14:17:25","modified_gmt":"2017-08-20T17:17:25","slug":"prefeitura-de-itabaiana-divulga-programacao-dos-129-anos-de-emancipacao-politica","status":"publish","type":"post","link":"https:\/\/senoticias.com.br\/se\/prefeitura-de-itabaiana-divulga-programacao-dos-129-anos-de-emancipacao-politica\/","title":{"rendered":"Prefeitura de Itabaiana divulga programa\u00e7\u00e3o de Emancipa\u00e7\u00e3o Pol\u00edtica"},"content":{"rendered":"<p style=\"text-align: justify;\">A Prefeitura Municipal de Itabaiana divulgou a programa\u00e7\u00e3o cultural em alus\u00e3o aos 129 anos de Emancipa\u00e7\u00e3o Pol\u00edtica do munic\u00edpio. O evento acontecer\u00e1 de <strong>25 a 28<\/strong> de agosto. Confira a programa\u00e7\u00e3o completa, que tem por objetivo principal homenagear artistas da terra e valorizar a cultural local:<\/p>\n<div id=\"attachment_105908\" style=\"width: 609px\" class=\"wp-caption aligncenter\"><img loading=\"lazy\" decoding=\"async\" aria-describedby=\"caption-attachment-105908\" class=\"size-full wp-image-105908\" src=\"http:\/\/senoticias.com.br\/se\/wp-content\/uploads\/2017\/08\/Emancipa\u00e7\u00e3o-pol\u00edtica-senoticias-e1503249263230.jpg\" alt=\"O evento acontecer\u00e1 de 25 a 28 de agosto.\" width=\"599\" height=\"368\" \/><p id=\"caption-attachment-105908\" class=\"wp-caption-text\">O evento acontecer\u00e1 de 25 a 28 de agosto.<\/p><\/div>\n<p><strong>Sexta-feira 25 de agosto<\/strong><\/p>\n<p>9h &#8211; Abertura do evento<\/p>\n<p>9h &#8211; Apresenta\u00e7\u00e3o do Grupo Afro Recicl\u00e1vel<br \/>\n9h \u2013 Apresenta\u00e7\u00e3o do Grupo de Dan\u00e7a\u00a0 Pequenas Brilhantes ( Centro educacional Vov\u00f3 Ninha)<br \/>\n9h40min \u2013 Apresenta\u00e7\u00e3o de Dan\u00e7a Country \u2013 Alunos do projeto Formiguinha<br \/>\n9h55min \u2013 Declama\u00e7\u00e3o de poemas sobre Itabaiana (Escola municipal Hermelina da Costa Lima)<br \/>\n10h10min- Apresenta\u00e7\u00e3o da banda C\u00e9lio<br \/>\n10h25min- Apresenta\u00e7\u00e3o do Grupo de percuss\u00e3o<br \/>\n10h40min- Apresenta\u00e7\u00e3o de Capoeira<br \/>\n10h55min \u2013 Apresenta\u00e7\u00e3o do grupo CRAS- Dan\u00e7a<br \/>\n14h\u2013 Apresenta\u00e7\u00e3o de Frevo<br \/>\n14h15min \u2013 Apresenta\u00e7\u00e3o de Pe\u00e7a Teatral<br \/>\n14h30min \u2013 Forr\u00f3 Core\u00f3grafado Ra\u00edzes Regionais<br \/>\n14h45min- Apresenta\u00e7\u00e3o de Cordel e Dan\u00e7a em Homenagem \u00e1 Itabaiana<br \/>\n15h \u2013 Samba coco<br \/>\n15h15min \u2013 Apresenta\u00e7\u00e3o de pe\u00e7a teatral sobre Itabaiana<br \/>\n15h30min \u2013 Apresenta\u00e7\u00e3o de Grupo de Dan\u00e7a da escola Gen\u00e1rio de Oliveira<br \/>\n15h45min- Apresenta\u00e7\u00e3o da Chegan\u00e7a Santa Cruz<br \/>\n16h- Apresenta\u00e7\u00e3o do coral Luz e Vida<br \/>\n16h30min- Apresenta\u00e7\u00e3o do Reisado baile Estrela<\/p>\n<p><strong>\u00a0Atividade nos Stands<\/strong><\/p>\n<p>Biblioteca Infantil<br \/>\nOficinas com materiais recicl\u00e1veis<br \/>\nAtividade L\u00fadicas infantis<br \/>\nExposi\u00e7\u00f5es liter\u00e1rias<br \/>\nExposi\u00e7\u00f5es Culturais\/ Bienal do Livro<br \/>\nExposi\u00e7\u00f5es de artesanatos<br \/>\nAtividades L\u00fadicas Para idosos<\/p>\n<p><strong>\u00a0Servi\u00e7os<\/strong><\/p>\n<p>Manicure, corte de cabelo &#8211; SEDES<br \/>\nServi\u00e7o de Bolsa Fam\u00edlia, NAT,CRAS,CREAS e coordenadoria da mulher\u00a0 -SEDES<\/p>\n<p><strong>Feira<\/strong><\/p>\n<p>Feira de produtos org\u00e2nicos \u2013 Secretaria de Agricultura<\/p>\n<p><strong>\u00a0Outras Atividades<\/strong><\/p>\n<p>Reuni\u00e3o do For\u00fam Empresarial de Sergipe \u00e1s 12h \u2013 Fazends Gaivota<\/p>\n<p><strong>S\u00e1bado 26 de agosto<\/strong><\/p>\n<p>Local Pra\u00e7a Fausto Cardoso \u2013 das 08h \u00e1s 12h<\/p>\n<p>Sa\u00fade itinerante \u2013 secret\u00e1ria Municipal de Sa\u00fade<br \/>\nMarca\u00e7\u00e3o de exames b\u00e1sicos<br \/>\nAgendamento de consultas<br \/>\nTestes r\u00e1pidos<br \/>\nVacina\u00e7\u00e3o<br \/>\nAferi\u00e7\u00e3o da Press\u00e3o Arterial e Glicemia capilar<br \/>\nAtendimento das equipes do NASF<br \/>\nOutros Servi\u00e7os<br \/>\nDistribui\u00e7\u00e3o de mudas \u2013 Secret\u00e1ria de Agricultura<\/p>\n<p><strong>\u00a0Domingo 27 de agosto<\/strong><\/p>\n<p><strong>\u00a0Atividades esportivas<\/strong><\/p>\n<p>Passeio cicl\u00edstico \u2013 Concentra\u00e7\u00e3o as 06:30h no shopping Peixoto com caf\u00e9 da manha\/ S\u00e1ida as 08h ( realiza\u00e7\u00e3o Frangos da Serra)<br \/>\nTorneio de Futsal \u2013 Pra\u00e7a da Juventude 08h<br \/>\nCopa Chico Cantagalo \u2013 Rodada da Semana<br \/>\nProjeto Cebolada<\/p>\n<p><strong>Local Associa\u00e7\u00e3o Atl\u00e9tica\u00a0de Itabaiana<\/strong><\/p>\n<p>Das 14h as 19h<\/p>\n<p>Erickson<br \/>\nCebola Radioativa<br \/>\nFerdinando Blues Trio<br \/>\nBanda Manic\u00f4mio<br \/>\nBanda Karranca<br \/>\nBanda DR Garagem<br \/>\nApresenta\u00e7\u00e3o de Skatistas<\/p>\n<p><strong>\u00a0Segunda- feira 28 de agosto<\/strong><\/p>\n<p>Local Sede da Prefeitura municipal de Itabaiana<\/p>\n<p>8h &#8211; Solenidade C\u00edvica \u2013 Hasteamento das bandeiras com a apresenta\u00e7\u00e3o da SOFIVA<br \/>\n9h &#8211; Missa em A\u00e7\u00e3o de Gra\u00e7as na Igreja Matriz de Santo Ant\u00f4nio e Almas de Itabaiana.<\/p>\n<p>&nbsp;<\/p>\n<p><img loading=\"lazy\" decoding=\"async\" class=\"aligncenter size-full wp-image-105726\" src=\"http:\/\/senoticias.com.br\/se\/wp-content\/uploads\/2017\/08\/Logo-fone-1-2-1-2-4-6-1-1-1.jpg\" alt=\"Logo-fone-1-2-1-2-4-6-1-1\" width=\"599\" height=\"78\" srcset=\"https:\/\/senoticias.com.br\/se\/wp-content\/uploads\/2017\/08\/Logo-fone-1-2-1-2-4-6-1-1-1.jpg 599w, https:\/\/senoticias.com.br\/se\/wp-content\/uploads\/2017\/08\/Logo-fone-1-2-1-2-4-6-1-1-1-300x39.jpg 300w\" sizes=\"(max-width: 599px) 100vw, 599px\" \/><\/p>\n<p><em><strong>Acompanhe tamb\u00e9m o SE Not\u00edcias no\u00a0<a href=\"https:\/\/twitter.com\/Senoticias\" target=\"_blank\">Twitter<\/a>,\u00a0<a href=\"https:\/\/www.facebook.com\/senoticias1\" target=\"_blank\">Facebook<\/a>\u00a0e no\u00a0<a href=\"https:\/\/www.instagram.com\/senoticias\/\" target=\"_blank\">Instagram<\/a><\/strong><\/em><\/p>\n<p><strong><em>Por Reda\u00e7\u00e3o <a href=\"http:\/\/itnet.com.br\/noticia\/33741\/prefeitura-de-itabaiana-divulga-programacao-dos-129-anos-de-emancipacao-politica-de-itabaiana-confira\">Itnet<\/a><\/em><\/strong><\/p>\n","protected":false},"excerpt":{"rendered":"<p>A Prefeitura Municipal de Itabaiana divulgou a programa\u00e7\u00e3o cultural em alus\u00e3o aos 129 anos de Emancipa\u00e7\u00e3o Pol\u00edtica do munic\u00edpio. O evento acontecer\u00e1 de 25 a 28 de agosto. Confira a programa\u00e7\u00e3o completa, que tem por objetivo principal homenagear artistas da terra e valorizar a cultural local: Sexta-feira 25 de agosto 9h &#8211; Abertura do evento [&hellip;]<\/p>\n","protected":false},"author":2,"featured_media":105908,"comment_status":"closed","ping_status":"closed","sticky":false,"template":"","format":"standard","meta":{"footnotes":""},"categories":[21,6],"tags":[3343,5305,5306],"class_list":{"0":"post-105907","1":"post","2":"type-post","3":"status-publish","4":"format-standard","5":"has-post-thumbnail","7":"category-entretenimento","8":"category-politica","9":"tag-emancipacao-politica","10":"tag-prefeitura-de-itabaiana","11":"tag-programacao-dos-129-anos"},"_links":{"self":[{"href":"https:\/\/senoticias.com.br\/se\/wp-json\/wp\/v2\/posts\/105907"}],"collection":[{"href":"https:\/\/senoticias.com.br\/se\/wp-json\/wp\/v2\/posts"}],"about":[{"href":"https:\/\/senoticias.com.br\/se\/wp-json\/wp\/v2\/types\/post"}],"author":[{"embeddable":true,"href":"https:\/\/senoticias.com.br\/se\/wp-json\/wp\/v2\/users\/2"}],"replies":[{"embeddable":true,"href":"https:\/\/senoticias.com.br\/se\/wp-json\/wp\/v2\/comments?post=105907"}],"version-history":[{"count":0,"href":"https:\/\/senoticias.com.br\/se\/wp-json\/wp\/v2\/posts\/105907\/revisions"}],"wp:featuredmedia":[{"embeddable":true,"href":"https:\/\/senoticias.com.br\/se\/wp-json\/wp\/v2\/media\/105908"}],"wp:attachment":[{"href":"https:\/\/senoticias.com.br\/se\/wp-json\/wp\/v2\/media?parent=105907"}],"wp:term":[{"taxonomy":"category","embeddable":true,"href":"https:\/\/senoticias.com.br\/se\/wp-json\/wp\/v2\/categories?post=105907"},{"taxonomy":"post_tag","embeddable":true,"href":"https:\/\/senoticias.com.br\/se\/wp-json\/wp\/v2\/tags?post=105907"}],"curies":[{"name":"wp","href":"https:\/\/api.w.org\/{rel}","templated":true}]}}