{"id":105903,"date":"2017-08-20T11:09:18","date_gmt":"2017-08-20T14:09:18","guid":{"rendered":"http:\/\/senoticias.com.br\/se\/?p=105903"},"modified":"2017-08-20T17:08:21","modified_gmt":"2017-08-20T20:08:21","slug":"movimento-nao-pago-fara-manifestacao-contra-o-aumento-da-passagem-de-onibus","status":"publish","type":"post","link":"https:\/\/senoticias.com.br\/se\/movimento-nao-pago-fara-manifestacao-contra-o-aumento-da-passagem-de-onibus\/","title":{"rendered":"Movimento N\u00e3o Pago far\u00e1 manifesta\u00e7\u00e3o contra o aumento da passagem de \u00f4nibus"},"content":{"rendered":"<p style=\"text-align: justify;\">Ap\u00f3s o an\u00fancio do aumento da tarifa do transporte p\u00fablico da Grande Aracaju, o Movimento N\u00e3o Pago convocou uma manifesta\u00e7\u00e3o na C\u00e2mara de Vereadores, na pr\u00f3xima ter\u00e7a-feira, 22, \u00e0s 15h. Eles acreditam que h\u00e1 um superfaturamento na planilha apresentada pelas empresas e que, ao contr\u00e1rio do que afirma a Prefeitura de Aracaju, o aumento n\u00e3o leva em considera\u00e7\u00e3o as condi\u00e7\u00f5es dos trabalhadores.<\/p>\n<p style=\"text-align: justify;\">Segundo o Movimento, a tarifa que era de R$3,10 e passou para <a href=\"http:\/\/senoticias.com.br\/se\/tarifa-de-onibus-da-grande-aracaju-sera-reajustada-a-partir-deste-sabado-para-r-350\/\">R$3,50 no \u00faltimo s\u00e1bado, 19,<\/a> devia ser de R$2,61, como na capital S\u00e3o Lu\u00eds. A SMTT de Aracaju diz que esse foi o menor valor alcan\u00e7ado na negocia\u00e7\u00e3o com os empres\u00e1rios, que pediam uma tarifa de R$4,06.<\/p>\n<div id=\"attachment_105904\" style=\"width: 609px\" class=\"wp-caption aligncenter\"><img loading=\"lazy\" decoding=\"async\" aria-describedby=\"caption-attachment-105904\" class=\"size-full wp-image-105904\" src=\"http:\/\/senoticias.com.br\/se\/wp-content\/uploads\/2017\/08\/naopago-SENOTICIAS-e1503238143679.jpg\" alt=\"Foto: G1 Sergipe\" width=\"599\" height=\"449\" \/><p id=\"caption-attachment-105904\" class=\"wp-caption-text\">Foto: G1 Sergipe<\/p><\/div>\n<p style=\"text-align: justify;\">Em nota, o Sindicato da Empresas de Transporte de Aracaju (Setransp) diz que o aumento de 12,9%, concedido pelo prefeito Edvaldo Nogueira, \u00e9 insuficiente para a demanda do servi\u00e7o. \u201cO reajuste apresentado ainda est\u00e1 em disparidade com a defasagem j\u00e1 existente de 29% no pre\u00e7o da passagem. Essa defasagem \u00e9 o reflexo da falta da majora\u00e7\u00e3o necess\u00e1ria da tarifa e os acr\u00e9scimos anuais nas despesas para o servi\u00e7o\u201d<\/p>\n<p style=\"text-align: justify;\">O Setransp diz ainda que a situa\u00e7\u00e3o deve continuar com o pedido de aumento dos sal\u00e1rios dos rodovi\u00e1rios. \u201cA situa\u00e7\u00e3o sinaliza que as dificuldades devem seguir, inclusive com mais um aumento nos sal\u00e1rios dos rodovi\u00e1rios em setembro&#8221;, diz a nota.<\/p>\n<p style=\"text-align: justify;\"><img loading=\"lazy\" decoding=\"async\" class=\"aligncenter size-full wp-image-105726\" src=\"http:\/\/senoticias.com.br\/se\/wp-content\/uploads\/2017\/08\/Logo-fone-1-2-1-2-4-6-1-1-1.jpg\" alt=\"Logo-fone-1-2-1-2-4-6-1-1\" width=\"599\" height=\"78\" srcset=\"https:\/\/senoticias.com.br\/se\/wp-content\/uploads\/2017\/08\/Logo-fone-1-2-1-2-4-6-1-1-1.jpg 599w, https:\/\/senoticias.com.br\/se\/wp-content\/uploads\/2017\/08\/Logo-fone-1-2-1-2-4-6-1-1-1-300x39.jpg 300w\" sizes=\"(max-width: 599px) 100vw, 599px\" \/><\/p>\n<p style=\"text-align: justify;\"><em><strong>Acompanhe tamb\u00e9m o SE Not\u00edcias no\u00a0<a href=\"https:\/\/twitter.com\/Senoticias\" target=\"_blank\">Twitter<\/a>,\u00a0<a href=\"https:\/\/www.facebook.com\/senoticias1\" target=\"_blank\">Facebook<\/a>\u00a0e no\u00a0<a href=\"https:\/\/www.instagram.com\/senoticias\/\" target=\"_blank\">Instagram<\/a><\/strong><\/em><\/p>\n<p style=\"text-align: justify;\"><em>Por reda\u00e7\u00e3o SE NOT\u00cdCIAS<\/em><\/p>\n<p>&nbsp;<\/p>\n<p>&nbsp;<\/p>\n","protected":false},"excerpt":{"rendered":"<p>Ap\u00f3s o an\u00fancio do aumento da tarifa do transporte p\u00fablico da Grande Aracaju, o Movimento N\u00e3o Pago convocou uma manifesta\u00e7\u00e3o na C\u00e2mara de Vereadores, na pr\u00f3xima ter\u00e7a-feira, 22, \u00e0s 15h. Eles acreditam que h\u00e1 um superfaturamento na planilha apresentada pelas empresas e que, ao contr\u00e1rio do que afirma a Prefeitura de Aracaju, o aumento n\u00e3o [&hellip;]<\/p>\n","protected":false},"author":2,"featured_media":0,"comment_status":"closed","ping_status":"closed","sticky":false,"template":"","format":"standard","meta":{"footnotes":""},"categories":[15,6],"tags":[5304,2875,2884,2979,3111],"class_list":{"0":"post-105903","1":"post","2":"type-post","3":"status-publish","4":"format-standard","6":"category-destaques","7":"category-politica","8":"tag-naopago","9":"tag-onibus","10":"tag-prefeitura","11":"tag-smtt","12":"tag-tarifa"},"_links":{"self":[{"href":"https:\/\/senoticias.com.br\/se\/wp-json\/wp\/v2\/posts\/105903"}],"collection":[{"href":"https:\/\/senoticias.com.br\/se\/wp-json\/wp\/v2\/posts"}],"about":[{"href":"https:\/\/senoticias.com.br\/se\/wp-json\/wp\/v2\/types\/post"}],"author":[{"embeddable":true,"href":"https:\/\/senoticias.com.br\/se\/wp-json\/wp\/v2\/users\/2"}],"replies":[{"embeddable":true,"href":"https:\/\/senoticias.com.br\/se\/wp-json\/wp\/v2\/comments?post=105903"}],"version-history":[{"count":0,"href":"https:\/\/senoticias.com.br\/se\/wp-json\/wp\/v2\/posts\/105903\/revisions"}],"wp:attachment":[{"href":"https:\/\/senoticias.com.br\/se\/wp-json\/wp\/v2\/media?parent=105903"}],"wp:term":[{"taxonomy":"category","embeddable":true,"href":"https:\/\/senoticias.com.br\/se\/wp-json\/wp\/v2\/categories?post=105903"},{"taxonomy":"post_tag","embeddable":true,"href":"https:\/\/senoticias.com.br\/se\/wp-json\/wp\/v2\/tags?post=105903"}],"curies":[{"name":"wp","href":"https:\/\/api.w.org\/{rel}","templated":true}]}}