{"id":105864,"date":"2017-08-19T06:43:41","date_gmt":"2017-08-19T09:43:41","guid":{"rendered":"http:\/\/senoticias.com.br\/se\/?p=105864"},"modified":"2017-08-19T06:48:03","modified_gmt":"2017-08-19T09:48:03","slug":"sao-miguel-do-aleixo-recebera-caminhao-da-prevencao-do-hospital-de-cancer-de-barretos","status":"publish","type":"post","link":"https:\/\/senoticias.com.br\/se\/sao-miguel-do-aleixo-recebera-caminhao-da-prevencao-do-hospital-de-cancer-de-barretos\/","title":{"rendered":"S\u00e3o Miguel do Aleixo receber\u00e1 caminh\u00e3o da preven\u00e7\u00e3o do Hospital de C\u00e2ncer de Barretos"},"content":{"rendered":"<p style=\"text-align: justify;\">Gra\u00e7as ao empenho do senador Eduardo Amorim, presidente do PSDB-SE, e do prefeito Everton Lima (PSDB-SE), o munic\u00edpio de S\u00e3o Miguel do Aleixo receber\u00e1 em breve a visita do caminh\u00e3o da preven\u00e7\u00e3o do Hospital de C\u00e2ncer de Barretos, que est\u00e1 em Sergipe desde a Festa do Caminhoneiro de Itabaiana, ocorrida no m\u00eas de junho.<\/p>\n<p style=\"text-align: justify;\">\n<div id=\"attachment_105865\" style=\"width: 609px\" class=\"wp-caption aligncenter\"><img loading=\"lazy\" decoding=\"async\" aria-describedby=\"caption-attachment-105865\" class=\"size-full wp-image-105865\" src=\"http:\/\/senoticias.com.br\/se\/wp-content\/uploads\/2017\/08\/WhatsApp-Image-2017-08-16-at-16.33.03-e1503135737375.jpeg\" alt=\"Senador Eduardo Amorim com o prefeito de S\u00e3o Miguel do Aleixo\" width=\"599\" height=\"799\" \/><p id=\"caption-attachment-105865\" class=\"wp-caption-text\">Senador Eduardo Amorim com o prefeito de S\u00e3o Miguel do Aleixo (foto: ascom\/PSDB)<\/p><\/div>\n<p style=\"text-align: justify;\">&#8220;Sabemos da import\u00e2ncia em prevenir o c\u00e2ncer e o caminh\u00e3o realiza os atendimentos em sua excel\u00eancia. Ficamos felizes em saber que os atendimentos j\u00e1 iniciaram semana passada na regi\u00e3o Centro-Sul do nosso Estado e, muito em breve, outros munic\u00edpios ser\u00e3o atendidos, entre eles S\u00e3o Miguel do Aleixo&#8221;, ressaltou o senador.<\/p>\n<p>&nbsp;<\/p>\n<p>&#8220;O caminh\u00e3o do Hospital do C\u00e2ncer de Barretos estar\u00e1 em nosso munic\u00edpio para atender a popula\u00e7\u00e3o aleixense e das cidades circunvizinhas. Parabenizo a dedica\u00e7\u00e3o do senador Eduardo Amorim em trazer unidade m\u00f3vel em definitivo para o Estado de Sergipe&#8221;, comemorou o prefeito.<\/p>\n<p><img loading=\"lazy\" decoding=\"async\" class=\"aligncenter size-full wp-image-105726\" src=\"http:\/\/senoticias.com.br\/se\/wp-content\/uploads\/2017\/08\/Logo-fone-1-2-1-2-4-6-1-1-1.jpg\" alt=\"Logo-fone-1-2-1-2-4-6-1-1\" width=\"599\" height=\"78\" srcset=\"https:\/\/senoticias.com.br\/se\/wp-content\/uploads\/2017\/08\/Logo-fone-1-2-1-2-4-6-1-1-1.jpg 599w, https:\/\/senoticias.com.br\/se\/wp-content\/uploads\/2017\/08\/Logo-fone-1-2-1-2-4-6-1-1-1-300x39.jpg 300w\" sizes=\"(max-width: 599px) 100vw, 599px\" \/><\/p>\n<p><em><strong>Acompanhe tamb\u00e9m o SE Not\u00edcias no\u00a0<a href=\"https:\/\/twitter.com\/Senoticias\" target=\"_blank\">Twitter<\/a>,\u00a0<a href=\"https:\/\/www.facebook.com\/senoticias1\" target=\"_blank\">Facebook<\/a>\u00a0e no\u00a0<a href=\"https:\/\/www.instagram.com\/senoticias\/\" target=\"_blank\">Instagram<\/a><\/strong><\/em><\/p>\n<p><em>por ascom\/PSDB<\/em><\/p>\n","protected":false},"excerpt":{"rendered":"<p>Gra\u00e7as ao empenho do senador Eduardo Amorim, presidente do PSDB-SE, e do prefeito Everton Lima (PSDB-SE), o munic\u00edpio de S\u00e3o Miguel do Aleixo receber\u00e1 em breve a visita do caminh\u00e3o da preven\u00e7\u00e3o do Hospital de C\u00e2ncer de Barretos, que est\u00e1 em Sergipe desde a Festa do Caminhoneiro de Itabaiana, ocorrida no m\u00eas de junho. &#8220;Sabemos [&hellip;]<\/p>\n","protected":false},"author":2,"featured_media":105865,"comment_status":"closed","ping_status":"closed","sticky":false,"template":"","format":"standard","meta":{"footnotes":""},"categories":[38],"tags":[5279,5281,5280,3820],"class_list":{"0":"post-105864","1":"post","2":"type-post","3":"status-publish","4":"format-standard","5":"has-post-thumbnail","7":"category-municipios","8":"tag-caminhao","9":"tag-hospital-de-cancer-de-barretos","10":"tag-prevencao","11":"tag-sao-miguel-do-aleixo"},"_links":{"self":[{"href":"https:\/\/senoticias.com.br\/se\/wp-json\/wp\/v2\/posts\/105864"}],"collection":[{"href":"https:\/\/senoticias.com.br\/se\/wp-json\/wp\/v2\/posts"}],"about":[{"href":"https:\/\/senoticias.com.br\/se\/wp-json\/wp\/v2\/types\/post"}],"author":[{"embeddable":true,"href":"https:\/\/senoticias.com.br\/se\/wp-json\/wp\/v2\/users\/2"}],"replies":[{"embeddable":true,"href":"https:\/\/senoticias.com.br\/se\/wp-json\/wp\/v2\/comments?post=105864"}],"version-history":[{"count":0,"href":"https:\/\/senoticias.com.br\/se\/wp-json\/wp\/v2\/posts\/105864\/revisions"}],"wp:featuredmedia":[{"embeddable":true,"href":"https:\/\/senoticias.com.br\/se\/wp-json\/wp\/v2\/media\/105865"}],"wp:attachment":[{"href":"https:\/\/senoticias.com.br\/se\/wp-json\/wp\/v2\/media?parent=105864"}],"wp:term":[{"taxonomy":"category","embeddable":true,"href":"https:\/\/senoticias.com.br\/se\/wp-json\/wp\/v2\/categories?post=105864"},{"taxonomy":"post_tag","embeddable":true,"href":"https:\/\/senoticias.com.br\/se\/wp-json\/wp\/v2\/tags?post=105864"}],"curies":[{"name":"wp","href":"https:\/\/api.w.org\/{rel}","templated":true}]}}