{"id":105847,"date":"2017-08-18T16:14:42","date_gmt":"2017-08-18T19:14:42","guid":{"rendered":"http:\/\/senoticias.com.br\/se\/?p=105847"},"modified":"2017-08-18T16:14:42","modified_gmt":"2017-08-18T19:14:42","slug":"mercado-albano-franco-fecha-na-proxima-segunda-feira-para-limpeza-2","status":"publish","type":"post","link":"https:\/\/senoticias.com.br\/se\/mercado-albano-franco-fecha-na-proxima-segunda-feira-para-limpeza-2\/","title":{"rendered":"Mercado Albano Franco fecha na pr\u00f3xima segunda-feira para limpeza"},"content":{"rendered":"<p style=\"text-align: justify;\">Presta\u00e7\u00e3o de servi\u00e7os de qualidade para a popula\u00e7\u00e3o aracajuana tem sido um compromisso da Prefeitura de Aracaju que, por meio da Empresa Municipal de Servi\u00e7os Urbanos (Emsurb), realiza na pr\u00f3xima segunda-feira, 21, mais uma a\u00e7\u00e3o de manuten\u00e7\u00e3o e limpeza do Mercado Central Albano Franco que, ser\u00e1 fechado ao p\u00fablico.<\/p>\n<p style=\"text-align: justify;\">A a\u00e7\u00e3o tem como finalidade realizar uma higieniza\u00e7\u00e3o mais intensa de todos os setores, com a execu\u00e7\u00e3o de servi\u00e7os de dedetiza\u00e7\u00e3o, desratiza\u00e7\u00e3o, varri\u00e7\u00e3o, retirada de res\u00edduos e lavagem do espa\u00e7o. Segundo o diretor de Espa\u00e7os P\u00fablicos e Abastecimento da Emsurb, Bira Rabelo, o objetivo \u00e9 assegurar a qualidade dos produtos de origem animal e vegetal comercializados, bem como garantir a sa\u00fade dos comerciantes e clientes.<\/p>\n<div id=\"attachment_105854\" style=\"width: 609px\" class=\"wp-caption aligncenter\"><img loading=\"lazy\" decoding=\"async\" aria-describedby=\"caption-attachment-105854\" class=\"size-full wp-image-105854\" src=\"http:\/\/senoticias.com.br\/se\/wp-content\/uploads\/2017\/08\/mercado-SENOTICIAS-e1503083657484.jpg\" alt=\"Foto: Marcos Rodrigues\" width=\"599\" height=\"409\" \/><p id=\"caption-attachment-105854\" class=\"wp-caption-text\">Foto: Marcos Rodrigues<\/p><\/div>\n<p style=\"text-align: justify;\">O fechamento do mercado, que acontece sempre uma segunda-feira no m\u00eas, atende as necessidades dos feirantes. A solicita\u00e7\u00e3o foi protocolada junto \u00e0 Emsurb por uma comiss\u00e3o. Al\u00e9m da varri\u00e7\u00e3o e da lavagem que acontecem diariamente nos corredores e instala\u00e7\u00f5es do mercado, toda semana os setores de carnes e pescados s\u00e3o lavados para manter a higiene do local.<\/p>\n<p><strong>Funcionamento<\/strong><\/p>\n<p>Atualmente, o mercado central Albano Franco funciona de segunda a quinta-feira das 6h \u00e0s 16h45, sexta e s\u00e1bado das 5h30 \u00e0s 16h45, e aos domingos das 5h30 \u00e0s 12h.<\/p>\n<p style=\"text-align: justify;\"><strong>Dia do Feirante<\/strong><\/p>\n<p style=\"text-align: justify;\">Em comemora\u00e7\u00e3o ao Dia do Feirante, a Funda\u00e7\u00e3o Municipal de Forma\u00e7\u00e3o para o Trabalho (Fundat) e a Emsurb realizar\u00e3o, na pr\u00f3xima segunda-feira, 21, a palestra \u2018Melhore o seu Neg\u00f3cio e Cative o Cliente\u2019, que abordar\u00e1 assuntos ligados ao empreendedorismo e atendimento ao p\u00fablico para os feirantes que atuam no Mercado Municipal Governador Albano Franco.<\/p>\n<p style=\"text-align: justify;\">O encontro acontecer\u00e1 \u00e0s 9h no p\u00e1tio do Mercado Thales Ferraz e contar\u00e1 com a presen\u00e7a dos diretores de ambos os \u00f3rg\u00e3os, que estar\u00e3o tirando as principais d\u00favidas dos feirantes a respeito do trabalho desenvolvido pelas institui\u00e7\u00f5es. O objetivo da a\u00e7\u00e3o \u00e9 despertar nos trabalhadores aut\u00f4nomos a vontade de aprimorar e estruturar corretamente o pr\u00f3prio neg\u00f3cio.<\/p>\n<p style=\"text-align: justify;\">\n<p style=\"text-align: justify;\"><img loading=\"lazy\" decoding=\"async\" class=\"aligncenter size-full wp-image-105726\" src=\"http:\/\/senoticias.com.br\/se\/wp-content\/uploads\/2017\/08\/Logo-fone-1-2-1-2-4-6-1-1-1.jpg\" alt=\"Logo-fone-1-2-1-2-4-6-1-1\" width=\"599\" height=\"78\" srcset=\"https:\/\/senoticias.com.br\/se\/wp-content\/uploads\/2017\/08\/Logo-fone-1-2-1-2-4-6-1-1-1.jpg 599w, https:\/\/senoticias.com.br\/se\/wp-content\/uploads\/2017\/08\/Logo-fone-1-2-1-2-4-6-1-1-1-300x39.jpg 300w\" sizes=\"(max-width: 599px) 100vw, 599px\" \/><\/p>\n<p><em><strong>Acompanhe tamb\u00e9m o SE Not\u00edcias no\u00a0<a href=\"https:\/\/twitter.com\/Senoticias\" target=\"_blank\">Twitter<\/a>,\u00a0<a href=\"https:\/\/www.facebook.com\/senoticias1\" target=\"_blank\">Facebook<\/a>\u00a0e no\u00a0<a href=\"https:\/\/www.instagram.com\/senoticias\/\" target=\"_blank\">Instagram<\/a><\/strong><\/em><\/p>\n<p><em>Por AAN<\/em><\/p>\n","protected":false},"excerpt":{"rendered":"<p>Presta\u00e7\u00e3o de servi\u00e7os de qualidade para a popula\u00e7\u00e3o aracajuana tem sido um compromisso da Prefeitura de Aracaju que, por meio da Empresa Municipal de Servi\u00e7os Urbanos (Emsurb), realiza na pr\u00f3xima segunda-feira, 21, mais uma a\u00e7\u00e3o de manuten\u00e7\u00e3o e limpeza do Mercado Central Albano Franco que, ser\u00e1 fechado ao p\u00fablico. A a\u00e7\u00e3o tem como finalidade realizar [&hellip;]<\/p>\n","protected":false},"author":2,"featured_media":0,"comment_status":"closed","ping_status":"closed","sticky":false,"template":"","format":"standard","meta":{"footnotes":""},"categories":[15,38],"tags":[339,4686,2835,5270],"class_list":{"0":"post-105847","1":"post","2":"type-post","3":"status-publish","4":"format-standard","6":"category-destaques","7":"category-municipios","8":"tag-aracaju","9":"tag-limpeza","10":"tag-mercado","11":"tag-segunda"},"_links":{"self":[{"href":"https:\/\/senoticias.com.br\/se\/wp-json\/wp\/v2\/posts\/105847"}],"collection":[{"href":"https:\/\/senoticias.com.br\/se\/wp-json\/wp\/v2\/posts"}],"about":[{"href":"https:\/\/senoticias.com.br\/se\/wp-json\/wp\/v2\/types\/post"}],"author":[{"embeddable":true,"href":"https:\/\/senoticias.com.br\/se\/wp-json\/wp\/v2\/users\/2"}],"replies":[{"embeddable":true,"href":"https:\/\/senoticias.com.br\/se\/wp-json\/wp\/v2\/comments?post=105847"}],"version-history":[{"count":0,"href":"https:\/\/senoticias.com.br\/se\/wp-json\/wp\/v2\/posts\/105847\/revisions"}],"wp:attachment":[{"href":"https:\/\/senoticias.com.br\/se\/wp-json\/wp\/v2\/media?parent=105847"}],"wp:term":[{"taxonomy":"category","embeddable":true,"href":"https:\/\/senoticias.com.br\/se\/wp-json\/wp\/v2\/categories?post=105847"},{"taxonomy":"post_tag","embeddable":true,"href":"https:\/\/senoticias.com.br\/se\/wp-json\/wp\/v2\/tags?post=105847"}],"curies":[{"name":"wp","href":"https:\/\/api.w.org\/{rel}","templated":true}]}}