{"id":105841,"date":"2017-08-18T14:47:27","date_gmt":"2017-08-18T17:47:27","guid":{"rendered":"http:\/\/senoticias.com.br\/se\/?p=105841"},"modified":"2017-08-18T14:47:27","modified_gmt":"2017-08-18T17:47:27","slug":"termina-hoje-prazo-para-travestis-e-transexuais-pedirem-nome-social-no-revalida","status":"publish","type":"post","link":"https:\/\/senoticias.com.br\/se\/termina-hoje-prazo-para-travestis-e-transexuais-pedirem-nome-social-no-revalida\/","title":{"rendered":"Termina hoje prazo para travestis e transexuais pedirem nome social no Revalida"},"content":{"rendered":"<p style=\"text-align: justify;\">Termina hoje (18) o prazo para os candidatos transexuais e travestis solicitarem o uso do nome social no Exame Nacional de Revalida\u00e7\u00e3o de Diplomas M\u00e9dicos Expedidos por Institui\u00e7\u00f5es de Educa\u00e7\u00e3o Superior Estrangeira (Revalida). O pedido deve ser feito no site do Instituto Nacional de Estudos e Pesquisas Educacionais An\u00edsio Teixeira (Inep), no campo &#8220;Fale Conosco&#8221;.<\/p>\n<p style=\"text-align: justify;\">Dever\u00e3o ser apresentados fotografia atual, c\u00f3pia digitalizada da frente e do verso de um dos documentos de identifica\u00e7\u00e3o oficial com foto, c\u00f3pia assinada e digitalizada do formul\u00e1rio de solicita\u00e7\u00e3o de atendimento pelo nome social.<\/p>\n<div id=\"attachment_105844\" style=\"width: 342px\" class=\"wp-caption alignleft\"><img loading=\"lazy\" decoding=\"async\" aria-describedby=\"caption-attachment-105844\" class=\"size-full wp-image-105844\" src=\"http:\/\/senoticias.com.br\/se\/wp-content\/uploads\/2017\/08\/revalida-SENOTICIAS-e1503078276718.jpg\" alt=\"Foto: Observat\u00f3rio G\" width=\"332\" height=\"172\" \/><p id=\"caption-attachment-105844\" class=\"wp-caption-text\">Foto: Observat\u00f3rio G<\/p><\/div>\n<p style=\"text-align: justify;\">Em caso de indeferimento do pedido, o participante ser\u00e1 informado para que possa enviar um novo documento comprobat\u00f3rio. Se mesmo assim o documento enviado n\u00e3o estiver conforme o solicitado, o participante far\u00e1 o exame sendo tratado pelo nome civil.<\/p>\n<p style=\"text-align: justify;\">O Revalida reconhece os diplomas de m\u00e9dicos que se formaram no exterior e querem atuar no Brasil. O exame \u00e9 feito tanto por estrangeiros formados em medicina fora do Brasil quanto por brasileiros que se graduaram em outro pa\u00eds e querem exercer a profiss\u00e3o em sua terra natal.<\/p>\n<p style=\"text-align: justify;\">A primeira etapa do exame, que \u00e9 uma prova objetiva com 100 quest\u00f5es de m\u00faltipla escolha e uma prova discursiva, com cinco quest\u00f5es, ser\u00e1 aplicada em 24 de setembro. A segunda etapa, que ocorrer\u00e1 em 10 e 11 de mar\u00e7o de 2018, \u00e9 uma avalia\u00e7\u00e3o de habilidades cl\u00ednicas.<\/p>\n<p style=\"text-align: justify;\">\n<p style=\"text-align: justify;\"><img loading=\"lazy\" decoding=\"async\" class=\"aligncenter size-full wp-image-105726\" src=\"http:\/\/senoticias.com.br\/se\/wp-content\/uploads\/2017\/08\/Logo-fone-1-2-1-2-4-6-1-1-1.jpg\" alt=\"Logo-fone-1-2-1-2-4-6-1-1\" width=\"599\" height=\"78\" srcset=\"https:\/\/senoticias.com.br\/se\/wp-content\/uploads\/2017\/08\/Logo-fone-1-2-1-2-4-6-1-1-1.jpg 599w, https:\/\/senoticias.com.br\/se\/wp-content\/uploads\/2017\/08\/Logo-fone-1-2-1-2-4-6-1-1-1-300x39.jpg 300w\" sizes=\"(max-width: 599px) 100vw, 599px\" \/><\/p>\n<p><em><strong>Acompanhe tamb\u00e9m o SE Not\u00edcias no\u00a0<a href=\"https:\/\/twitter.com\/Senoticias\" target=\"_blank\">Twitter<\/a>,\u00a0<a href=\"https:\/\/www.facebook.com\/senoticias1\" target=\"_blank\">Facebook<\/a>\u00a0e no\u00a0<a href=\"https:\/\/www.instagram.com\/senoticias\/\" target=\"_blank\">Instagram<\/a><\/strong><\/em><\/p>\n<p><em>Por Ag\u00eancia Brasil<\/em><\/p>\n","protected":false},"excerpt":{"rendered":"<p>Termina hoje (18) o prazo para os candidatos transexuais e travestis solicitarem o uso do nome social no Exame Nacional de Revalida\u00e7\u00e3o de Diplomas M\u00e9dicos Expedidos por Institui\u00e7\u00f5es de Educa\u00e7\u00e3o Superior Estrangeira (Revalida). O pedido deve ser feito no site do Instituto Nacional de Estudos e Pesquisas Educacionais An\u00edsio Teixeira (Inep), no campo &#8220;Fale Conosco&#8221;. [&hellip;]<\/p>\n","protected":false},"author":2,"featured_media":0,"comment_status":"closed","ping_status":"closed","sticky":false,"template":"","format":"standard","meta":{"footnotes":""},"categories":[40,8],"tags":[5262,3883,5261],"class_list":{"0":"post-105841","1":"post","2":"type-post","3":"status-publish","4":"format-standard","6":"category-cultura","7":"category-esporte-e-cultura","8":"tag-medicos","9":"tag-nomesocial","10":"tag-revalida"},"_links":{"self":[{"href":"https:\/\/senoticias.com.br\/se\/wp-json\/wp\/v2\/posts\/105841"}],"collection":[{"href":"https:\/\/senoticias.com.br\/se\/wp-json\/wp\/v2\/posts"}],"about":[{"href":"https:\/\/senoticias.com.br\/se\/wp-json\/wp\/v2\/types\/post"}],"author":[{"embeddable":true,"href":"https:\/\/senoticias.com.br\/se\/wp-json\/wp\/v2\/users\/2"}],"replies":[{"embeddable":true,"href":"https:\/\/senoticias.com.br\/se\/wp-json\/wp\/v2\/comments?post=105841"}],"version-history":[{"count":0,"href":"https:\/\/senoticias.com.br\/se\/wp-json\/wp\/v2\/posts\/105841\/revisions"}],"wp:attachment":[{"href":"https:\/\/senoticias.com.br\/se\/wp-json\/wp\/v2\/media?parent=105841"}],"wp:term":[{"taxonomy":"category","embeddable":true,"href":"https:\/\/senoticias.com.br\/se\/wp-json\/wp\/v2\/categories?post=105841"},{"taxonomy":"post_tag","embeddable":true,"href":"https:\/\/senoticias.com.br\/se\/wp-json\/wp\/v2\/tags?post=105841"}],"curies":[{"name":"wp","href":"https:\/\/api.w.org\/{rel}","templated":true}]}}