{"id":105839,"date":"2017-08-18T14:35:33","date_gmt":"2017-08-18T17:35:33","guid":{"rendered":"http:\/\/senoticias.com.br\/se\/?p=105839"},"modified":"2017-08-18T14:47:21","modified_gmt":"2017-08-18T17:47:21","slug":"policial-do-gerb-apreende-adolescente-por-ato-infracional-de-roubo-em-sao-cristovao","status":"publish","type":"post","link":"https:\/\/senoticias.com.br\/se\/policial-do-gerb-apreende-adolescente-por-ato-infracional-de-roubo-em-sao-cristovao\/","title":{"rendered":"Policial do Gerb apreende adolescente por ato infracional de roubo em S\u00e3o Crist\u00f3v\u00e3o"},"content":{"rendered":"<p style=\"text-align: justify;\">Na manh\u00e3 desta sexta-feira, 18, um policial do Grupo Especial de Repress\u00e3o e Busca da Pol\u00edcia Civil (Gerb) passava na antiga estrada do povoado Cabrita, munic\u00edpio de S\u00e3o Crist\u00f3v\u00e3o, quando observou um homem em uma motocicleta praticando roubo a um pedestre na companhia de um adolescente.<\/p>\n<div id=\"attachment_105842\" style=\"width: 609px\" class=\"wp-caption aligncenter\"><img loading=\"lazy\" decoding=\"async\" aria-describedby=\"caption-attachment-105842\" class=\"size-full wp-image-105842\" src=\"http:\/\/senoticias.com.br\/se\/wp-content\/uploads\/2017\/08\/gerb-senoticias-e1503078205321.jpg\" alt=\"Uma motocicleta com restri\u00e7\u00e3o de roubo foi recuperada\" width=\"599\" height=\"398\" \/><p id=\"caption-attachment-105842\" class=\"wp-caption-text\">Uma motocicleta com restri\u00e7\u00e3o de roubo foi recuperada (foto: SSP\/SE)<\/p><\/div>\n<p style=\"text-align: justify;\">O policial se aproximou na tentativa de recuperar o material roubado. O homem fugiu pelo mangue e o adolescente de 17 anos fez men\u00e7\u00e3o de sacar uma arma, ocasi\u00e3o em que o policial realizou um disparo contra o indiv\u00edduo, que soltou a arma e foi apreendido no local.<\/p>\n<p style=\"text-align: justify;\">O adolescente foi atendido pelo Servi\u00e7o de Atendimento M\u00f3vel de Urg\u00eancia (Samu) e encaminhado para atendimento m\u00e9dico.\u00a0O refor\u00e7o policial chegou ao local e apreendeu a motocicleta que j\u00e1 estava com sinais de adultera\u00e7\u00e3o, restri\u00e7\u00e3o de roubo e de posse de uma placa adulterada pertencente a outro ve\u00edculo.<\/p>\n<p style=\"text-align: justify;\">O caso foi encaminhado ao Complexo de Opera\u00e7\u00f5es Policiais Especiais da Pol\u00edcia Civil (Cope).<\/p>\n<p style=\"text-align: justify;\"><img loading=\"lazy\" decoding=\"async\" class=\"aligncenter size-full wp-image-105726\" src=\"http:\/\/senoticias.com.br\/se\/wp-content\/uploads\/2017\/08\/Logo-fone-1-2-1-2-4-6-1-1-1.jpg\" alt=\"Logo-fone-1-2-1-2-4-6-1-1\" width=\"599\" height=\"78\" srcset=\"https:\/\/senoticias.com.br\/se\/wp-content\/uploads\/2017\/08\/Logo-fone-1-2-1-2-4-6-1-1-1.jpg 599w, https:\/\/senoticias.com.br\/se\/wp-content\/uploads\/2017\/08\/Logo-fone-1-2-1-2-4-6-1-1-1-300x39.jpg 300w\" sizes=\"(max-width: 599px) 100vw, 599px\" \/><\/p>\n<p style=\"text-align: justify;\">\n<p style=\"text-align: justify;\"><em><strong>Acompanhe tamb\u00e9m o SE Not\u00edcias no\u00a0<a href=\"https:\/\/twitter.com\/Senoticias\" target=\"_blank\">Twitter<\/a>,\u00a0<a href=\"https:\/\/www.facebook.com\/senoticias1\" target=\"_blank\">Facebook<\/a>\u00a0e no\u00a0<a href=\"https:\/\/www.instagram.com\/senoticias\/\" target=\"_blank\">Instagram<\/a><\/strong><\/em><\/p>\n<p style=\"text-align: justify;\">\n<p style=\"text-align: justify;\">Informa\u00e7\u00f5es da SSP\/SE<\/p>\n","protected":false},"excerpt":{"rendered":"<p>Na manh\u00e3 desta sexta-feira, 18, um policial do Grupo Especial de Repress\u00e3o e Busca da Pol\u00edcia Civil (Gerb) passava na antiga estrada do povoado Cabrita, munic\u00edpio de S\u00e3o Crist\u00f3v\u00e3o, quando observou um homem em uma motocicleta praticando roubo a um pedestre na companhia de um adolescente. O policial se aproximou na tentativa de recuperar o [&hellip;]<\/p>\n","protected":false},"author":2,"featured_media":105842,"comment_status":"closed","ping_status":"closed","sticky":false,"template":"","format":"standard","meta":{"footnotes":""},"categories":[7,1],"tags":[5260,5259],"class_list":{"0":"post-105839","1":"post","2":"type-post","3":"status-publish","4":"format-standard","5":"has-post-thumbnail","7":"category-policia","8":"category-sem-categoria","9":"tag-apreende","10":"tag-policial-do-gerb"},"_links":{"self":[{"href":"https:\/\/senoticias.com.br\/se\/wp-json\/wp\/v2\/posts\/105839"}],"collection":[{"href":"https:\/\/senoticias.com.br\/se\/wp-json\/wp\/v2\/posts"}],"about":[{"href":"https:\/\/senoticias.com.br\/se\/wp-json\/wp\/v2\/types\/post"}],"author":[{"embeddable":true,"href":"https:\/\/senoticias.com.br\/se\/wp-json\/wp\/v2\/users\/2"}],"replies":[{"embeddable":true,"href":"https:\/\/senoticias.com.br\/se\/wp-json\/wp\/v2\/comments?post=105839"}],"version-history":[{"count":0,"href":"https:\/\/senoticias.com.br\/se\/wp-json\/wp\/v2\/posts\/105839\/revisions"}],"wp:featuredmedia":[{"embeddable":true,"href":"https:\/\/senoticias.com.br\/se\/wp-json\/wp\/v2\/media\/105842"}],"wp:attachment":[{"href":"https:\/\/senoticias.com.br\/se\/wp-json\/wp\/v2\/media?parent=105839"}],"wp:term":[{"taxonomy":"category","embeddable":true,"href":"https:\/\/senoticias.com.br\/se\/wp-json\/wp\/v2\/categories?post=105839"},{"taxonomy":"post_tag","embeddable":true,"href":"https:\/\/senoticias.com.br\/se\/wp-json\/wp\/v2\/tags?post=105839"}],"curies":[{"name":"wp","href":"https:\/\/api.w.org\/{rel}","templated":true}]}}