{"id":105838,"date":"2017-08-18T14:37:58","date_gmt":"2017-08-18T17:37:58","guid":{"rendered":"http:\/\/senoticias.com.br\/se\/?p=105838"},"modified":"2017-08-18T15:33:26","modified_gmt":"2017-08-18T18:33:26","slug":"bloqueadores-telefonicos-sao-instalados-no-cadeiao-de-socorro","status":"publish","type":"post","link":"https:\/\/senoticias.com.br\/se\/bloqueadores-telefonicos-sao-instalados-no-cadeiao-de-socorro\/","title":{"rendered":"Bloqueadores telef\u00f4nicos s\u00e3o instalados no Cadei\u00e3o de Socorro"},"content":{"rendered":"<div id=\"attachment_105840\" style=\"width: 310px\" class=\"wp-caption alignleft\"><img loading=\"lazy\" decoding=\"async\" aria-describedby=\"caption-attachment-105840\" class=\"size-full wp-image-105840\" src=\"http:\/\/senoticias.com.br\/se\/wp-content\/uploads\/2017\/08\/bloqueadores-SENOTICIAS.jpg\" alt=\"Foto: Sejuc\" width=\"300\" height=\"200\" srcset=\"https:\/\/senoticias.com.br\/se\/wp-content\/uploads\/2017\/08\/bloqueadores-SENOTICIAS.jpg 300w, https:\/\/senoticias.com.br\/se\/wp-content\/uploads\/2017\/08\/bloqueadores-SENOTICIAS-90x60.jpg 90w, https:\/\/senoticias.com.br\/se\/wp-content\/uploads\/2017\/08\/bloqueadores-SENOTICIAS-180x120.jpg 180w, https:\/\/senoticias.com.br\/se\/wp-content\/uploads\/2017\/08\/bloqueadores-SENOTICIAS-95x64.jpg 95w\" sizes=\"(max-width: 300px) 100vw, 300px\" \/><p id=\"caption-attachment-105840\" class=\"wp-caption-text\">Foto: Sejuc<\/p><\/div>\n<p style=\"text-align: justify;\">A Secretaria de Justi\u00e7a e Defesa do Consumidor (Sejuc) instalou nesse m\u00eas de agosto, quatro bloqueadores de sinal telef\u00f4nico na Cadeia P\u00fablica de Nossa Senhora do Socorro (Cadei\u00e3o). Dois internos e dois externos, bloqueando os dois pavilh\u00f5es da unidade.<\/p>\n<p style=\"text-align: justify;\">A unidade, que atualmente conta com 214 internos, \u00e9 a segunda no estado a receber bloqueadores. A instala\u00e7\u00e3o n\u00e3o abrange o Presidio Feminino (Prefem) que fica pr\u00f3ximo ao Cadei\u00e3o de Socorro.<\/p>\n<p style=\"text-align: justify;\">O Complexo Penitenci\u00e1rio Advogado Ant\u00f4nio Jacinto Filho (Compajaf) no bairro Santa Maria, a Cadeia P\u00fablica Filadelfo Luiz da Costa, no munic\u00edpio de Est\u00e2ncia e a Cadeia Territorial de Areia Branca Ant\u00f4nio Nascimento Nogueira tamb\u00e9m disp\u00f5em dos aparelhos.<\/p>\n<p style=\"text-align: justify;\">Em reuni\u00e3o do Conselho Nacional dos Secret\u00e1rios de Estado da Justi\u00e7a, Cidadania, Direitos Humanos e Administra\u00e7\u00e3o Penitenci\u00e1ria (Consej), que ocorreu no Minist\u00e9rio da Justi\u00e7a e Seguran\u00e7a P\u00fablica em Bras\u00edlia no m\u00eas de julho, o secret\u00e1rio de Justi\u00e7a Cristiano Barreto defendeu a responsabiliza\u00e7\u00e3o das operadoras de telefonia m\u00f3vel no bloqueio de sinais nas unidades prisionais.<\/p>\n<p style=\"text-align: justify;\"><img loading=\"lazy\" decoding=\"async\" class=\"aligncenter size-full wp-image-105726\" src=\"http:\/\/senoticias.com.br\/se\/wp-content\/uploads\/2017\/08\/Logo-fone-1-2-1-2-4-6-1-1-1.jpg\" alt=\"Logo-fone-1-2-1-2-4-6-1-1\" width=\"599\" height=\"78\" srcset=\"https:\/\/senoticias.com.br\/se\/wp-content\/uploads\/2017\/08\/Logo-fone-1-2-1-2-4-6-1-1-1.jpg 599w, https:\/\/senoticias.com.br\/se\/wp-content\/uploads\/2017\/08\/Logo-fone-1-2-1-2-4-6-1-1-1-300x39.jpg 300w\" sizes=\"(max-width: 599px) 100vw, 599px\" \/><\/p>\n<p style=\"text-align: justify;\"><em><strong>Acompanhe tamb\u00e9m o SE Not\u00edcias no\u00a0<a href=\"https:\/\/twitter.com\/Senoticias\" target=\"_blank\">Twitter<\/a>,\u00a0<a href=\"https:\/\/www.facebook.com\/senoticias1\" target=\"_blank\">Facebook<\/a>\u00a0e no\u00a0<a href=\"https:\/\/www.instagram.com\/senoticias\/\" target=\"_blank\">Instagram<\/a><\/strong><\/em><\/p>\n<p style=\"text-align: justify;\">Fonte e foto: Sejuc<\/p>\n","protected":false},"excerpt":{"rendered":"<p>A Secretaria de Justi\u00e7a e Defesa do Consumidor (Sejuc) instalou nesse m\u00eas de agosto, quatro bloqueadores de sinal telef\u00f4nico na Cadeia P\u00fablica de Nossa Senhora do Socorro (Cadei\u00e3o). Dois internos e dois externos, bloqueando os dois pavilh\u00f5es da unidade. A unidade, que atualmente conta com 214 internos, \u00e9 a segunda no estado a receber bloqueadores. [&hellip;]<\/p>\n","protected":false},"author":2,"featured_media":0,"comment_status":"closed","ping_status":"closed","sticky":false,"template":"","format":"standard","meta":{"footnotes":""},"categories":[7],"tags":[5258,3839,1303],"class_list":{"0":"post-105838","1":"post","2":"type-post","3":"status-publish","4":"format-standard","6":"category-policia","7":"tag-bloqueadores","8":"tag-celular","9":"tag-policia"},"_links":{"self":[{"href":"https:\/\/senoticias.com.br\/se\/wp-json\/wp\/v2\/posts\/105838"}],"collection":[{"href":"https:\/\/senoticias.com.br\/se\/wp-json\/wp\/v2\/posts"}],"about":[{"href":"https:\/\/senoticias.com.br\/se\/wp-json\/wp\/v2\/types\/post"}],"author":[{"embeddable":true,"href":"https:\/\/senoticias.com.br\/se\/wp-json\/wp\/v2\/users\/2"}],"replies":[{"embeddable":true,"href":"https:\/\/senoticias.com.br\/se\/wp-json\/wp\/v2\/comments?post=105838"}],"version-history":[{"count":0,"href":"https:\/\/senoticias.com.br\/se\/wp-json\/wp\/v2\/posts\/105838\/revisions"}],"wp:attachment":[{"href":"https:\/\/senoticias.com.br\/se\/wp-json\/wp\/v2\/media?parent=105838"}],"wp:term":[{"taxonomy":"category","embeddable":true,"href":"https:\/\/senoticias.com.br\/se\/wp-json\/wp\/v2\/categories?post=105838"},{"taxonomy":"post_tag","embeddable":true,"href":"https:\/\/senoticias.com.br\/se\/wp-json\/wp\/v2\/tags?post=105838"}],"curies":[{"name":"wp","href":"https:\/\/api.w.org\/{rel}","templated":true}]}}