{"id":105835,"date":"2017-08-18T13:47:36","date_gmt":"2017-08-18T16:47:36","guid":{"rendered":"http:\/\/senoticias.com.br\/se\/?p=105835"},"modified":"2017-08-18T13:53:34","modified_gmt":"2017-08-18T16:53:34","slug":"tce-reune-300-tecnicos-dos-municipios-para-orientar-sobre-lei-orcamentaria-e-licitacoes","status":"publish","type":"post","link":"https:\/\/senoticias.com.br\/se\/tce-reune-300-tecnicos-dos-municipios-para-orientar-sobre-lei-orcamentaria-e-licitacoes\/","title":{"rendered":"TCE re\u00fane 300 t\u00e9cnicos dos munic\u00edpios para orientar sobre Lei Or\u00e7ament\u00e1ria e licita\u00e7\u00f5es"},"content":{"rendered":"<div dir=\"ltr\" style=\"text-align: justify;\">O Tribunal de Contas do Estado (TCE) recebeu na manh\u00e3 desta sexta-feira, 18, em seu audit\u00f3rio, mais de 300 t\u00e9cnicos das Prefeituras e C\u00e2maras sergipanas para uma apresenta\u00e7\u00e3o sobre os novos procedimentos operacionais referentes \u00e0 elabora\u00e7\u00e3o da Lei Or\u00e7ament\u00e1ria Anual (LOA). Tamb\u00e9m foram tratadas as inova\u00e7\u00f5es no m\u00f3dulo de licita\u00e7\u00f5es do sistema Sagres, bem como a implementa\u00e7\u00e3o do novo sistema de processo eletr\u00f4nico.<\/p>\n<div id=\"attachment_105836\" style=\"width: 609px\" class=\"wp-caption aligncenter\"><img loading=\"lazy\" decoding=\"async\" aria-describedby=\"caption-attachment-105836\" class=\"size-full wp-image-105836\" src=\"http:\/\/senoticias.com.br\/se\/wp-content\/uploads\/2017\/08\/MG_8815-e1503074980758.jpg\" alt=\"O Tribunal de Contas do Estado (TCE) recebeu na manh\u00e3 desta sexta-feira, 18, em seu audit\u00f3rio, mais de 300 t\u00e9cnicos das Prefeituras e C\u00e2maras sergipanas para uma apresenta\u00e7\u00e3o sobre os novos procedimentos operacionais referentes \u00e0 elabora\u00e7\u00e3o da Lei Or\u00e7ament\u00e1ria Anual (LOA).\" width=\"599\" height=\"400\" \/><p id=\"caption-attachment-105836\" class=\"wp-caption-text\">\u00a0Mais de 300 t\u00e9cnicos das Prefeituras e C\u00e2maras sergipanas reunidos para uma apresenta\u00e7\u00e3o sobre os novos procedimentos operacionais referentes \u00e0 elabora\u00e7\u00e3o da Lei Or\u00e7ament\u00e1ria Anual. (f0t0: Cleverton Ribeiro\/TCE)<\/p><\/div>\n<\/div>\n<div dir=\"ltr\" style=\"text-align: justify;\"><\/div>\n<div dir=\"ltr\" style=\"text-align: justify;\">Na abertura do evento o conselheiro-presidente Cl\u00f3vis Barbosa de Melo comentou que o encontro t\u00e9cnico foi motivado pela s\u00e9rie de inova\u00e7\u00f5es que v\u00eam sendo desenvolvidas pela Diretoria de Moderniza\u00e7\u00e3o e Tecnologia (DMT). &#8220;O Tribunal de Contas est\u00e1 se modernizando para oferecer servi\u00e7os melhores aos jurisdicionados&#8221;, afirmou.<\/div>\n<div dir=\"ltr\"><\/div>\n<div dir=\"ltr\" style=\"text-align: justify;\">Para o diretor da DMT, Cl\u00e1udio Luiz da Silva, um dos aspectos mais relevantes apresentados diz respeito \u00e0 quest\u00e3o or\u00e7ament\u00e1ria. &#8220;Como o or\u00e7amento \u00e9 um trabalho feito ainda dentro do exerc\u00edcio atual para o seguinte, convidamos os jurisdicionados para tomarem conhecimento das atualiza\u00e7\u00f5es e melhorias que fizemos nessa \u00e1rea&#8221;, comentou.<\/div>\n<div dir=\"ltr\"><\/div>\n<div dir=\"ltr\" style=\"text-align: justify;\">Conforme Orienta\u00e7\u00e3o emitida pela Diretoria T\u00e9cnica do TCE, nas diretrizes para a elabora\u00e7\u00e3o da LOA 2018 deve-se observar os princ\u00edpios or\u00e7ament\u00e1rios, &#8220;com destaque ao equil\u00edbrio or\u00e7ament\u00e1rio relativo \u00e0 previs\u00e3o de receitas e despesas, seus valores, fontes e especifica\u00e7\u00f5es, assim como a compatibiliza\u00e7\u00e3o entre plano plurianual, lei de diretrizes or\u00e7ament\u00e1rias e lei or\u00e7ament\u00e1ria anual&#8221;.<\/div>\n<div dir=\"ltr\" style=\"text-align: justify;\"><\/div>\n<div dir=\"ltr\" style=\"text-align: justify;\">O diretor Cl\u00e1udio Luiz destacou ainda a relev\u00e2ncia dos demais temas debatidos no encontro: &#8220;Demos orienta\u00e7\u00f5es a respeito de temas que eles tinham d\u00favidas; as inova\u00e7\u00f5es no m\u00f3dulo de contratos e licita\u00e7\u00f5es, aperfei\u00e7oamentos que fizemos nesses dois m\u00f3dulos; e a implementa\u00e7\u00e3o do processo eletr\u00f4nico, j\u00e1 que estamos trabalhando para que em setembro j\u00e1 esteja implementado&#8221;, concluiu.<\/div>\n<div dir=\"ltr\" style=\"text-align: justify;\"><\/div>\n<div dir=\"ltr\" style=\"text-align: justify;\">A oportunidade de esclarecer d\u00favidas e conhecer as novidades foi elogiada pelo servidor da Prefeitura de Pinh\u00e3o, Ney Paulo, que trabalha na \u00e1rea de licita\u00e7\u00f5es. &#8220;S\u00e3o inova\u00e7\u00f5es que v\u00e3o facilitar o lan\u00e7amento de informa\u00e7\u00f5es; vai ajudar para que a gente se aprimore mais&#8221;, comentou Paulo, fazendo coro com o diretor financeiro da C\u00e2mara de Carm\u00f3polis, Jos\u00e9 Alberto Santos: &#8220;Foi um encontro muito bom; tecnicamente s\u00f3 fez com que a gente melhore&#8221;.<\/div>\n<div dir=\"ltr\" style=\"text-align: justify;\"><\/div>\n<div dir=\"ltr\" style=\"text-align: justify;\"><img loading=\"lazy\" decoding=\"async\" class=\"aligncenter size-full wp-image-105726\" src=\"http:\/\/senoticias.com.br\/se\/wp-content\/uploads\/2017\/08\/Logo-fone-1-2-1-2-4-6-1-1-1.jpg\" alt=\"Logo-fone-1-2-1-2-4-6-1-1\" width=\"599\" height=\"78\" srcset=\"https:\/\/senoticias.com.br\/se\/wp-content\/uploads\/2017\/08\/Logo-fone-1-2-1-2-4-6-1-1-1.jpg 599w, https:\/\/senoticias.com.br\/se\/wp-content\/uploads\/2017\/08\/Logo-fone-1-2-1-2-4-6-1-1-1-300x39.jpg 300w\" sizes=\"(max-width: 599px) 100vw, 599px\" \/><\/div>\n<div dir=\"ltr\" style=\"text-align: justify;\"><\/div>\n<div dir=\"ltr\" style=\"text-align: justify;\"><em><strong>Acompanhe tamb\u00e9m o SE Not\u00edcias no\u00a0<a href=\"https:\/\/twitter.com\/Senoticias\" target=\"_blank\">Twitter<\/a>,\u00a0<a href=\"https:\/\/www.facebook.com\/senoticias1\" target=\"_blank\">Facebook<\/a>\u00a0e no\u00a0<a href=\"https:\/\/www.instagram.com\/senoticias\/\" target=\"_blank\">Instagram<\/a><\/strong><\/em><\/div>\n<div dir=\"ltr\" style=\"text-align: justify;\"><em>Ascom\/TCE<\/em><\/div>\n","protected":false},"excerpt":{"rendered":"<p>O Tribunal de Contas do Estado (TCE) recebeu na manh\u00e3 desta sexta-feira, 18, em seu audit\u00f3rio, mais de 300 t\u00e9cnicos das Prefeituras e C\u00e2maras sergipanas para uma apresenta\u00e7\u00e3o sobre os novos procedimentos operacionais referentes \u00e0 elabora\u00e7\u00e3o da Lei Or\u00e7ament\u00e1ria Anual (LOA). Tamb\u00e9m foram tratadas as inova\u00e7\u00f5es no m\u00f3dulo de licita\u00e7\u00f5es do sistema Sagres, bem como [&hellip;]<\/p>\n","protected":false},"author":2,"featured_media":105836,"comment_status":"closed","ping_status":"closed","sticky":false,"template":"","format":"standard","meta":{"footnotes":""},"categories":[6,1],"tags":[5255,4688,5257,56,5256],"class_list":{"0":"post-105835","1":"post","2":"type-post","3":"status-publish","4":"format-standard","5":"has-post-thumbnail","7":"category-politica","8":"category-sem-categoria","9":"tag-300-tecnicos","10":"tag-lei","11":"tag-licitacoes","12":"tag-municipios-2","13":"tag-orcamentaria"},"_links":{"self":[{"href":"https:\/\/senoticias.com.br\/se\/wp-json\/wp\/v2\/posts\/105835"}],"collection":[{"href":"https:\/\/senoticias.com.br\/se\/wp-json\/wp\/v2\/posts"}],"about":[{"href":"https:\/\/senoticias.com.br\/se\/wp-json\/wp\/v2\/types\/post"}],"author":[{"embeddable":true,"href":"https:\/\/senoticias.com.br\/se\/wp-json\/wp\/v2\/users\/2"}],"replies":[{"embeddable":true,"href":"https:\/\/senoticias.com.br\/se\/wp-json\/wp\/v2\/comments?post=105835"}],"version-history":[{"count":0,"href":"https:\/\/senoticias.com.br\/se\/wp-json\/wp\/v2\/posts\/105835\/revisions"}],"wp:featuredmedia":[{"embeddable":true,"href":"https:\/\/senoticias.com.br\/se\/wp-json\/wp\/v2\/media\/105836"}],"wp:attachment":[{"href":"https:\/\/senoticias.com.br\/se\/wp-json\/wp\/v2\/media?parent=105835"}],"wp:term":[{"taxonomy":"category","embeddable":true,"href":"https:\/\/senoticias.com.br\/se\/wp-json\/wp\/v2\/categories?post=105835"},{"taxonomy":"post_tag","embeddable":true,"href":"https:\/\/senoticias.com.br\/se\/wp-json\/wp\/v2\/tags?post=105835"}],"curies":[{"name":"wp","href":"https:\/\/api.w.org\/{rel}","templated":true}]}}