{"id":105833,"date":"2017-08-18T13:36:59","date_gmt":"2017-08-18T16:36:59","guid":{"rendered":"http:\/\/senoticias.com.br\/se\/?p=105833"},"modified":"2017-08-18T13:40:21","modified_gmt":"2017-08-18T16:40:21","slug":"senac-divulga-cursos-para-o-proximo-quadrimestre-2","status":"publish","type":"post","link":"https:\/\/senoticias.com.br\/se\/senac-divulga-cursos-para-o-proximo-quadrimestre-2\/","title":{"rendered":"Senac divulga cursos para o pr\u00f3ximo quadrimestre"},"content":{"rendered":"<p style=\"text-align: justify;\">O Senac\/SE, \u00f3rg\u00e3o integrante do Sistema Fecom\u00e9rcio\/Sesc\/Senac, abriu inscri\u00e7\u00f5es para os cursos que ser\u00e3o ministrados nos meses de setembro, outubro, novembro e dezembro. S\u00e3o quase 100 op\u00e7\u00f5es de t\u00edtulos, das mais diversas \u00e1reas, distribu\u00eddas nas unidades do Senac em Aracaju, Lagarto, Itabaiana e Tobias Barreto.<\/p>\n<div id=\"attachment_74755\" style=\"width: 478px\" class=\"wp-caption aligncenter\"><img loading=\"lazy\" decoding=\"async\" aria-describedby=\"caption-attachment-74755\" class=\"size-full wp-image-74755\" src=\"http:\/\/senoticias.com.br\/se\/wp-content\/uploads\/2015\/01\/cursos_gratuitos_senac1.jpg\" alt=\"Senac divulga cursos para o pr\u00f3ximo quadrimestre. (Imagem \/divulga\u00e7\u00e3o)\" width=\"468\" height=\"274\" srcset=\"https:\/\/senoticias.com.br\/se\/wp-content\/uploads\/2015\/01\/cursos_gratuitos_senac1.jpg 468w, https:\/\/senoticias.com.br\/se\/wp-content\/uploads\/2015\/01\/cursos_gratuitos_senac1-300x175.jpg 300w, https:\/\/senoticias.com.br\/se\/wp-content\/uploads\/2015\/01\/cursos_gratuitos_senac1-342x200.jpg 342w\" sizes=\"(max-width: 468px) 100vw, 468px\" \/><p id=\"caption-attachment-74755\" class=\"wp-caption-text\">Senac divulga cursos para o pr\u00f3ximo quadrimestre. (Imagem \/divulga\u00e7\u00e3o)<\/p><\/div>\n<p style=\"text-align: justify;\">Na capital, as matr\u00edculas devem ser feitas de segunda a sexta-feira, das 8h30 \u00e0s 19h30, na Central de Atendimento da institui\u00e7\u00e3o de ensino, localizada \u00e0 AV. Ivo do Prado, 564, bairro S\u00e3o Jos\u00e9. No interior, as inscri\u00e7\u00f5es s\u00e3o feitas nas respectivas unidades do Senac.<\/p>\n<p style=\"text-align: justify;\">Confira\u00a0em\u00a0<a href=\"http:\/\/www.se.senac.br\/\" data-saferedirecturl=\"https:\/\/www.google.com\/url?hl=pt-BR&amp;q=http:\/\/www.se.senac.br&amp;source=gmail&amp;ust=1503157990934000&amp;usg=AFQjCNFiupZWHMiT8ZVvhYiRems-fDW79g\">www.se.senac.br<\/a>\u00a0a programa\u00e7\u00e3o completa de cursos, bem como as informa\u00e7\u00f5es necess\u00e1rias para a matr\u00edcula e os descontos do plano de fideliza\u00e7\u00e3o. Mais informa\u00e7\u00f5es atrav\u00e9s dos fones 79 \u2013 3212-1560 \/ 1561.<\/p>\n<p style=\"text-align: justify;\"><img loading=\"lazy\" decoding=\"async\" class=\"aligncenter size-full wp-image-105726\" src=\"http:\/\/senoticias.com.br\/se\/wp-content\/uploads\/2017\/08\/Logo-fone-1-2-1-2-4-6-1-1-1.jpg\" alt=\"Logo-fone-1-2-1-2-4-6-1-1\" width=\"599\" height=\"78\" srcset=\"https:\/\/senoticias.com.br\/se\/wp-content\/uploads\/2017\/08\/Logo-fone-1-2-1-2-4-6-1-1-1.jpg 599w, https:\/\/senoticias.com.br\/se\/wp-content\/uploads\/2017\/08\/Logo-fone-1-2-1-2-4-6-1-1-1-300x39.jpg 300w\" sizes=\"(max-width: 599px) 100vw, 599px\" \/><\/p>\n<p style=\"text-align: justify;\"><em><strong>Acompanhe tamb\u00e9m o SE Not\u00edcias no\u00a0<a href=\"https:\/\/twitter.com\/Senoticias\" target=\"_blank\">Twitter<\/a>,\u00a0<a href=\"https:\/\/www.facebook.com\/senoticias1\" target=\"_blank\">Facebook<\/a>\u00a0e no\u00a0<a href=\"https:\/\/www.instagram.com\/senoticias\/\" target=\"_blank\">Instagram<\/a><\/strong><\/em><\/p>\n<p style=\"text-align: justify;\"><em>Informa\u00e7\u00f5es da Ascom\/Senac<\/em><\/p>\n<p style=\"text-align: justify;\">\n","protected":false},"excerpt":{"rendered":"<p>O Senac\/SE, \u00f3rg\u00e3o integrante do Sistema Fecom\u00e9rcio\/Sesc\/Senac, abriu inscri\u00e7\u00f5es para os cursos que ser\u00e3o ministrados nos meses de setembro, outubro, novembro e dezembro. S\u00e3o quase 100 op\u00e7\u00f5es de t\u00edtulos, das mais diversas \u00e1reas, distribu\u00eddas nas unidades do Senac em Aracaju, Lagarto, Itabaiana e Tobias Barreto. Na capital, as matr\u00edculas devem ser feitas de segunda a [&hellip;]<\/p>\n","protected":false},"author":2,"featured_media":0,"comment_status":"closed","ping_status":"closed","sticky":false,"template":"","format":"standard","meta":{"footnotes":""},"categories":[15,10],"tags":[],"class_list":{"0":"post-105833","1":"post","2":"type-post","3":"status-publish","4":"format-standard","6":"category-destaques","7":"category-empregos"},"_links":{"self":[{"href":"https:\/\/senoticias.com.br\/se\/wp-json\/wp\/v2\/posts\/105833"}],"collection":[{"href":"https:\/\/senoticias.com.br\/se\/wp-json\/wp\/v2\/posts"}],"about":[{"href":"https:\/\/senoticias.com.br\/se\/wp-json\/wp\/v2\/types\/post"}],"author":[{"embeddable":true,"href":"https:\/\/senoticias.com.br\/se\/wp-json\/wp\/v2\/users\/2"}],"replies":[{"embeddable":true,"href":"https:\/\/senoticias.com.br\/se\/wp-json\/wp\/v2\/comments?post=105833"}],"version-history":[{"count":0,"href":"https:\/\/senoticias.com.br\/se\/wp-json\/wp\/v2\/posts\/105833\/revisions"}],"wp:attachment":[{"href":"https:\/\/senoticias.com.br\/se\/wp-json\/wp\/v2\/media?parent=105833"}],"wp:term":[{"taxonomy":"category","embeddable":true,"href":"https:\/\/senoticias.com.br\/se\/wp-json\/wp\/v2\/categories?post=105833"},{"taxonomy":"post_tag","embeddable":true,"href":"https:\/\/senoticias.com.br\/se\/wp-json\/wp\/v2\/tags?post=105833"}],"curies":[{"name":"wp","href":"https:\/\/api.w.org\/{rel}","templated":true}]}}