{"id":105832,"date":"2017-08-18T07:48:17","date_gmt":"2017-08-18T10:48:17","guid":{"rendered":"http:\/\/senoticias.com.br\/se\/?p=105832"},"modified":"2017-08-18T15:07:29","modified_gmt":"2017-08-18T18:07:29","slug":"policia-desarticula-organizacao-responsavel-por-dezenas-de-homicidios-e-trafico-de-drogas","status":"publish","type":"post","link":"https:\/\/senoticias.com.br\/se\/policia-desarticula-organizacao-responsavel-por-dezenas-de-homicidios-e-trafico-de-drogas\/","title":{"rendered":"Opera\u00e7\u00e3o da Pol\u00edcia Civil prende 15 suspeitos de tr\u00e1fico de drogas na Bahia e Sergipe"},"content":{"rendered":"<p align=\"justify\"><span style=\"color: #000000;\"><span style=\"font-family: Arial, sans-serif;\">Quinze pessoas foram presas pela 2\u00aa Coordenadoria Regional de Pol\u00edcia do Interior (Coorpin), com sede em Alagoinhas, durante opera\u00e7\u00e3o para o cumprimento de 34 mandados de pris\u00e3o preventiva e 34 mandados de busca e apreens\u00e3o, na quinta-feira (17), nas cidades de Rio Real, na Bahia, e Indiaroba e S\u00e3o Crist\u00f3v\u00e3o, em Sergipe. A pol\u00edcia sergipana tamb\u00e9m participou do evento, que mobilizou 140 policiais civis baianos, entre delegados, investigadores e escriv\u00e3es, al\u00e9m de mais de 30 viaturas.<\/span><\/span><\/p>\n<div id=\"attachment_105850\" style=\"width: 609px\" class=\"wp-caption aligncenter\"><img loading=\"lazy\" decoding=\"async\" aria-describedby=\"caption-attachment-105850\" class=\"size-full wp-image-105850\" src=\"http:\/\/senoticias.com.br\/se\/wp-content\/uploads\/2017\/08\/operacao-bahia-e-sergipe-senoticias-e1503079495607.jpg\" alt=\"suspeitos de tr\u00e1fico de drogas entre Sergipe\" width=\"599\" height=\"446\" \/><p id=\"caption-attachment-105850\" class=\"wp-caption-text\">15 suspeitos de tr\u00e1fico de drogas foram presos (foto: SSP\/Bahia)<\/p><\/div>\n<p align=\"justify\"><span style=\"color: #000000;\"><span style=\"font-family: Arial, sans-serif;\">De acordo com o delegado Jobson Lucas Marques, titular da Delegacia Territorial (DT), de Rio Real, que esteve \u00e0 frente da opera\u00e7\u00e3o, os presos integram uma organiza\u00e7\u00e3o criminosa que estava sendo investigada h\u00e1 mais de 10 meses por suas equipes. Com sede naquela cidade, a quadrilha \u00e9 respons\u00e1vel por mais de 20 homic\u00eddios, todos de traficantes rivais ou usu\u00e1rios com d\u00edvidas de droga. O bando tamb\u00e9m est\u00e1 envolvido com roubos, torturas, sequestros e extors\u00f5es. Dez quilos de maconha e outras 300 trouxas da droga foram apreendidos, al\u00e9m de oito papelotes de coca\u00edna, uma arma e 11 celulares.<\/span><\/span><\/p>\n<p align=\"justify\"><span style=\"color: #000000;\"><span style=\"font-family: Arial, sans-serif;\">A organiza\u00e7\u00e3o, composta por aproximadamente 40 integrantes, possu\u00eda, segundo o delegado, uma hierarquia estruturada, com divis\u00e3o de tarefas delimitadas e poder de intimida\u00e7\u00e3o. Liderada por Andr\u00e9 Luiz Concei\u00e7\u00e3o Ferreira, que est\u00e1 preso no Pres\u00eddio de S\u00e3o Crist\u00f3v\u00e3o, em Sergipe. Ele comanda a organiza\u00e7\u00e3o por meio da companheira Ira\u00edldes Santos de S\u00e1, a \u201cTico\u201d, que repassa as ordens ao grupo. O bra\u00e7o direito de Andr\u00e9 era Luiz Alex S\u00e1 Santos, o \u201cAlex Neguinho\u201d, residente em Indiaroba, e principal alvo preso na opera\u00e7\u00e3o.<\/span><\/span><\/p>\n<p align=\"justify\"><span style=\"color: #000000;\"><span style=\"font-family: Arial, sans-serif;\"><strong>PRESOS<\/strong><\/span><\/span><\/p>\n<p align=\"justify\"><span style=\"color: #000000;\"><span style=\"font-family: Arial, sans-serif;\">Os demais presos s\u00e3o: Francisco Alves Santos J\u00fanior, o \u201cSeriguete\u201d, Igor Souza, o \u201cGordo\u201d, Tailan Souza Cardoso, o \u201cPez\u00e3o, Ricardo dos Santos Maciel, Renilton dos Santos Moura, o \u201cCheiro\u201d, Enrique Caio Oliveira Santos, o \u201cTchuk\u201d, Adson Goes da Paix\u00e3o, Ricardo Paulo Melo de Oliveira, o \u201cRicardo do Brega\u201d, J\u00e2nio de Jesus Rosa, Eunice Fel\u00edcia dos Santos, Aleci dos Santos Vieira, Rosilange Carvalho Santos, Jossilene Dos Santos de Souza e Cl\u00e9cia dos Santos Vieira. Os mandados foram expedidos pela Comarca de Rio Real.<\/span><\/span><\/p>\n<p align=\"justify\"><span style=\"color: #000000;\"><span style=\"font-family: Arial, sans-serif;\">O delegado Jobson Marques lembra que, antes desta opera\u00e7\u00e3o, outros seis integrantes da organiza\u00e7\u00e3o criminosa j\u00e1 haviam sido presos em a\u00e7\u00f5es diversas da policia na regi\u00e3o. S\u00e3o eles: \u00cdcaro Nunes dos Santos, o \u201cZumbi\u201d, Cristiano Santos Silva, o \u201cBarriga\u201d, Carlos Alexandre Santos Gois, o \u201cSerrote\u201d, Adriano Souza Santos e Gleidson Santos Brito, o \u201cFormiga\u201d.<\/span><\/span><\/p>\n<p align=\"justify\"><span style=\"color: #000000;\"><span style=\"font-family: Arial, sans-serif;\">A opera\u00e7\u00e3o contou com a participa\u00e7\u00e3o das equipes das delegacias territoriais (DTs) de Rio Real, Catu, Olindina, Itapicuru, Esplanada, Apor\u00e1, Acajutiba, das delegacias de Repress\u00e3o a Furtos e Roubos (DRFR) de Alagoinhas e Feira de Santana, da Coordena\u00e7\u00e3o de Apoio T\u00e9cnico \u00e0 Investiga\u00e7\u00e3o (CATI), do Departamento de Pol\u00edcia do Interior (Depin), do Departamento de Repress\u00e3o e Combate ao Crime Organizado (Draco), da Coordena\u00e7\u00e3o de Opera\u00e7\u00f5es Especiais (COE), das 1\u00aa e 2\u00aa Coorpins, de Feira e Alagoinhas, respectivamente, Polinter, Servi\u00e7o de Intelig\u00eancia da Secretaria da Seguran\u00e7a P\u00fablica (SSP\/BA) e equipes da GERB, da Pol\u00edcia Civil de Sergipe.<\/span><\/span><\/p>\n<p align=\"justify\"><img loading=\"lazy\" decoding=\"async\" class=\"aligncenter size-full wp-image-105726\" src=\"http:\/\/senoticias.com.br\/se\/wp-content\/uploads\/2017\/08\/Logo-fone-1-2-1-2-4-6-1-1-1.jpg\" alt=\"Logo-fone-1-2-1-2-4-6-1-1\" width=\"599\" height=\"78\" srcset=\"https:\/\/senoticias.com.br\/se\/wp-content\/uploads\/2017\/08\/Logo-fone-1-2-1-2-4-6-1-1-1.jpg 599w, https:\/\/senoticias.com.br\/se\/wp-content\/uploads\/2017\/08\/Logo-fone-1-2-1-2-4-6-1-1-1-300x39.jpg 300w\" sizes=\"(max-width: 599px) 100vw, 599px\" \/><\/p>\n<p align=\"justify\"><em><strong>Acompanhe tamb\u00e9m o SE Not\u00edcias no\u00a0<a href=\"https:\/\/twitter.com\/Senoticias\" target=\"_blank\">Twitter<\/a>,\u00a0<a href=\"https:\/\/www.facebook.com\/senoticias1\" target=\"_blank\">Facebook<\/a>\u00a0e no\u00a0<a href=\"https:\/\/www.instagram.com\/senoticias\/\" target=\"_blank\">Instagram<\/a><\/strong><\/em><\/p>\n<p align=\"justify\"><strong>Ascom\/Pol\u00edcia Civil da Bahia<\/strong><\/p>\n<p align=\"justify\">\n","protected":false},"excerpt":{"rendered":"<p>Quinze pessoas foram presas pela 2\u00aa Coordenadoria Regional de Pol\u00edcia do Interior (Coorpin), com sede em Alagoinhas, durante opera\u00e7\u00e3o para o cumprimento de 34 mandados de pris\u00e3o preventiva e 34 mandados de busca e apreens\u00e3o, na quinta-feira (17), nas cidades de Rio Real, na Bahia, e Indiaroba e S\u00e3o Crist\u00f3v\u00e3o, em Sergipe. A pol\u00edcia sergipana [&hellip;]<\/p>\n","protected":false},"author":2,"featured_media":105850,"comment_status":"closed","ping_status":"closed","sticky":false,"template":"","format":"standard","meta":{"footnotes":""},"categories":[15,7],"tags":[2623,3135,78,223,593],"class_list":{"0":"post-105832","1":"post","2":"type-post","3":"status-publish","4":"format-standard","5":"has-post-thumbnail","7":"category-destaques","8":"category-policia","9":"tag-bahia","10":"tag-operacao","11":"tag-policia-civil","12":"tag-sergipe","13":"tag-trafico"},"_links":{"self":[{"href":"https:\/\/senoticias.com.br\/se\/wp-json\/wp\/v2\/posts\/105832"}],"collection":[{"href":"https:\/\/senoticias.com.br\/se\/wp-json\/wp\/v2\/posts"}],"about":[{"href":"https:\/\/senoticias.com.br\/se\/wp-json\/wp\/v2\/types\/post"}],"author":[{"embeddable":true,"href":"https:\/\/senoticias.com.br\/se\/wp-json\/wp\/v2\/users\/2"}],"replies":[{"embeddable":true,"href":"https:\/\/senoticias.com.br\/se\/wp-json\/wp\/v2\/comments?post=105832"}],"version-history":[{"count":0,"href":"https:\/\/senoticias.com.br\/se\/wp-json\/wp\/v2\/posts\/105832\/revisions"}],"wp:featuredmedia":[{"embeddable":true,"href":"https:\/\/senoticias.com.br\/se\/wp-json\/wp\/v2\/media\/105850"}],"wp:attachment":[{"href":"https:\/\/senoticias.com.br\/se\/wp-json\/wp\/v2\/media?parent=105832"}],"wp:term":[{"taxonomy":"category","embeddable":true,"href":"https:\/\/senoticias.com.br\/se\/wp-json\/wp\/v2\/categories?post=105832"},{"taxonomy":"post_tag","embeddable":true,"href":"https:\/\/senoticias.com.br\/se\/wp-json\/wp\/v2\/tags?post=105832"}],"curies":[{"name":"wp","href":"https:\/\/api.w.org\/{rel}","templated":true}]}}