{"id":105829,"date":"2017-08-18T07:22:17","date_gmt":"2017-08-18T10:22:17","guid":{"rendered":"http:\/\/senoticias.com.br\/se\/?p=105829"},"modified":"2017-08-18T15:08:16","modified_gmt":"2017-08-18T18:08:16","slug":"policia-federal-deflagra-43a-e-44a-fases-da-operacao-lava-jato","status":"publish","type":"post","link":"https:\/\/senoticias.com.br\/se\/policia-federal-deflagra-43a-e-44a-fases-da-operacao-lava-jato\/","title":{"rendered":"Pol\u00edcia Federal deflagra 43\u00aa e 44\u00aa fases da Opera\u00e7\u00e3o Lava Jato"},"content":{"rendered":"<div class=\"mc-column content-text active-extra-styles active-capital-letter\" data-block-type=\"unstyled\" data-block-weight=\"61\">\n<p class=\"content-text__container theme-color-primary-first-letter\" style=\"text-align: justify;\" data-track-category=\"Link no Texto\" data-track-links=\"\">A Pol\u00edcia Federal (PF) cumpre mandados da 43\u00aa e da 44\u00aa fases da Opera\u00e7\u00e3o Lava Jato na manh\u00e3 desta sexta-feira (18) em cidades do Rio de Janeiro e S\u00e3o Paulo. \u00c9 a primeira vez que a PF realiza duas fases da opera\u00e7\u00e3o ao mesmo tempo. O ex-lider do governo Lula e Dilma e ex-deputado federal C\u00e2ndido Vaccarezza, ex-PT, foi preso temporariamente.<\/p>\n<div id=\"attachment_105830\" style=\"width: 609px\" class=\"wp-caption aligncenter\"><img loading=\"lazy\" decoding=\"async\" aria-describedby=\"caption-attachment-105830\" class=\"size-full wp-image-105830\" src=\"http:\/\/senoticias.com.br\/se\/wp-content\/uploads\/2017\/08\/candido-vaccarezza-senoticias-e1503052017656.jpeg\" alt=\"Ex-l\u00edder na C\u00e2mara dos governos Dilma e Lula, Vaccarezza\" width=\"599\" height=\"399\" \/><p id=\"caption-attachment-105830\" class=\"wp-caption-text\">Ex-l\u00edder na C\u00e2mara dos governos Dilma e Lula, Vaccarezza (foto: arquivo\/C\u00e2mara federal)<\/p><\/div>\n<\/div>\n<div class=\"mc-column content-text active-extra-styles \" data-block-type=\"unstyled\" data-block-weight=\"12\">\n<p class=\"content-text__container \" style=\"text-align: justify;\" data-track-category=\"Link no Texto\" data-track-links=\"\">As duas opera\u00e7\u00f5es foram batizadas de Sem Fronteiras e Opera\u00e7\u00e3o Abate, respectivamente.<\/p>\n<\/div>\n<div class=\"mc-column content-text active-extra-styles \" style=\"text-align: justify;\" data-block-type=\"unstyled\" data-block-weight=\"38\">\n<p class=\"content-text__container \" data-track-category=\"Link no Texto\" data-track-links=\"\">Foram expedidos 46 mandados, sendo 29 mandados de busca e apreens\u00e3o, 11 mandados de condu\u00e7\u00e3o coercitiva e 6 mandados de pris\u00e3o tempor\u00e1ria, segundo a PF. O ex-deputado federal C\u00e2ndido Vaccarezza, ex-PT, \u00e9 um dos alvos de pris\u00e3o tempor\u00e1ria.<\/p>\n<\/div>\n<div class=\"mc-column content-text active-extra-styles \" style=\"text-align: justify;\" data-block-type=\"unstyled\" data-block-weight=\"24\">\n<p class=\"content-text__container \" data-track-category=\"Link no Texto\" data-track-links=\"\">As opera\u00e7\u00f5es investigam os crimes de corrup\u00e7\u00e3o, desvio de verbas p\u00fablicas e lavagens de ativos identificados em contrata\u00e7\u00e3o de grandes empresas com a Petrobras.<\/p>\n<\/div>\n<div class=\"mc-column content-text active-extra-styles \" style=\"text-align: justify;\" data-block-type=\"unstyled\" data-block-weight=\"33\">\n<p class=\"content-text__container \" data-track-category=\"Link no Texto\" data-track-links=\"\">Na Opera\u00e7\u00e3o Sem Fronteiras \u00e9 investigada a rela\u00e7\u00e3o esp\u00faria entre executivos da PETROBRAS e grupo de armadores estrangeiros para obten\u00e7\u00e3o de informa\u00e7\u00f5es privilegiadas e favorecimento obten\u00e7\u00e3o de contratos milion\u00e1rios com a empresa brasileira.<\/p>\n<\/div>\n<div class=\"mc-column content-text active-extra-styles \" data-block-type=\"unstyled\" data-block-weight=\"54\">\n<p class=\"content-text__container \" style=\"text-align: justify;\" data-track-category=\"Link no Texto\" data-track-links=\"\">Na Opera\u00e7\u00e3o Abate, a a\u00e7\u00e3o visa desarticular grupo criminoso que era apadrinhado por ex-deputado federal, cuja influ\u00eancia era utilizada para a obten\u00e7\u00e3o de contratos da Petrobras com empresa estrangeira. Nesta rela\u00e7\u00e3o criminosa, recursos foram direcionados para pagamentos indevidos a executivos da estatal e agentes p\u00fablicos e pol\u00edticos, al\u00e9m do pr\u00f3prio ex-parlamentar, segundo a PF.<\/p>\n<\/div>\n<div class=\"mc-column content-text active-extra-styles \" data-block-type=\"unstyled\" data-block-weight=\"51\">\n<p class=\"content-text__container \" style=\"text-align: justify;\" data-track-category=\"Link no Texto\" data-track-links=\"\">Na Opera\u00e7\u00e3o Abate, a a\u00e7\u00e3o visa desarticular grupo criminoso que era apadrinhado por ex-deputado federal, cuja influ\u00eancia era utilizada para a obten\u00e7\u00e3o de contratos da Petrobras com empresa estrangeira. Nesta rela\u00e7\u00e3o criminosa, recursos foram direcionados para pagamentos indevidos a executivos da estatal e agentes p\u00fablicos e pol\u00edticos, al\u00e9m do pr\u00f3prio ex-parlamentar.<\/p>\n<p class=\"content-text__container \" style=\"text-align: justify;\" data-track-category=\"Link no Texto\" data-track-links=\"\"><img loading=\"lazy\" decoding=\"async\" class=\"aligncenter size-full wp-image-105726\" src=\"http:\/\/senoticias.com.br\/se\/wp-content\/uploads\/2017\/08\/Logo-fone-1-2-1-2-4-6-1-1-1.jpg\" alt=\"Logo-fone-1-2-1-2-4-6-1-1\" width=\"599\" height=\"78\" srcset=\"https:\/\/senoticias.com.br\/se\/wp-content\/uploads\/2017\/08\/Logo-fone-1-2-1-2-4-6-1-1-1.jpg 599w, https:\/\/senoticias.com.br\/se\/wp-content\/uploads\/2017\/08\/Logo-fone-1-2-1-2-4-6-1-1-1-300x39.jpg 300w\" sizes=\"(max-width: 599px) 100vw, 599px\" \/><\/p>\n<p class=\"content-text__container \" style=\"text-align: justify;\" data-track-category=\"Link no Texto\" data-track-links=\"\"><em><strong>Acompanhe tamb\u00e9m o SE Not\u00edcias no\u00a0<a href=\"https:\/\/twitter.com\/Senoticias\" target=\"_blank\">Twitter<\/a>,\u00a0<a href=\"https:\/\/www.facebook.com\/senoticias1\" target=\"_blank\">Facebook<\/a>\u00a0e no\u00a0<a href=\"https:\/\/www.instagram.com\/senoticias\/\" target=\"_blank\">Instagram<\/a><\/strong><\/em><\/p>\n<p class=\"content-text__container \" style=\"text-align: justify;\" data-track-category=\"Link no Texto\" data-track-links=\"\"><em>Informa\u00e7\u00f5es do G1<\/em><\/p>\n<\/div>\n","protected":false},"excerpt":{"rendered":"<p>A Pol\u00edcia Federal (PF) cumpre mandados da 43\u00aa e da 44\u00aa fases da Opera\u00e7\u00e3o Lava Jato na manh\u00e3 desta sexta-feira (18) em cidades do Rio de Janeiro e S\u00e3o Paulo. \u00c9 a primeira vez que a PF realiza duas fases da opera\u00e7\u00e3o ao mesmo tempo. O ex-lider do governo Lula e Dilma e ex-deputado federal [&hellip;]<\/p>\n","protected":false},"author":2,"featured_media":105830,"comment_status":"closed","ping_status":"closed","sticky":false,"template":"","format":"standard","meta":{"footnotes":""},"categories":[2961,6],"tags":[5254,3135,1948,1947],"class_list":{"0":"post-105829","1":"post","2":"type-post","3":"status-publish","4":"format-standard","5":"has-post-thumbnail","7":"category-nacional","8":"category-politica","9":"tag-fases","10":"tag-operacao","11":"tag-operacao-lava-jato","12":"tag-policia-federal"},"_links":{"self":[{"href":"https:\/\/senoticias.com.br\/se\/wp-json\/wp\/v2\/posts\/105829"}],"collection":[{"href":"https:\/\/senoticias.com.br\/se\/wp-json\/wp\/v2\/posts"}],"about":[{"href":"https:\/\/senoticias.com.br\/se\/wp-json\/wp\/v2\/types\/post"}],"author":[{"embeddable":true,"href":"https:\/\/senoticias.com.br\/se\/wp-json\/wp\/v2\/users\/2"}],"replies":[{"embeddable":true,"href":"https:\/\/senoticias.com.br\/se\/wp-json\/wp\/v2\/comments?post=105829"}],"version-history":[{"count":0,"href":"https:\/\/senoticias.com.br\/se\/wp-json\/wp\/v2\/posts\/105829\/revisions"}],"wp:featuredmedia":[{"embeddable":true,"href":"https:\/\/senoticias.com.br\/se\/wp-json\/wp\/v2\/media\/105830"}],"wp:attachment":[{"href":"https:\/\/senoticias.com.br\/se\/wp-json\/wp\/v2\/media?parent=105829"}],"wp:term":[{"taxonomy":"category","embeddable":true,"href":"https:\/\/senoticias.com.br\/se\/wp-json\/wp\/v2\/categories?post=105829"},{"taxonomy":"post_tag","embeddable":true,"href":"https:\/\/senoticias.com.br\/se\/wp-json\/wp\/v2\/tags?post=105829"}],"curies":[{"name":"wp","href":"https:\/\/api.w.org\/{rel}","templated":true}]}}