{"id":105788,"date":"2017-08-16T21:17:53","date_gmt":"2017-08-17T00:17:53","guid":{"rendered":"http:\/\/senoticias.com.br\/se\/?p=105788"},"modified":"2017-08-16T21:17:53","modified_gmt":"2017-08-17T00:17:53","slug":"delegados-de-sergipe-agradecem-a-aprovacao-do-projeto-na-alese","status":"publish","type":"post","link":"https:\/\/senoticias.com.br\/se\/delegados-de-sergipe-agradecem-a-aprovacao-do-projeto-na-alese\/","title":{"rendered":"Delegados de Sergipe agradecem a aprova\u00e7\u00e3o do projeto na Alese"},"content":{"rendered":"<p style=\"text-align: justify;\">Em nota, o Presidente da\u00a0Adepol (Associa\u00e7\u00e3o dos Delegados de Pol\u00edcia Civil), Paulo M\u00e1rcio Ramos Cruz, destacou o empenho da Assembleia Legislativa em aprovar o projeto de lei que disp\u00f5e sobre altera\u00e7\u00f5es no regime jur\u00eddico dos servidores ocupantes de cargos efetivos das carreiras policiais civis e que reestrutura o quadro de cargos em comiss\u00e3o da Pol\u00edcia Civil.<\/p>\n<div id=\"attachment_105789\" style=\"width: 609px\" class=\"wp-caption aligncenter\"><img loading=\"lazy\" decoding=\"async\" aria-describedby=\"caption-attachment-105789\" class=\"size-full wp-image-105789\" src=\"http:\/\/senoticias.com.br\/se\/wp-content\/uploads\/2017\/08\/ALESE-SENOTICIAS-e1502929004275.jpg\" alt=\"Delegados agradecem a aprova\u00e7\u00e3o do projeto na Alese (Foto: Jadilson Sim\u00f5es)\" width=\"599\" height=\"397\" \/><p id=\"caption-attachment-105789\" class=\"wp-caption-text\">Delegados agradecem a aprova\u00e7\u00e3o do projeto na Alese (Foto: Jadilson Sim\u00f5es)<\/p><\/div>\n<p style=\"text-align: justify;\">\u201cAcaba de ser aprovado na Assembleia Legislativa o projeto de lei que fixa a jornada de 36 horas semanais, reajusta o valor da remunera\u00e7\u00e3o pela atividade de plant\u00e3o e regulamenta a acumula\u00e7\u00e3o de delegacias de pol\u00edcia no interior do Estado, medidas estas que entrar\u00e3o em vigor na data da publica\u00e7\u00e3o da lei\u201d, destaca o delegado.<\/p>\n<p style=\"text-align: justify;\">Em seguida, Paulo M\u00e1rcio reitera que \u201cap\u00f3s o \u00eaxito desta primeira fase da negocia\u00e7\u00e3o, em que se corrigiram tanto distor\u00e7\u00f5es recentes quanto graves problemas hist\u00f3ricos, a Adepol, ao tempo em que agradece ao Governo do Estado e \u00e0 Assembleia Legislativa por terem honrado o compromisso assumido com os delegados de pol\u00edcia, conclama todos os seus associados a permanecerem coesos e mobilizados nesta segunda etapa da negocia\u00e7\u00e3o, desta feita tendo por objetivo a recomposi\u00e7\u00e3o da tabela de subs\u00eddio e, por conseguinte, o restabelecimento da isonomia com as demais carreiras jur\u00eddicas do Executivo Estadual\u201d.<\/p>\n<p><img loading=\"lazy\" decoding=\"async\" class=\"aligncenter size-full wp-image-105726\" src=\"http:\/\/senoticias.com.br\/se\/wp-content\/uploads\/2017\/08\/Logo-fone-1-2-1-2-4-6-1-1-1.jpg\" alt=\"Logo-fone-1-2-1-2-4-6-1-1\" width=\"599\" height=\"78\" srcset=\"https:\/\/senoticias.com.br\/se\/wp-content\/uploads\/2017\/08\/Logo-fone-1-2-1-2-4-6-1-1-1.jpg 599w, https:\/\/senoticias.com.br\/se\/wp-content\/uploads\/2017\/08\/Logo-fone-1-2-1-2-4-6-1-1-1-300x39.jpg 300w\" sizes=\"(max-width: 599px) 100vw, 599px\" \/><\/p>\n<p><em><strong>Acompanhe tamb\u00e9m o SE Not\u00edcias no\u00a0<a href=\"https:\/\/twitter.com\/Senoticias\" target=\"_blank\">Twitter<\/a>,\u00a0<a href=\"https:\/\/www.facebook.com\/senoticias1\" target=\"_blank\">Facebook<\/a>\u00a0e no\u00a0<a href=\"https:\/\/www.instagram.com\/senoticias\/\" target=\"_blank\">Instagram<\/a><\/strong><\/em><\/p>\n<p><strong>Da Ag\u00eancia de Not\u00edcias da Alese<\/strong><\/p>\n","protected":false},"excerpt":{"rendered":"<p>Em nota, o Presidente da\u00a0Adepol (Associa\u00e7\u00e3o dos Delegados de Pol\u00edcia Civil), Paulo M\u00e1rcio Ramos Cruz, destacou o empenho da Assembleia Legislativa em aprovar o projeto de lei que disp\u00f5e sobre altera\u00e7\u00f5es no regime jur\u00eddico dos servidores ocupantes de cargos efetivos das carreiras policiais civis e que reestrutura o quadro de cargos em comiss\u00e3o da Pol\u00edcia [&hellip;]<\/p>\n","protected":false},"author":2,"featured_media":105789,"comment_status":"closed","ping_status":"closed","sticky":false,"template":"","format":"standard","meta":{"footnotes":""},"categories":[6],"tags":[2830,2794,5233,223],"class_list":{"0":"post-105788","1":"post","2":"type-post","3":"status-publish","4":"format-standard","5":"has-post-thumbnail","7":"category-politica","8":"tag-alese","9":"tag-delegados","10":"tag-projetos","11":"tag-sergipe"},"_links":{"self":[{"href":"https:\/\/senoticias.com.br\/se\/wp-json\/wp\/v2\/posts\/105788"}],"collection":[{"href":"https:\/\/senoticias.com.br\/se\/wp-json\/wp\/v2\/posts"}],"about":[{"href":"https:\/\/senoticias.com.br\/se\/wp-json\/wp\/v2\/types\/post"}],"author":[{"embeddable":true,"href":"https:\/\/senoticias.com.br\/se\/wp-json\/wp\/v2\/users\/2"}],"replies":[{"embeddable":true,"href":"https:\/\/senoticias.com.br\/se\/wp-json\/wp\/v2\/comments?post=105788"}],"version-history":[{"count":0,"href":"https:\/\/senoticias.com.br\/se\/wp-json\/wp\/v2\/posts\/105788\/revisions"}],"wp:featuredmedia":[{"embeddable":true,"href":"https:\/\/senoticias.com.br\/se\/wp-json\/wp\/v2\/media\/105789"}],"wp:attachment":[{"href":"https:\/\/senoticias.com.br\/se\/wp-json\/wp\/v2\/media?parent=105788"}],"wp:term":[{"taxonomy":"category","embeddable":true,"href":"https:\/\/senoticias.com.br\/se\/wp-json\/wp\/v2\/categories?post=105788"},{"taxonomy":"post_tag","embeddable":true,"href":"https:\/\/senoticias.com.br\/se\/wp-json\/wp\/v2\/tags?post=105788"}],"curies":[{"name":"wp","href":"https:\/\/api.w.org\/{rel}","templated":true}]}}