{"id":105780,"date":"2017-08-16T16:44:25","date_gmt":"2017-08-16T19:44:25","guid":{"rendered":"http:\/\/senoticias.com.br\/se\/?p=105780"},"modified":"2017-08-16T16:44:25","modified_gmt":"2017-08-16T19:44:25","slug":"quarteto-e-preso-apos-assalto-realizado-no-bairro-sao-carlos","status":"publish","type":"post","link":"https:\/\/senoticias.com.br\/se\/quarteto-e-preso-apos-assalto-realizado-no-bairro-sao-carlos\/","title":{"rendered":"Quarteto \u00e9 preso ap\u00f3s assalto realizado no Bairro S\u00e3o Carlos"},"content":{"rendered":"<p style=\"text-align: justify;\">Ap\u00f3s uma a\u00e7\u00e3o conjunta entre a Pol\u00edcia Rodovi\u00e1ria Federal e o 3\u00ba Batalh\u00e3o de Pol\u00edcia Militar, um quarteto foi preso ap\u00f3s um assalto realizado em Aracaju, na noite dessa segunda-feira, 16. Alisson Santos Ara\u00fajo, 19 anos; Lucas de Jesus, 25 anos; Jorge Santos de Oliveira, 33 anos; e Jos\u00e9 Luciano de Jesus, 37 anos, assumiram a pr\u00e1tica do crime. Os suspeitos articularam e realizaram um assalto a uma mercearia no bairro S\u00e3o Carlos, zona Oeste da capital sergipana.<\/p>\n<div id=\"attachment_105782\" style=\"width: 609px\" class=\"wp-caption aligncenter\"><img loading=\"lazy\" decoding=\"async\" aria-describedby=\"caption-attachment-105782\" class=\"size-full wp-image-105782\" src=\"http:\/\/senoticias.com.br\/se\/wp-content\/uploads\/2017\/08\/9577d3b0-c511-4d27-a7b2-7533d25dde59-e1502912525662.jpg\" alt=\"Grupo articulou a\u00e7\u00e3o e roubou 10 mil reais de uma mercearia\" width=\"599\" height=\"337\" \/><p id=\"caption-attachment-105782\" class=\"wp-caption-text\">Grupo articulou a\u00e7\u00e3o e roubou 10 mil reais de uma mercearia (foto: ascom\/SSP\/SE)<\/p><\/div>\n<p style=\"text-align: justify;\">\nDe acordo com informa\u00e7\u00f5es do delegado N\u00e9lio Bicalho, toda a a\u00e7\u00e3o foi articulada por um funcion\u00e1rio da mercearia onde ocorreu o roubo. Jos\u00e9 Luciano trabalhava na loja h\u00e1 seis meses e tinha conhecimento sobre o fluxo de dinheiro da mercearia. Com essas informa\u00e7\u00f5es, Alisson Santos e Jorge Luciano efetuaram o assalto no estabelecimento usando duas armas de fogo, dois rev\u00f3lveres calibre 380 e 38 e empregaram fuga em uma motocicleta levando a quantia de 10 mil reais.<\/p>\n<p style=\"text-align: justify;\">\n<p style=\"text-align: justify;\">Ap\u00f3s a fuga, um terceiro elemento, Lucas de Jesus aguardava a dupla em um carro, onde\u00a0 Alisson Santos saiu da moto e foi para o ve\u00edculo. Segundo o delegado, a a\u00e7\u00e3o teve a inten\u00e7\u00e3o de atrapalhar os levantamentos iniciais, confundindo as informa\u00e7\u00f5es sobre os suspeitos.<\/p>\n<p style=\"text-align: justify;\">Toda a pr\u00e1tica do assalto foi vista primeiramente por um popular, que escondido, acompanhou a a\u00e7\u00e3o\u00a0 da dupla, a chegada de um terceiro indiv\u00edduo e a fuga dos tr\u00eas. O cidad\u00e3o informou \u00e0 Pol\u00edcia Militar sobre o assalto e a PRF tamb\u00e9m foi convocada para\u00a0 iniciar as primeiras investiga\u00e7\u00f5es. O carro da dupla foi encontrado no povoado Gandu, em Itabaiana, onde na ocasi\u00e3o Lucas de Jesus e Alisson Santos jogaram pela janela as armas usadas no crime e uma bolsa onde estava o dinheiro saqueado. Os suspeitos foram presos e j\u00e1 na delegacia assumiram a pr\u00e1tica do delito.<\/p>\n<p style=\"text-align: justify;\">\n<p style=\"text-align: justify;\">J\u00e1 Jorge Santos e Lucas de Jesus foram presos horas ap\u00f3s a primeira pris\u00e3o. Jorge Santos foi localizado no bairro S\u00e3o Carlos, local onde vive e trabalhava na mercearia e Lucas de Jesus foi encontrado em Itabaiana com a moto usada na fuga do assalto.<\/p>\n<p style=\"text-align: justify;\">\n<p style=\"text-align: justify;\">Mediante os fatos, o quarteto foi encaminhado ao Complexo de Pol\u00edcia Especializada (Cope), onde posteriormente ser\u00e3o encaminhados ao sistema penitenci\u00e1rio sergipano.<\/p>\n<p style=\"text-align: justify;\"><img loading=\"lazy\" decoding=\"async\" class=\"aligncenter size-full wp-image-105726\" src=\"http:\/\/senoticias.com.br\/se\/wp-content\/uploads\/2017\/08\/Logo-fone-1-2-1-2-4-6-1-1-1.jpg\" alt=\"Logo-fone-1-2-1-2-4-6-1-1\" width=\"599\" height=\"78\" srcset=\"https:\/\/senoticias.com.br\/se\/wp-content\/uploads\/2017\/08\/Logo-fone-1-2-1-2-4-6-1-1-1.jpg 599w, https:\/\/senoticias.com.br\/se\/wp-content\/uploads\/2017\/08\/Logo-fone-1-2-1-2-4-6-1-1-1-300x39.jpg 300w\" sizes=\"(max-width: 599px) 100vw, 599px\" \/><\/p>\n<p style=\"text-align: justify;\">\n<p style=\"text-align: justify;\"><em><strong>Acompanhe tamb\u00e9m o SE Not\u00edcias no\u00a0<a href=\"https:\/\/twitter.com\/Senoticias\" target=\"_blank\">Twitter<\/a>,\u00a0<a href=\"https:\/\/www.facebook.com\/senoticias1\" target=\"_blank\">Facebook<\/a>\u00a0e no\u00a0<a href=\"https:\/\/www.instagram.com\/senoticias\/\" target=\"_blank\">Instagram<\/a><\/strong><\/em><\/p>\n<p style=\"text-align: justify;\">\n<p style=\"text-align: justify;\"><em>por Ascom\/SSP\/SE<\/em><\/p>\n","protected":false},"excerpt":{"rendered":"<p>Ap\u00f3s uma a\u00e7\u00e3o conjunta entre a Pol\u00edcia Rodovi\u00e1ria Federal e o 3\u00ba Batalh\u00e3o de Pol\u00edcia Militar, um quarteto foi preso ap\u00f3s um assalto realizado em Aracaju, na noite dessa segunda-feira, 16. Alisson Santos Ara\u00fajo, 19 anos; Lucas de Jesus, 25 anos; Jorge Santos de Oliveira, 33 anos; e Jos\u00e9 Luciano de Jesus, 37 anos, assumiram [&hellip;]<\/p>\n","protected":false},"author":2,"featured_media":105782,"comment_status":"closed","ping_status":"closed","sticky":false,"template":"","format":"standard","meta":{"footnotes":""},"categories":[15,7],"tags":[5229,4155,3947],"class_list":{"0":"post-105780","1":"post","2":"type-post","3":"status-publish","4":"format-standard","5":"has-post-thumbnail","7":"category-destaques","8":"category-policia","9":"tag-bairro-sao-carlos","10":"tag-policia-rodoviaria-federal","11":"tag-quarteto"},"_links":{"self":[{"href":"https:\/\/senoticias.com.br\/se\/wp-json\/wp\/v2\/posts\/105780"}],"collection":[{"href":"https:\/\/senoticias.com.br\/se\/wp-json\/wp\/v2\/posts"}],"about":[{"href":"https:\/\/senoticias.com.br\/se\/wp-json\/wp\/v2\/types\/post"}],"author":[{"embeddable":true,"href":"https:\/\/senoticias.com.br\/se\/wp-json\/wp\/v2\/users\/2"}],"replies":[{"embeddable":true,"href":"https:\/\/senoticias.com.br\/se\/wp-json\/wp\/v2\/comments?post=105780"}],"version-history":[{"count":0,"href":"https:\/\/senoticias.com.br\/se\/wp-json\/wp\/v2\/posts\/105780\/revisions"}],"wp:featuredmedia":[{"embeddable":true,"href":"https:\/\/senoticias.com.br\/se\/wp-json\/wp\/v2\/media\/105782"}],"wp:attachment":[{"href":"https:\/\/senoticias.com.br\/se\/wp-json\/wp\/v2\/media?parent=105780"}],"wp:term":[{"taxonomy":"category","embeddable":true,"href":"https:\/\/senoticias.com.br\/se\/wp-json\/wp\/v2\/categories?post=105780"},{"taxonomy":"post_tag","embeddable":true,"href":"https:\/\/senoticias.com.br\/se\/wp-json\/wp\/v2\/tags?post=105780"}],"curies":[{"name":"wp","href":"https:\/\/api.w.org\/{rel}","templated":true}]}}