{"id":105759,"date":"2017-08-16T10:30:55","date_gmt":"2017-08-16T13:30:55","guid":{"rendered":"http:\/\/senoticias.com.br\/se\/?p=105759"},"modified":"2017-08-16T10:30:55","modified_gmt":"2017-08-16T13:30:55","slug":"aracaju-sedia-2o-seminario-anahp","status":"publish","type":"post","link":"https:\/\/senoticias.com.br\/se\/aracaju-sedia-2o-seminario-anahp\/","title":{"rendered":"Aracaju sedia 2\u00ba Semin\u00e1rio Anahp"},"content":{"rendered":"<p>&nbsp;<\/p>\n<p style=\"text-align: justify;\">Ser\u00e1 realizado nesta quinta-feira, \u00a017, o 2\u00ba Semin\u00e1rio Anahp, no Radisson Hotel, em Aracaju. O evento antecede o Congresso Nacional de Hospitais Privados (Conahp) e ter\u00e1 a participa\u00e7\u00e3o do Hospital Primavera e S\u00e3o Lucas. Realizada pela primeira vez em Aracaju, \u00a0a atividade \u00a0deve reunir mais de 500 pessoas, entre m\u00e9dicos, gestores de hospitais, operadoras de sa\u00fade, laborat\u00f3rios, empresas de\u00a0<em>home care<\/em>\u00a0e profissionais de sa\u00fade, de Sergipe e de v\u00e1rios estados do pa\u00eds.<img loading=\"lazy\" decoding=\"async\" class=\"aligncenter size-full wp-image-105760\" src=\"http:\/\/senoticias.com.br\/se\/wp-content\/uploads\/2017\/08\/WhatsApp-Image-2017-08-16-at-08.37.01-e1502890144408.jpeg\" alt=\"Evento acontece noRadisson Hotel, em Aracaju\" width=\"599\" height=\"337\" \/><\/p>\n<p style=\"text-align: justify;\">O tema a ser debatido ser\u00e1 o futuro dos hospitais, com as seguintes tem\u00e1ticas: do paciente ao indiv\u00edduo &#8211; a redefini\u00e7\u00e3o da entrega de valor; sistemas de sa\u00fade &#8211; as rupturas emergentes e o papel dos hospitais; inova\u00e7\u00e3o e futurismo &#8211; a tecnologia a nosso favor. As inscri\u00e7\u00f5es s\u00e3o gratuitas e podem ser feitas atrav\u00e9s do link:\u00a0<a href=\"http:\/\/bit.iy\/2nOFtiT\" data-saferedirecturl=\"https:\/\/www.google.com\/url?hl=pt-BR&amp;q=http:\/\/bit.Iy\/2nOFtiT&amp;source=gmail&amp;ust=1502976390908000&amp;usg=AFQjCNFmVMfLbcLRPdfZMRQjN1hQaQwvJQ\">http:\/\/bit.Iy\/2nOFtiT<\/a><\/p>\n<p style=\"text-align: justify;\"><img loading=\"lazy\" decoding=\"async\" class=\"aligncenter size-full wp-image-105726\" src=\"http:\/\/senoticias.com.br\/se\/wp-content\/uploads\/2017\/08\/Logo-fone-1-2-1-2-4-6-1-1-1.jpg\" alt=\"Logo-fone-1-2-1-2-4-6-1-1\" width=\"599\" height=\"78\" srcset=\"https:\/\/senoticias.com.br\/se\/wp-content\/uploads\/2017\/08\/Logo-fone-1-2-1-2-4-6-1-1-1.jpg 599w, https:\/\/senoticias.com.br\/se\/wp-content\/uploads\/2017\/08\/Logo-fone-1-2-1-2-4-6-1-1-1-300x39.jpg 300w\" sizes=\"(max-width: 599px) 100vw, 599px\" \/><\/p>\n<p style=\"text-align: justify;\"><em><strong>Acompanhe tamb\u00e9m o SE Not\u00edcias no\u00a0<a href=\"https:\/\/twitter.com\/Senoticias\" target=\"_blank\">Twitter<\/a>,\u00a0<a href=\"https:\/\/www.facebook.com\/senoticias1\" target=\"_blank\">Facebook<\/a>\u00a0e no\u00a0<a href=\"https:\/\/www.instagram.com\/senoticias\/\" target=\"_blank\">Instagram<\/a><\/strong><\/em><\/p>\n<p style=\"text-align: justify;\"><em>Da Assessoria de Imprensa<\/em><\/p>\n<p style=\"text-align: justify;\">\n","protected":false},"excerpt":{"rendered":"<p>&nbsp; Ser\u00e1 realizado nesta quinta-feira, \u00a017, o 2\u00ba Semin\u00e1rio Anahp, no Radisson Hotel, em Aracaju. O evento antecede o Congresso Nacional de Hospitais Privados (Conahp) e ter\u00e1 a participa\u00e7\u00e3o do Hospital Primavera e S\u00e3o Lucas. Realizada pela primeira vez em Aracaju, \u00a0a atividade \u00a0deve reunir mais de 500 pessoas, entre m\u00e9dicos, gestores de hospitais, operadoras [&hellip;]<\/p>\n","protected":false},"author":2,"featured_media":105760,"comment_status":"closed","ping_status":"closed","sticky":false,"template":"","format":"standard","meta":{"footnotes":""},"categories":[8],"tags":[5213,5214,339],"class_list":{"0":"post-105759","1":"post","2":"type-post","3":"status-publish","4":"format-standard","5":"has-post-thumbnail","7":"category-esporte-e-cultura","8":"tag-2o-seminario","9":"tag-anahp","10":"tag-aracaju"},"_links":{"self":[{"href":"https:\/\/senoticias.com.br\/se\/wp-json\/wp\/v2\/posts\/105759"}],"collection":[{"href":"https:\/\/senoticias.com.br\/se\/wp-json\/wp\/v2\/posts"}],"about":[{"href":"https:\/\/senoticias.com.br\/se\/wp-json\/wp\/v2\/types\/post"}],"author":[{"embeddable":true,"href":"https:\/\/senoticias.com.br\/se\/wp-json\/wp\/v2\/users\/2"}],"replies":[{"embeddable":true,"href":"https:\/\/senoticias.com.br\/se\/wp-json\/wp\/v2\/comments?post=105759"}],"version-history":[{"count":0,"href":"https:\/\/senoticias.com.br\/se\/wp-json\/wp\/v2\/posts\/105759\/revisions"}],"wp:featuredmedia":[{"embeddable":true,"href":"https:\/\/senoticias.com.br\/se\/wp-json\/wp\/v2\/media\/105760"}],"wp:attachment":[{"href":"https:\/\/senoticias.com.br\/se\/wp-json\/wp\/v2\/media?parent=105759"}],"wp:term":[{"taxonomy":"category","embeddable":true,"href":"https:\/\/senoticias.com.br\/se\/wp-json\/wp\/v2\/categories?post=105759"},{"taxonomy":"post_tag","embeddable":true,"href":"https:\/\/senoticias.com.br\/se\/wp-json\/wp\/v2\/tags?post=105759"}],"curies":[{"name":"wp","href":"https:\/\/api.w.org\/{rel}","templated":true}]}}