{"id":105757,"date":"2017-08-16T09:14:05","date_gmt":"2017-08-16T12:14:05","guid":{"rendered":"http:\/\/senoticias.com.br\/se\/?p=105757"},"modified":"2017-08-16T16:45:42","modified_gmt":"2017-08-16T19:45:42","slug":"governo-muda-projeto-que-reformula-carreira-de-guarda-prisional-apos-intermediacao-de-gilmar-carvalho","status":"publish","type":"post","link":"https:\/\/senoticias.com.br\/se\/governo-muda-projeto-que-reformula-carreira-de-guarda-prisional-apos-intermediacao-de-gilmar-carvalho\/","title":{"rendered":"Governo muda projeto que reformula carreira de Guarda Prisional ap\u00f3s intermedia\u00e7\u00e3o de Gilmar Carvalho"},"content":{"rendered":"<p style=\"text-align: justify;\">O deputado estadual Gilmar Carvalho esteve ontem,15, na Secretaria de Planejamento de Sergipe (Seplag), onde mediou reuni\u00e3o entre o Sindicato dos Agentes Penitenci\u00e1rios (Sindpen) e o Governo de Sergipe. Representado o Estado, estavam os secret\u00e1rios de Justi\u00e7a, Cristiano Barreto, e o do Planejamento, Or\u00e7amento e Gest\u00e3o, Rosman Pereira. Na pauta, o projeto do governo, previsto para vota\u00e7\u00e3o hoje, 16, na Assembleia Legislativa, que disp\u00f5e sobre a cria\u00e7\u00e3o de cargos de provimento efetivo de Guarda de Seguran\u00e7a do Sistema Prisional.<\/p>\n<div id=\"attachment_105758\" style=\"width: 609px\" class=\"wp-caption aligncenter\"><img loading=\"lazy\" decoding=\"async\" aria-describedby=\"caption-attachment-105758\" class=\"size-full wp-image-105758\" src=\"http:\/\/senoticias.com.br\/se\/wp-content\/uploads\/2017\/08\/reuniao-e1502885394905.jpg\" alt=\"Gilmar Carvalho esteve ontem,15, na Secretaria de Planejamento de Sergipe (Seplag), onde mediou reuni\u00e3o entre o Sindicato dos Agentes Penitenci\u00e1rios (Sindpen) e o Governo de Sergipe\" width=\"599\" height=\"400\" \/><p id=\"caption-attachment-105758\" class=\"wp-caption-text\">Gilmar Carvalho mediou reuni\u00e3o entre o Sindicato dos Agentes Penitenci\u00e1rios (Sindpen) e o Governo de Sergipe (foto: Victor Ribeiro\/ASN)<\/p><\/div>\n<p style=\"text-align: justify;\">Segundo o presidente do sindicato, Luciano Nery, mesmo com alguns pontos pol\u00eamicos, o projeto traz alguns avan\u00e7os, como a realiza\u00e7\u00e3o de concurso p\u00fablico, que n\u00e3o ocorre h\u00e1 16 anos. Ele apresentou tr\u00eas pontos importantes de mudan\u00e7a, sendo que dois deles foram considerados vi\u00e1veis para mudan\u00e7as.<\/p>\n<p style=\"text-align: justify;\">No final da tarde, Rosman Pereira comunicou ao deputado que os dois pontos seriam modificados e encaminhados na manh\u00e3 de hoje, para que sejam discutidos nas Comiss\u00f5es na Alese e seguirem para vota\u00e7\u00e3o no plen\u00e1rio da Casa. \u201cGra\u00e7as \u00e0 intermedia\u00e7\u00e3o de Gilmar Carvalho, detectamos que realmente havia dois equ\u00edvocos no projeto. Um deles, estabelecia apenas um quadro de 350 guardas, quando o correto \u00e9 um quadro de 500 guardas prisionais, sendo que 400 j\u00e1 est\u00e3o ocupados e 100 ser\u00e3o preenchidos com o novo concurso\u201d, explicou o secret\u00e1rio de Planejamento.<\/p>\n<p style=\"text-align: justify;\">J\u00e1 a outra altera\u00e7\u00e3o se refere \u00e0 possibilidade de progress\u00e3o da carreira juntamente com a melhoria salarial. Antes, o projeto s\u00f3 estabelecia a progress\u00e3o de carreira, mas com a altera\u00e7\u00e3o que ser\u00e1 encaminhada amanh\u00e3, ser\u00e1 poss\u00edvel tamb\u00e9m reajustar os vencimentos a partir do momento que o Estado n\u00e3o estiver excedendo o limite de 46,55% da Lei de Responsabilidade Fiscal. \u201cTrata-se de um enorme ganho para toda a categoria\u201d, destacou Gilmar Carvalho.<\/p>\n<p style=\"text-align: justify;\">Cristiano Barreto enfatizou a import\u00e2ncia do trabalho realizado por Gilmar, ao lado dos guardas do sistema prisional, buscando melhorias para a categoria. \u201cO projeto \u00e9, sim, um grande avan\u00e7o no sentido de atender reivindica\u00e7\u00f5es antigas dos agentes, principalmente no que se refere a realiza\u00e7\u00e3o de concurso p\u00fablico. N\u00e3o encaminhar o projeto, seria o retrocesso de uma negocia\u00e7\u00e3o que traz avan\u00e7os para a categoria e prev\u00ea a realiza\u00e7\u00e3o de novos pleitos daqui em diante\u201d, assegurou o secret\u00e1rio de Justi\u00e7a.<\/p>\n<p style=\"text-align: justify;\"><img loading=\"lazy\" decoding=\"async\" class=\"aligncenter size-full wp-image-105726\" src=\"http:\/\/senoticias.com.br\/se\/wp-content\/uploads\/2017\/08\/Logo-fone-1-2-1-2-4-6-1-1-1.jpg\" alt=\"Logo-fone-1-2-1-2-4-6-1-1\" width=\"599\" height=\"78\" srcset=\"https:\/\/senoticias.com.br\/se\/wp-content\/uploads\/2017\/08\/Logo-fone-1-2-1-2-4-6-1-1-1.jpg 599w, https:\/\/senoticias.com.br\/se\/wp-content\/uploads\/2017\/08\/Logo-fone-1-2-1-2-4-6-1-1-1-300x39.jpg 300w\" sizes=\"(max-width: 599px) 100vw, 599px\" \/><\/p>\n<p style=\"text-align: justify;\"><em><strong>Acompanhe tamb\u00e9m o SE Not\u00edcias no\u00a0<a href=\"https:\/\/twitter.com\/Senoticias\" target=\"_blank\">Twitter<\/a>,\u00a0<a href=\"https:\/\/www.facebook.com\/senoticias1\" target=\"_blank\">Facebook<\/a>\u00a0e no\u00a0<a href=\"https:\/\/www.instagram.com\/senoticias\/\" target=\"_blank\">Instagram<\/a><\/strong><\/em><\/p>\n<p style=\"text-align: justify;\"><em>Da Empauta Comunica\u00e7\u00e3o<\/em><\/p>\n","protected":false},"excerpt":{"rendered":"<p>O deputado estadual Gilmar Carvalho esteve ontem,15, na Secretaria de Planejamento de Sergipe (Seplag), onde mediou reuni\u00e3o entre o Sindicato dos Agentes Penitenci\u00e1rios (Sindpen) e o Governo de Sergipe. Representado o Estado, estavam os secret\u00e1rios de Justi\u00e7a, Cristiano Barreto, e o do Planejamento, Or\u00e7amento e Gest\u00e3o, Rosman Pereira. Na pauta, o projeto do governo, previsto [&hellip;]<\/p>\n","protected":false},"author":2,"featured_media":105758,"comment_status":"closed","ping_status":"closed","sticky":false,"template":"","format":"standard","meta":{"footnotes":""},"categories":[6],"tags":[3040,82,5212,2605],"class_list":{"0":"post-105757","1":"post","2":"type-post","3":"status-publish","4":"format-standard","5":"has-post-thumbnail","7":"category-politica","8":"tag-deputado","9":"tag-gilmar-carvalho","10":"tag-guarda-prisional","11":"tag-projeto"},"_links":{"self":[{"href":"https:\/\/senoticias.com.br\/se\/wp-json\/wp\/v2\/posts\/105757"}],"collection":[{"href":"https:\/\/senoticias.com.br\/se\/wp-json\/wp\/v2\/posts"}],"about":[{"href":"https:\/\/senoticias.com.br\/se\/wp-json\/wp\/v2\/types\/post"}],"author":[{"embeddable":true,"href":"https:\/\/senoticias.com.br\/se\/wp-json\/wp\/v2\/users\/2"}],"replies":[{"embeddable":true,"href":"https:\/\/senoticias.com.br\/se\/wp-json\/wp\/v2\/comments?post=105757"}],"version-history":[{"count":0,"href":"https:\/\/senoticias.com.br\/se\/wp-json\/wp\/v2\/posts\/105757\/revisions"}],"wp:featuredmedia":[{"embeddable":true,"href":"https:\/\/senoticias.com.br\/se\/wp-json\/wp\/v2\/media\/105758"}],"wp:attachment":[{"href":"https:\/\/senoticias.com.br\/se\/wp-json\/wp\/v2\/media?parent=105757"}],"wp:term":[{"taxonomy":"category","embeddable":true,"href":"https:\/\/senoticias.com.br\/se\/wp-json\/wp\/v2\/categories?post=105757"},{"taxonomy":"post_tag","embeddable":true,"href":"https:\/\/senoticias.com.br\/se\/wp-json\/wp\/v2\/tags?post=105757"}],"curies":[{"name":"wp","href":"https:\/\/api.w.org\/{rel}","templated":true}]}}