{"id":105669,"date":"2017-08-13T16:25:40","date_gmt":"2017-08-13T19:25:40","guid":{"rendered":"http:\/\/senoticias.com.br\/se\/?p=105669"},"modified":"2017-08-13T16:27:22","modified_gmt":"2017-08-13T19:27:22","slug":"homem-e-assassinado-a-tiros-dentro-de-um-bar-em-itabaiana","status":"publish","type":"post","link":"https:\/\/senoticias.com.br\/se\/homem-e-assassinado-a-tiros-dentro-de-um-bar-em-itabaiana\/","title":{"rendered":"Homem \u00e9 assassinado a tiros dentro de um bar em Itabaiana"},"content":{"rendered":"<div class=\"mc-column content-text active-extra-styles active-capital-letter\" data-block-type=\"unstyled\" data-block-weight=\"47\">\n<p class=\"content-text__container theme-color-primary-first-letter\" style=\"text-align: justify;\" data-track-category=\"Link no Texto\" data-track-links=\"\">No in\u00edcio da tarde deste domingo (13), um homem foi assassinado dentro de um bar no Povoado V\u00e1rzea do Gama, munic\u00edpio de Itabaiana (SE), distante 58 km da capital. O Instituto M\u00e9dico Legal de Sergipe (IML), com sede em Aracaju, j\u00e1 foi acionado para recolher o corpo.<\/p>\n<div id=\"attachment_103845\" style=\"width: 609px\" class=\"wp-caption aligncenter\"><img loading=\"lazy\" decoding=\"async\" aria-describedby=\"caption-attachment-103845\" class=\"size-full wp-image-103845\" src=\"http:\/\/senoticias.com.br\/se\/wp-content\/uploads\/2017\/06\/IML-SE-NOTICIAS-e1496870167343.png\" alt=\"Corpo da v\u00edtima foi encaminhado ao IML. (Foto: M\u00e1rcio Garcez\/SE Not\u00edcias\" width=\"599\" height=\"399\" \/><p id=\"caption-attachment-103845\" class=\"wp-caption-text\">Corpo da v\u00edtima foi encaminhado ao IML. (Foto: M\u00e1rcio Garcez\/SE Not\u00edcias<\/p><\/div>\n<\/div>\n<div class=\"mc-column content-text active-extra-styles \" style=\"text-align: justify;\" data-block-type=\"unstyled\" data-block-weight=\"45\">\n<p class=\"content-text__container \" data-track-category=\"Link no Texto\" data-track-links=\"\">Segundo informa\u00e7\u00f5es do 3\u00ba Batalh\u00e3o da Pol\u00edcia Militar (3\u00ba BPM), a v\u00edtima foi alvejada por um homem que chegou em um carro e fugiu ap\u00f3s os disparos. Na cena do crime, a pol\u00edcia coleta informa\u00e7\u00f5es de testemunhas e outras provas que possam chegar ao suspeito.<\/p>\n<\/div>\n<div class=\"mc-column content-text active-extra-styles \" data-block-type=\"unstyled\" data-block-weight=\"21\">\n<p class=\"content-text__container \" style=\"text-align: justify;\" data-track-category=\"Link no Texto\" data-track-links=\"\">Quem tiver algum tipo de informa\u00e7\u00e3o pode ligar para a pol\u00edcia atrav\u00e9s dos n\u00fameros 181 ou 190. O sigilo \u00e9 assegurado.<\/p>\n<p class=\"content-text__container \" style=\"text-align: justify;\" data-track-category=\"Link no Texto\" data-track-links=\"\"><img loading=\"lazy\" decoding=\"async\" class=\"aligncenter size-full wp-image-105411\" src=\"http:\/\/senoticias.com.br\/se\/wp-content\/uploads\/2017\/08\/Logo-fone-1-2-1-2-4-6-1-1.jpg\" alt=\"Logo-fone-1-2-1-2-4-6-1-1\" width=\"599\" height=\"78\" srcset=\"https:\/\/senoticias.com.br\/se\/wp-content\/uploads\/2017\/08\/Logo-fone-1-2-1-2-4-6-1-1.jpg 599w, https:\/\/senoticias.com.br\/se\/wp-content\/uploads\/2017\/08\/Logo-fone-1-2-1-2-4-6-1-1-300x39.jpg 300w\" sizes=\"(max-width: 599px) 100vw, 599px\" \/><\/p>\n<\/div>\n<p class=\"content-text__container \" style=\"text-align: justify;\" data-track-category=\"Link no Texto\" data-track-links=\"\"><em><strong>Acompanhe tamb\u00e9m o SE Not\u00edcias no\u00a0<a href=\"https:\/\/twitter.com\/Senoticias\" target=\"_blank\">Twitter<\/a>,\u00a0<a href=\"https:\/\/www.facebook.com\/senoticias1\" target=\"_blank\">Facebook<\/a>\u00a0e no\u00a0<a href=\"https:\/\/www.instagram.com\/senoticias\/\" target=\"_blank\">Instagram<\/a><\/strong><\/em><\/p>\n<p class=\"content-text__container \" style=\"text-align: justify;\" data-track-category=\"Link no Texto\" data-track-links=\"\"><em>Informa\u00e7\u00f5es do<a href=\"http:\/\/g1.globo.com\/se\/sergipe\/noticia\/homem-e-assassinado-a-tiros-dentro-de-um-bar-em-itabaiana.ghtml\"><strong> G1<\/strong><\/a> SE<\/em><\/p>\n","protected":false},"excerpt":{"rendered":"<p>No in\u00edcio da tarde deste domingo (13), um homem foi assassinado dentro de um bar no Povoado V\u00e1rzea do Gama, munic\u00edpio de Itabaiana (SE), distante 58 km da capital. O Instituto M\u00e9dico Legal de Sergipe (IML), com sede em Aracaju, j\u00e1 foi acionado para recolher o corpo. Segundo informa\u00e7\u00f5es do 3\u00ba Batalh\u00e3o da Pol\u00edcia Militar [&hellip;]<\/p>\n","protected":false},"author":2,"featured_media":103845,"comment_status":"closed","ping_status":"closed","sticky":false,"template":"","format":"standard","meta":{"footnotes":""},"categories":[15,7],"tags":[3662,4923,236,5161,650],"class_list":{"0":"post-105669","1":"post","2":"type-post","3":"status-publish","4":"format-standard","5":"has-post-thumbnail","7":"category-destaques","8":"category-policia","9":"tag-assassinado","10":"tag-homem-assassinado","11":"tag-itabaiana","12":"tag-mortes-em-itabaiana","13":"tag-violencia-em-itabaiana"},"_links":{"self":[{"href":"https:\/\/senoticias.com.br\/se\/wp-json\/wp\/v2\/posts\/105669"}],"collection":[{"href":"https:\/\/senoticias.com.br\/se\/wp-json\/wp\/v2\/posts"}],"about":[{"href":"https:\/\/senoticias.com.br\/se\/wp-json\/wp\/v2\/types\/post"}],"author":[{"embeddable":true,"href":"https:\/\/senoticias.com.br\/se\/wp-json\/wp\/v2\/users\/2"}],"replies":[{"embeddable":true,"href":"https:\/\/senoticias.com.br\/se\/wp-json\/wp\/v2\/comments?post=105669"}],"version-history":[{"count":0,"href":"https:\/\/senoticias.com.br\/se\/wp-json\/wp\/v2\/posts\/105669\/revisions"}],"wp:featuredmedia":[{"embeddable":true,"href":"https:\/\/senoticias.com.br\/se\/wp-json\/wp\/v2\/media\/103845"}],"wp:attachment":[{"href":"https:\/\/senoticias.com.br\/se\/wp-json\/wp\/v2\/media?parent=105669"}],"wp:term":[{"taxonomy":"category","embeddable":true,"href":"https:\/\/senoticias.com.br\/se\/wp-json\/wp\/v2\/categories?post=105669"},{"taxonomy":"post_tag","embeddable":true,"href":"https:\/\/senoticias.com.br\/se\/wp-json\/wp\/v2\/tags?post=105669"}],"curies":[{"name":"wp","href":"https:\/\/api.w.org\/{rel}","templated":true}]}}