{"id":105667,"date":"2017-08-13T10:42:25","date_gmt":"2017-08-13T13:42:25","guid":{"rendered":"http:\/\/senoticias.com.br\/se\/?p=105667"},"modified":"2017-08-13T10:43:33","modified_gmt":"2017-08-13T13:43:33","slug":"sandra-de-sa-faz-show-no-tamar-em-aracaju","status":"publish","type":"post","link":"https:\/\/senoticias.com.br\/se\/sandra-de-sa-faz-show-no-tamar-em-aracaju\/","title":{"rendered":"Sandra de S\u00e1 faz show no TAMAR em Aracaju"},"content":{"rendered":"<p style=\"text-align: justify;\">A cantora e compositora Sandra de S\u00e1 se apresenta no s\u00e1bado 26 de agosto, em Aracaju, no Projeto TAMAR. O show ser\u00e1 realizado no Ocen\u00e1rio da Orla da Atalaia, a partir das 20h. DJ Kaska e Val &amp; Julio far\u00e3o a abertura do evento.<br \/>\nPremiada em diversos festivais, durante as quase quatro d\u00e9cadas de carreira, Sandra de S\u00e1 vai emprestar seu talento para chamar aten\u00e7\u00e3o para a conserva\u00e7\u00e3o das tartarugas marinhas no Brasil.<\/p>\n<div id=\"attachment_105668\" style=\"width: 609px\" class=\"wp-caption aligncenter\"><img loading=\"lazy\" decoding=\"async\" aria-describedby=\"caption-attachment-105668\" class=\"size-full wp-image-105668\" src=\"http:\/\/senoticias.com.br\/se\/wp-content\/uploads\/2017\/08\/CANTORA-SANDRA-DE-SA-SENOTICIAS-e1502631648711.jpg\" alt=\"Cantora Sandra de S\u00e1 (Foto: Divulga\u00e7\u00e3o\/Assessoria do projeto TAMAR) A cantora e compositora \" width=\"599\" height=\"375\" \/><p id=\"caption-attachment-105668\" class=\"wp-caption-text\">Cantora Sandra de S\u00e1 (Foto: Divulga\u00e7\u00e3o\/Assessoria do projeto TAMAR)<\/p>\n<p><\/p><\/div>\n<p style=\"text-align: justify;\">Sandra tem uma biografia brilhante, reconhecida pela voz inconfund\u00edvel, que, desde o in\u00edcio da d\u00e9cada de 80, d\u00e1 vida a cl\u00e1ssicos da m\u00fasica popular brasileira, sambarock, soul, samba, pop, jazz, sambalan\u00e7o e funk.<\/p>\n<p><strong>Projeto TAMAR<\/strong><\/p>\n<p style=\"text-align: justify;\">Inaugurado h\u00e1 15 anos, o Centro de Visitantes do TAMAR, tamb\u00e9m conhecido como Ocean\u00e1rio de Aracaju, \u00e9 uma importante ferramenta de sensibiliza\u00e7\u00e3o e educa\u00e7\u00e3o ambiental da popula\u00e7\u00e3o. Preserva, pesquisa e difunde conhecimento sobre as a\u00e7\u00f5es de conserva\u00e7\u00e3o das tartarugas marinhas no Brasil, h\u00e1 35 anos realizadas com o patroc\u00ednio da Petrobras.<\/p>\n<p style=\"text-align: justify;\">Com atividades como soltura de filhotes e alimenta\u00e7\u00e3o interativa dos animais, a mensagem da prote\u00e7\u00e3o aos oceanos \u00e9 transmitida a mais de 160 mil pessoas por ano, entre moradores e turistas. Com a loja, comp\u00f5e uma estrutura fundamental de gera\u00e7\u00e3o local de emprego e renda, arrecadando recursos para as a\u00e7\u00f5es de conserva\u00e7\u00e3o.<\/p>\n<p style=\"text-align: justify;\">O Projeto TAMAR come\u00e7ou em 1980 a proteger as tartarugas marinhas no Brasil. Com o patroc\u00ednio da Petrobras, por meio do programa Petrobras Socioambiental, hoje o projeto \u00e9 uma soma de esfor\u00e7os entre a Funda\u00e7\u00e3o Pr\u00f3-TAMAR e o Centro Tamar\/ICMBio. Trabalha na pesquisa, prote\u00e7\u00e3o e manejo das cinco esp\u00e9cies de tartarugas marinhas que ocorrem no Brasil, todas amea\u00e7adas de extin\u00e7\u00e3o: tartaruga-cabe\u00e7uda (Caretta caretta), tartaruga-de-pente (Eretmochelys imbricata), tartaruga-verde (Chelonia mydas), tartaruga-oliva (Lepidochelys olivacea) e tartaruga-de-couro (Dermochelys coriacea).<\/p>\n<p style=\"text-align: justify;\">Protege cerca de 1.100 quil\u00f4metros de praias e est\u00e1 presente em 25 localidades, em \u00e1reas de alimenta\u00e7\u00e3o, desova, crescimento e descanso das tartarugas marinhas, no litoral e ilhas oce\u00e2nicas dos estados da Bahia, Sergipe, Pernambuco, Rio Grande do Norte, Cear\u00e1, Esp\u00edrito Santo, Rio de Janeiro, S\u00e3o Paulo e Santa Catarina.<\/p>\n<p><strong>Servi\u00e7o<\/strong><\/p>\n<p>Apresenta\u00e7\u00e3o de Sandra de S\u00e1 com abertura de DJ Kaska e Val &amp; Julio.<br \/>\nData &#8211; 26 de agosto de 2017<br \/>\nHor\u00e1rio &#8211; a partir das 20h00<br \/>\nLocal &#8211; Projeto TAMAR, Av. Santos Dumont, 1010, Atalaia, Aracaju, Sergipe.<br \/>\nMais informa\u00e7\u00f5es: (79) 3243 3214, das 09h00 \u00e0s 12h00 e 14h00 \u00e0s 18h00.<\/p>\n<p>&nbsp;<\/p>\n<p><img loading=\"lazy\" decoding=\"async\" class=\"aligncenter size-full wp-image-105411\" src=\"http:\/\/senoticias.com.br\/se\/wp-content\/uploads\/2017\/08\/Logo-fone-1-2-1-2-4-6-1-1.jpg\" alt=\"Logo-fone-1-2-1-2-4-6-1-1\" width=\"599\" height=\"78\" srcset=\"https:\/\/senoticias.com.br\/se\/wp-content\/uploads\/2017\/08\/Logo-fone-1-2-1-2-4-6-1-1.jpg 599w, https:\/\/senoticias.com.br\/se\/wp-content\/uploads\/2017\/08\/Logo-fone-1-2-1-2-4-6-1-1-300x39.jpg 300w\" sizes=\"(max-width: 599px) 100vw, 599px\" \/><\/p>\n<p>&nbsp;<\/p>\n<p><em><strong>Acompanhe tamb\u00e9m o SE Not\u00edcias no\u00a0<a href=\"https:\/\/twitter.com\/Senoticias\" target=\"_blank\">Twitter<\/a>,\u00a0<a href=\"https:\/\/www.facebook.com\/senoticias1\" target=\"_blank\">Facebook<\/a>\u00a0e no\u00a0<a href=\"https:\/\/www.instagram.com\/senoticias\/\" target=\"_blank\">Instagram<\/a><\/strong><\/em><\/p>\n<p>&nbsp;<\/p>\n<p><em>Da Assessoria de Imprensa\/Projeto Tamar<\/em><\/p>\n","protected":false},"excerpt":{"rendered":"<p>A cantora e compositora Sandra de S\u00e1 se apresenta no s\u00e1bado 26 de agosto, em Aracaju, no Projeto TAMAR. O show ser\u00e1 realizado no Ocen\u00e1rio da Orla da Atalaia, a partir das 20h. DJ Kaska e Val &amp; Julio far\u00e3o a abertura do evento. Premiada em diversos festivais, durante as quase quatro d\u00e9cadas de carreira, [&hellip;]<\/p>\n","protected":false},"author":2,"featured_media":105668,"comment_status":"closed","ping_status":"closed","sticky":false,"template":"","format":"standard","meta":{"footnotes":""},"categories":[21],"tags":[339,5159,5158,648,5160],"class_list":{"0":"post-105667","1":"post","2":"type-post","3":"status-publish","4":"format-standard","5":"has-post-thumbnail","7":"category-entretenimento","8":"tag-aracaju","9":"tag-cantora-sandra-de-sa","10":"tag-sandra-de-sa","11":"tag-show","12":"tag-tamar"},"_links":{"self":[{"href":"https:\/\/senoticias.com.br\/se\/wp-json\/wp\/v2\/posts\/105667"}],"collection":[{"href":"https:\/\/senoticias.com.br\/se\/wp-json\/wp\/v2\/posts"}],"about":[{"href":"https:\/\/senoticias.com.br\/se\/wp-json\/wp\/v2\/types\/post"}],"author":[{"embeddable":true,"href":"https:\/\/senoticias.com.br\/se\/wp-json\/wp\/v2\/users\/2"}],"replies":[{"embeddable":true,"href":"https:\/\/senoticias.com.br\/se\/wp-json\/wp\/v2\/comments?post=105667"}],"version-history":[{"count":0,"href":"https:\/\/senoticias.com.br\/se\/wp-json\/wp\/v2\/posts\/105667\/revisions"}],"wp:featuredmedia":[{"embeddable":true,"href":"https:\/\/senoticias.com.br\/se\/wp-json\/wp\/v2\/media\/105668"}],"wp:attachment":[{"href":"https:\/\/senoticias.com.br\/se\/wp-json\/wp\/v2\/media?parent=105667"}],"wp:term":[{"taxonomy":"category","embeddable":true,"href":"https:\/\/senoticias.com.br\/se\/wp-json\/wp\/v2\/categories?post=105667"},{"taxonomy":"post_tag","embeddable":true,"href":"https:\/\/senoticias.com.br\/se\/wp-json\/wp\/v2\/tags?post=105667"}],"curies":[{"name":"wp","href":"https:\/\/api.w.org\/{rel}","templated":true}]}}