{"id":105660,"date":"2017-08-12T16:23:24","date_gmt":"2017-08-12T19:23:24","guid":{"rendered":"http:\/\/senoticias.com.br\/se\/?p=105660"},"modified":"2017-08-12T17:11:55","modified_gmt":"2017-08-12T20:11:55","slug":"durante-palestra-na-ufs-prefeito-de-sao-cristovao-anuncia-que-vai-resgatar-do-festival-de-arte","status":"publish","type":"post","link":"https:\/\/senoticias.com.br\/se\/durante-palestra-na-ufs-prefeito-de-sao-cristovao-anuncia-que-vai-resgatar-do-festival-de-arte\/","title":{"rendered":"Durante palestra na UFS, prefeito de S\u00e3o Crist\u00f3v\u00e3o anuncia resgate do Festival de Arte"},"content":{"rendered":"<p>&nbsp;<\/p>\n<p style=\"text-align: justify;\">Marcos Santana palestrou na \u00faltima quarta-feira (9), no audit\u00f3rio do Centro de Ci\u00eancias Sociais Aplicadas (CCSA) da Universidade Federal de Sergipe (UFS), para mais de 100 alunos da institui\u00e7\u00e3o e na ocasi\u00e3o explicou como vem acontecendo a parceira do munic\u00edpio com diversos setores da universidade. Neste tocante, o gestor falou da constru\u00e7\u00e3o do Plano Plurianual (PPA &#8211; 2018- 2021), que reuniu a popula\u00e7\u00e3o nas discuss\u00f5es sobre o futuro do munic\u00edpio, e de como a UFS est\u00e1 integrada neste processo.<\/p>\n<div id=\"attachment_105661\" style=\"width: 609px\" class=\"wp-caption aligncenter\"><img loading=\"lazy\" decoding=\"async\" aria-describedby=\"caption-attachment-105661\" class=\"size-full wp-image-105661\" src=\"http:\/\/senoticias.com.br\/se\/wp-content\/uploads\/2017\/08\/IMG_6786-e1502565098638.jpg\" alt=\"Na UFS, prefeito de S\u00e3o Crist\u00f3v\u00e3o apresenta programas desenvolvidos no munic\u00edpio\" width=\"599\" height=\"399\" \/><p id=\"caption-attachment-105661\" class=\"wp-caption-text\">Na UFS, prefeito de S\u00e3o Crist\u00f3v\u00e3o apresentou programas desenvolvidos no munic\u00edpio (foto: ascom\/PMSC)<\/p><\/div>\n<p style=\"text-align: justify;\">Atendendo ao convite do coordenador do curso de administra\u00e7\u00e3o da UFS, o professor Jairo de Jesus, o prefeito iniciou sua conversa explicando a import\u00e2ncia da popula\u00e7\u00e3o estar construindo os pr\u00f3ximos passos da gest\u00e3o municipal e enalteceu a integra\u00e7\u00e3o da UFS em todo este processo, atrav\u00e9s da do N\u00facleo de Empreendedorismo da UFS, envolvendo as empresas juniores de: Engenharia Ambiental, Economia, Engenharia Civil, Administra\u00e7\u00e3o, Arquitetura, Secretariado Executivo e Publicidade.<\/p>\n<p>&nbsp;<\/p>\n<div id=\"attachment_105662\" style=\"width: 609px\" class=\"wp-caption aligncenter\"><img loading=\"lazy\" decoding=\"async\" aria-describedby=\"caption-attachment-105662\" class=\"size-full wp-image-105662\" src=\"http:\/\/senoticias.com.br\/se\/wp-content\/uploads\/2017\/08\/IMG_6781-e1502565244337.jpg\" alt=\"Cerca de 200 estudantes participaram do evento e puderam conhecer os resultados dos programas que est\u00e3o sendo desenvolvidos no munic\u00edpio, em parceira com a Universidade. \" width=\"599\" height=\"399\" \/><p id=\"caption-attachment-105662\" class=\"wp-caption-text\">Cerca de 100 estudantes participaram do evento e puderam conhecer os resultados dos programas que est\u00e3o sendo desenvolvidos no munic\u00edpio, em parceira com a Universidade (foto: ascom\/PMSC)<\/p><\/div>\n<p style=\"text-align: justify;\">&#8220;Em meu programa de governo est\u00e1 claro que a popula\u00e7\u00e3o precisa participar das decis\u00f5es municipais. Por motivos bem simples: primeiro porque \u00e9 a garantia da cidadania, segundo porque, como gestor, eu reduzo a possibilidade de erro, pois construo uma ponte entre todos n\u00f3s moradores, que somos respons\u00e1veis por S\u00e3o Crist\u00f3v\u00e3o. Esta sempre foi uma preocupa\u00e7\u00e3o minha enquanto gestor. A participa\u00e7\u00e3o da Universidade Federal de Sergipe em todo esse caminhar oferece ainda mais credibilidade \u00e0 constru\u00e7\u00e3o do nosso PPA. \u00c9 preciso ressaltar que S\u00e3o Crist\u00f3v\u00e3o \u00e9 a segunda cidade do pa\u00eds a realizar uma experi\u00eancia de parceria, em diversas \u00e1reas, com uma universidade p\u00fablica, apenas o Rio de Janeiro vem fazendo algo semelhante. No PPA, por exemplo, a UFS contribuiu na formata\u00e7\u00e3o da metodologia empregada durante audi\u00eancias p\u00fablicas e na sistematiza\u00e7\u00e3o das demandas apresentadas, e neste processo realizou uma pesquisa de valida\u00e7\u00e3o do PPA junto aos moradores\u201d, informou o prefeito, pontuando ainda que nos \u00faltimos dias reuniu investidores nacionais e estrangeiros para mostrar as potencialidades do munic\u00edpio. \u201cNeste momento estamos focados tamb\u00e9m em mostrar as potencialidades de nossa cidade para o olhar do empresariado local, nacional e de fora do Brasil\u201d.<\/p>\n<div id=\"attachment_105663\" style=\"width: 609px\" class=\"wp-caption aligncenter\"><img loading=\"lazy\" decoding=\"async\" aria-describedby=\"caption-attachment-105663\" class=\"size-full wp-image-105663\" src=\"http:\/\/senoticias.com.br\/se\/wp-content\/uploads\/2017\/08\/IMG_6801-e1502565378351.jpg\" alt=\"Marcos tamb\u00e9m falou sobre o Plano Plurianual (2018- 2021), onde se planeja a\u00e7\u00f5es e diretrizes a longo prazo. \" width=\"599\" height=\"399\" \/><p id=\"caption-attachment-105663\" class=\"wp-caption-text\">Marcos tamb\u00e9m falou sobre o Plano Plurianual (2018- 2021), onde se planeja a\u00e7\u00f5es e diretrizes a longo prazo (foto: ascom\/PMSC)<\/p><\/div>\n<p style=\"text-align: justify;\">De acordo com o coordenador, Jairo de Jesus, a parceria UFS\/Prefeitura de S\u00e3o Crist\u00f3v\u00e3o s\u00f3 tem a contribuir no processo de forma\u00e7\u00e3o acad\u00eamica dos alunos. \u201cA ementa do curso ensina sobre o Plano Plurianual, mas essa parceria com o munic\u00edpio permite uma esp\u00e9cie de laborat\u00f3rio. Assim, os alunos puderam exercitar e colaborar com a gest\u00e3o de S\u00e3o Crist\u00f3v\u00e3o\u201d, disse.<\/p>\n<p><strong>Festival de Artes<\/strong><\/p>\n<p style=\"text-align: justify;\">O prefeito tamb\u00e9m contou como ser\u00e1 a parceria com a UFS na elabora\u00e7\u00e3o do 34\u00b0 Festival de Artes do munic\u00edpio, que acontecer\u00e1 nos dias 1, 2 e 3 de dezembro. \u201cA prefeitura quer as institui\u00e7\u00f5es parceiras participando na constru\u00e7\u00e3o deste novo momento de S\u00e3o Crist\u00f3v\u00e3o e a UFS faz parte deste n\u00facleo, inclusive porque o pr\u00f3prio Festival de Artes, em suas ra\u00edzes, foi concebido pela pr\u00f3pria UFS, com seus alunos e professores envolvidos em todo o processo de execu\u00e7\u00e3o da festa. Reativamos este importante la\u00e7o e estamos juntos tra\u00e7ando todo o evento, que este ano vem com a finalidade de reviver toda aquela \u00e1urea que envolvia o Festival de Arte realizado no passado, com sua significativa import\u00e2ncia para a cultura de nosso estado\u201d, esclareceu Marcos Santana.<\/p>\n<p style=\"text-align: justify;\"><img loading=\"lazy\" decoding=\"async\" class=\"aligncenter size-full wp-image-105411\" src=\"http:\/\/senoticias.com.br\/se\/wp-content\/uploads\/2017\/08\/Logo-fone-1-2-1-2-4-6-1-1.jpg\" alt=\"Logo-fone-1-2-1-2-4-6-1-1\" width=\"599\" height=\"78\" srcset=\"https:\/\/senoticias.com.br\/se\/wp-content\/uploads\/2017\/08\/Logo-fone-1-2-1-2-4-6-1-1.jpg 599w, https:\/\/senoticias.com.br\/se\/wp-content\/uploads\/2017\/08\/Logo-fone-1-2-1-2-4-6-1-1-300x39.jpg 300w\" sizes=\"(max-width: 599px) 100vw, 599px\" \/><\/p>\n<p>&nbsp;<\/p>\n<p><em><strong>Acompanhe tamb\u00e9m o SE Not\u00edcias no\u00a0<a href=\"https:\/\/twitter.com\/Senoticias\" target=\"_blank\">Twitter<\/a>,\u00a0<a href=\"https:\/\/www.facebook.com\/senoticias1\" target=\"_blank\">Facebook<\/a>\u00a0e no\u00a0<a href=\"https:\/\/www.instagram.com\/senoticias\/\" target=\"_blank\">Instagram<\/a><\/strong><\/em><\/p>\n<p>Com informa\u00e7\u00f5es da Ascom\/S\u00e3o Crist\u00f3v\u00e3o<\/p>\n","protected":false},"excerpt":{"rendered":"<p>&nbsp; Marcos Santana palestrou na \u00faltima quarta-feira (9), no audit\u00f3rio do Centro de Ci\u00eancias Sociais Aplicadas (CCSA) da Universidade Federal de Sergipe (UFS), para mais de 100 alunos da institui\u00e7\u00e3o e na ocasi\u00e3o explicou como vem acontecendo a parceira do munic\u00edpio com diversos setores da universidade. Neste tocante, o gestor falou da constru\u00e7\u00e3o do Plano [&hellip;]<\/p>\n","protected":false},"author":2,"featured_media":105661,"comment_status":"closed","ping_status":"closed","sticky":false,"template":"","format":"standard","meta":{"footnotes":""},"categories":[15,38],"tags":[2767,5157,335],"class_list":{"0":"post-105660","1":"post","2":"type-post","3":"status-publish","4":"format-standard","5":"has-post-thumbnail","7":"category-destaques","8":"category-municipios","9":"tag-festival-de-arte","10":"tag-palestra-na-ufs","11":"tag-sao-cristovao"},"_links":{"self":[{"href":"https:\/\/senoticias.com.br\/se\/wp-json\/wp\/v2\/posts\/105660"}],"collection":[{"href":"https:\/\/senoticias.com.br\/se\/wp-json\/wp\/v2\/posts"}],"about":[{"href":"https:\/\/senoticias.com.br\/se\/wp-json\/wp\/v2\/types\/post"}],"author":[{"embeddable":true,"href":"https:\/\/senoticias.com.br\/se\/wp-json\/wp\/v2\/users\/2"}],"replies":[{"embeddable":true,"href":"https:\/\/senoticias.com.br\/se\/wp-json\/wp\/v2\/comments?post=105660"}],"version-history":[{"count":0,"href":"https:\/\/senoticias.com.br\/se\/wp-json\/wp\/v2\/posts\/105660\/revisions"}],"wp:featuredmedia":[{"embeddable":true,"href":"https:\/\/senoticias.com.br\/se\/wp-json\/wp\/v2\/media\/105661"}],"wp:attachment":[{"href":"https:\/\/senoticias.com.br\/se\/wp-json\/wp\/v2\/media?parent=105660"}],"wp:term":[{"taxonomy":"category","embeddable":true,"href":"https:\/\/senoticias.com.br\/se\/wp-json\/wp\/v2\/categories?post=105660"},{"taxonomy":"post_tag","embeddable":true,"href":"https:\/\/senoticias.com.br\/se\/wp-json\/wp\/v2\/tags?post=105660"}],"curies":[{"name":"wp","href":"https:\/\/api.w.org\/{rel}","templated":true}]}}