{"id":105657,"date":"2017-08-12T15:32:52","date_gmt":"2017-08-12T18:32:52","guid":{"rendered":"http:\/\/senoticias.com.br\/se\/?p=105657"},"modified":"2017-08-12T15:34:34","modified_gmt":"2017-08-12T18:34:34","slug":"triplo-homicidio-e-registrado-em-santa-rosa-de-lima","status":"publish","type":"post","link":"https:\/\/senoticias.com.br\/se\/triplo-homicidio-e-registrado-em-santa-rosa-de-lima\/","title":{"rendered":"Tr\u00eas homens s\u00e3o assassinados em Santa Rosa de Lima"},"content":{"rendered":"<p style=\"text-align: justify;\">Equipes da Pol\u00edcia Militar e Pol\u00edcia Civil fazem os primeiros levantamentos de um triplo homic\u00eddio praticado em Santa Rosa de Lima. Dois homens armados chegaram em um carro branco e atiraram contra tr\u00eas homens que estavam na porta de uma casa.<\/p>\n<div id=\"attachment_105658\" style=\"width: 609px\" class=\"wp-caption aligncenter\"><img loading=\"lazy\" decoding=\"async\" aria-describedby=\"caption-attachment-105658\" class=\"size-full wp-image-105658\" src=\"http:\/\/senoticias.com.br\/se\/wp-content\/uploads\/2017\/08\/f285563d-c5d8-4954-8686-d5533c1d7899-e1502562447975.jpeg\" alt=\"foram a tiros na manh\u00e3 deste s\u00e1bado, 12, em Santa Rosa de Lima\" width=\"599\" height=\"799\" \/><p id=\"caption-attachment-105658\" class=\"wp-caption-text\">Tr\u00eas homens foram mortos a tiros na manh\u00e3 deste s\u00e1bado, 12, em Santa Rosa de Lima (foto: redes sociais)<\/p><\/div>\n<p style=\"text-align: justify;\">Foram atingidos pelos disparos Jos\u00e9 Erivan Barbosa Santos, Thaisllan Nattan Pereira dos Santos e Elvis Denis de Carvalho. Os dois primeiros j\u00e1 tinham sido presos pela PM h\u00e1 um m\u00eas em Riachuelo por porte ilegal de arma e eram acusados de roubos. As primeiras informa\u00e7\u00f5es da pol\u00edcia apontam para o envolvimento dos tr\u00eas com o tr\u00e1fico de drogas na regi\u00e3o de Riachuelo e Santa Rosa de Lima.<\/p>\n<p style=\"text-align: justify;\">A Pol\u00edcia Militar fez v\u00e1rias abordagens a ve\u00edculos com as mesmas caracter\u00edsticas, logo ap\u00f3s a ocorr\u00eancia, mas ainda ningu\u00e9m foi preso.<\/p>\n<p style=\"text-align: justify;\">A Pol\u00edcia Civil e a Criminal\u00edstica levantaram as primeiras informa\u00e7\u00f5es no local do crime. A Coordenaria da Pol\u00edcia Civil no interior acompanhar\u00e1 os trabalhos desenvolvidos no inqu\u00e9rito policial.<\/p>\n<p style=\"text-align: justify;\"><img loading=\"lazy\" decoding=\"async\" class=\"aligncenter size-full wp-image-105411\" src=\"http:\/\/senoticias.com.br\/se\/wp-content\/uploads\/2017\/08\/Logo-fone-1-2-1-2-4-6-1-1.jpg\" alt=\"Logo-fone-1-2-1-2-4-6-1-1\" width=\"599\" height=\"78\" srcset=\"https:\/\/senoticias.com.br\/se\/wp-content\/uploads\/2017\/08\/Logo-fone-1-2-1-2-4-6-1-1.jpg 599w, https:\/\/senoticias.com.br\/se\/wp-content\/uploads\/2017\/08\/Logo-fone-1-2-1-2-4-6-1-1-300x39.jpg 300w\" sizes=\"(max-width: 599px) 100vw, 599px\" \/><\/p>\n<p style=\"text-align: justify;\"><em><strong>Acompanhe tamb\u00e9m o SE Not\u00edcias no\u00a0<a href=\"https:\/\/twitter.com\/Senoticias\" target=\"_blank\">Twitter<\/a>,\u00a0<a href=\"https:\/\/www.facebook.com\/senoticias1\" target=\"_blank\">Facebook<\/a>\u00a0e no\u00a0<a href=\"https:\/\/www.instagram.com\/senoticias\/\" target=\"_blank\">Instagram<\/a><\/strong><\/em><\/p>\n<p style=\"text-align: justify;\"><em>Informa\u00e7\u00f5es da SSP\/SE<\/em><\/p>\n","protected":false},"excerpt":{"rendered":"<p>Equipes da Pol\u00edcia Militar e Pol\u00edcia Civil fazem os primeiros levantamentos de um triplo homic\u00eddio praticado em Santa Rosa de Lima. Dois homens armados chegaram em um carro branco e atiraram contra tr\u00eas homens que estavam na porta de uma casa. Foram atingidos pelos disparos Jos\u00e9 Erivan Barbosa Santos, Thaisllan Nattan Pereira dos Santos e [&hellip;]<\/p>\n","protected":false},"author":2,"featured_media":105658,"comment_status":"closed","ping_status":"closed","sticky":false,"template":"","format":"standard","meta":{"footnotes":""},"categories":[15],"tags":[4811,5156],"class_list":{"0":"post-105657","1":"post","2":"type-post","3":"status-publish","4":"format-standard","5":"has-post-thumbnail","7":"category-destaques","8":"tag-santa-rosa-de-lima","9":"tag-triplo-homicidio"},"_links":{"self":[{"href":"https:\/\/senoticias.com.br\/se\/wp-json\/wp\/v2\/posts\/105657"}],"collection":[{"href":"https:\/\/senoticias.com.br\/se\/wp-json\/wp\/v2\/posts"}],"about":[{"href":"https:\/\/senoticias.com.br\/se\/wp-json\/wp\/v2\/types\/post"}],"author":[{"embeddable":true,"href":"https:\/\/senoticias.com.br\/se\/wp-json\/wp\/v2\/users\/2"}],"replies":[{"embeddable":true,"href":"https:\/\/senoticias.com.br\/se\/wp-json\/wp\/v2\/comments?post=105657"}],"version-history":[{"count":0,"href":"https:\/\/senoticias.com.br\/se\/wp-json\/wp\/v2\/posts\/105657\/revisions"}],"wp:featuredmedia":[{"embeddable":true,"href":"https:\/\/senoticias.com.br\/se\/wp-json\/wp\/v2\/media\/105658"}],"wp:attachment":[{"href":"https:\/\/senoticias.com.br\/se\/wp-json\/wp\/v2\/media?parent=105657"}],"wp:term":[{"taxonomy":"category","embeddable":true,"href":"https:\/\/senoticias.com.br\/se\/wp-json\/wp\/v2\/categories?post=105657"},{"taxonomy":"post_tag","embeddable":true,"href":"https:\/\/senoticias.com.br\/se\/wp-json\/wp\/v2\/tags?post=105657"}],"curies":[{"name":"wp","href":"https:\/\/api.w.org\/{rel}","templated":true}]}}