{"id":105653,"date":"2017-08-12T11:18:31","date_gmt":"2017-08-12T14:18:31","guid":{"rendered":"http:\/\/senoticias.com.br\/se\/?p=105653"},"modified":"2017-08-12T11:32:45","modified_gmt":"2017-08-12T14:32:45","slug":"marinha-emite-alerta-de-ondas-grandes-e-ressaca-no-litoral-do-estado-de-sergipe","status":"publish","type":"post","link":"https:\/\/senoticias.com.br\/se\/marinha-emite-alerta-de-ondas-grandes-e-ressaca-no-litoral-do-estado-de-sergipe\/","title":{"rendered":"Marinha emite alerta de ondas grandes e ressaca no litoral do Estado de Sergipe"},"content":{"rendered":"<p style=\"text-align: justify;\">A Marinha divulgou um alerta de mau tempo at\u00e9 a pr\u00f3xima segunda-feira (14). A previs\u00e3o \u00e9 de mar agitado e as ondas podem chegar a tr\u00eas metros e meio de altura.\u00a0\u00a0Entre este s\u00e1bado (12) e segunda-feira (14), o mar deve medir entre 2,5 metros a 3,5 metros e meio.<\/p>\n<div id=\"attachment_74526\" style=\"width: 610px\" class=\"wp-caption aligncenter\"><img loading=\"lazy\" decoding=\"async\" aria-describedby=\"caption-attachment-74526\" class=\"size-full wp-image-74526\" src=\"http:\/\/senoticias.com.br\/se\/wp-content\/uploads\/2015\/01\/grande-praia-risco303012015-600x398.jpg\" alt=\"Ondas podem chegar a tr\u00eas metros e meio de altura. (Foto: Portal Infonet) \" width=\"600\" height=\"398\" srcset=\"https:\/\/senoticias.com.br\/se\/wp-content\/uploads\/2015\/01\/grande-praia-risco303012015-600x398.jpg 600w, https:\/\/senoticias.com.br\/se\/wp-content\/uploads\/2015\/01\/grande-praia-risco303012015-600x398-300x199.jpg 300w, https:\/\/senoticias.com.br\/se\/wp-content\/uploads\/2015\/01\/grande-praia-risco303012015-600x398-342x226.jpg 342w\" sizes=\"(max-width: 600px) 100vw, 600px\" \/><p id=\"caption-attachment-74526\" class=\"wp-caption-text\">Ondas podem chegar a tr\u00eas metros e meio de altura. (Foto: arquivo\/Infonet)<\/p><\/div>\n<div class=\"mc-column content-text active-extra-styles \" data-block-type=\"unstyled\" data-block-weight=\"24\">\n<p class=\"content-text__container \" style=\"text-align: justify;\" data-track-category=\"Link no Texto\" data-track-links=\"\">Em caso de emerg\u00eancia, a Capitania dos Portos de Sergipe informa que pode ser acionada atrav\u00e9s do telefone (79) 3711-1646 ou pelo n\u00famero 185.<\/p>\n<p class=\"content-text__container \" style=\"text-align: justify;\" data-track-category=\"Link no Texto\" data-track-links=\"\"><img loading=\"lazy\" decoding=\"async\" class=\"aligncenter size-full wp-image-105411\" src=\"http:\/\/senoticias.com.br\/se\/wp-content\/uploads\/2017\/08\/Logo-fone-1-2-1-2-4-6-1-1.jpg\" alt=\"Logo-fone-1-2-1-2-4-6-1-1\" width=\"599\" height=\"78\" srcset=\"https:\/\/senoticias.com.br\/se\/wp-content\/uploads\/2017\/08\/Logo-fone-1-2-1-2-4-6-1-1.jpg 599w, https:\/\/senoticias.com.br\/se\/wp-content\/uploads\/2017\/08\/Logo-fone-1-2-1-2-4-6-1-1-300x39.jpg 300w\" sizes=\"(max-width: 599px) 100vw, 599px\" \/><\/p>\n<p class=\"content-text__container \" style=\"text-align: justify;\" data-track-category=\"Link no Texto\" data-track-links=\"\"><em><strong>Acompanhe tamb\u00e9m o SE Not\u00edcias no\u00a0<a href=\"https:\/\/twitter.com\/Senoticias\" target=\"_blank\">Twitter<\/a>,\u00a0<a href=\"https:\/\/www.facebook.com\/senoticias1\" target=\"_blank\">Facebook<\/a>\u00a0e no\u00a0<a href=\"https:\/\/www.instagram.com\/senoticias\/\" target=\"_blank\">Instagram<\/a><\/strong><\/em><\/p>\n<p class=\"content-text__container \" style=\"text-align: justify;\" data-track-category=\"Link no Texto\" data-track-links=\"\"><em>Com informa\u00e7\u00f5es do <a href=\"http:\/\/g1.globo.com\/se\/sergipe\/noticia\/marinha-alerta-para-ressaca-no-litoral-de-sergipe.ghtml\"><strong>G1<\/strong><\/a> SE<\/em><\/p>\n<\/div>\n","protected":false},"excerpt":{"rendered":"<p>A Marinha divulgou um alerta de mau tempo at\u00e9 a pr\u00f3xima segunda-feira (14). A previs\u00e3o \u00e9 de mar agitado e as ondas podem chegar a tr\u00eas metros e meio de altura.\u00a0\u00a0Entre este s\u00e1bado (12) e segunda-feira (14), o mar deve medir entre 2,5 metros a 3,5 metros e meio. Em caso de emerg\u00eancia, a Capitania [&hellip;]<\/p>\n","protected":false},"author":2,"featured_media":60298,"comment_status":"closed","ping_status":"closed","sticky":false,"template":"","format":"standard","meta":{"footnotes":""},"categories":[15],"tags":[555,5153,5151,3847,5152],"class_list":{"0":"post-105653","1":"post","2":"type-post","3":"status-publish","4":"format-standard","5":"has-post-thumbnail","7":"category-destaques","8":"tag-estado-de-sergipe","9":"tag-litoral","10":"tag-mar-alto","11":"tag-marinha","12":"tag-ressaca-do-mar"},"_links":{"self":[{"href":"https:\/\/senoticias.com.br\/se\/wp-json\/wp\/v2\/posts\/105653"}],"collection":[{"href":"https:\/\/senoticias.com.br\/se\/wp-json\/wp\/v2\/posts"}],"about":[{"href":"https:\/\/senoticias.com.br\/se\/wp-json\/wp\/v2\/types\/post"}],"author":[{"embeddable":true,"href":"https:\/\/senoticias.com.br\/se\/wp-json\/wp\/v2\/users\/2"}],"replies":[{"embeddable":true,"href":"https:\/\/senoticias.com.br\/se\/wp-json\/wp\/v2\/comments?post=105653"}],"version-history":[{"count":0,"href":"https:\/\/senoticias.com.br\/se\/wp-json\/wp\/v2\/posts\/105653\/revisions"}],"wp:featuredmedia":[{"embeddable":true,"href":"https:\/\/senoticias.com.br\/se\/wp-json\/wp\/v2\/media\/60298"}],"wp:attachment":[{"href":"https:\/\/senoticias.com.br\/se\/wp-json\/wp\/v2\/media?parent=105653"}],"wp:term":[{"taxonomy":"category","embeddable":true,"href":"https:\/\/senoticias.com.br\/se\/wp-json\/wp\/v2\/categories?post=105653"},{"taxonomy":"post_tag","embeddable":true,"href":"https:\/\/senoticias.com.br\/se\/wp-json\/wp\/v2\/tags?post=105653"}],"curies":[{"name":"wp","href":"https:\/\/api.w.org\/{rel}","templated":true}]}}