{"id":105614,"date":"2017-08-10T15:29:35","date_gmt":"2017-08-10T18:29:35","guid":{"rendered":"http:\/\/senoticias.com.br\/se\/?p=105614"},"modified":"2017-08-10T15:29:35","modified_gmt":"2017-08-10T18:29:35","slug":"selecao-brasileira-volta-ao-topo-do-ranking-da-fifa-tite-anuncia-convocacao","status":"publish","type":"post","link":"https:\/\/senoticias.com.br\/se\/selecao-brasileira-volta-ao-topo-do-ranking-da-fifa-tite-anuncia-convocacao\/","title":{"rendered":"Sele\u00e7\u00e3o brasileira volta ao topo do ranking da Fifa; Tite anuncia convoca\u00e7\u00e3o"},"content":{"rendered":"<p style=\"text-align: justify;\">A sele\u00e7\u00e3o brasileira masculina de futebol voltou hoje (10) ao topo do ranking da Federa\u00e7\u00e3o Internacional de Futebol (Fifa), na edi\u00e7\u00e3o de agosto da lista. O pa\u00eds, que ficou no topo de abril a junho, tinha perdido uma posi\u00e7\u00e3o para a Alemanha, no ranking de julho.<\/p>\n<p style=\"text-align: justify;\">A lista \u00e9 calculada com base em resultados de jogos nos \u00faltimos tr\u00eas anos, em que a pontua\u00e7\u00e3o depende do advers\u00e1rio e da import\u00e2ncia do jogo.<\/p>\n<p style=\"text-align: justify;\"><strong>Eliminat\u00f3rias<\/strong><\/p>\n<p style=\"text-align: justify;\">O t\u00e9cnico Tite convocou o time que enfrentar\u00e1 a Col\u00f4mbia e o Equador pelas eliminat\u00f3rias da Copa do Mundo da R\u00fassia que acontecer\u00e1 em 2018. O Brasil ter\u00e1 quatro jogadores do Paris Saint-Germain, novo clube de Neymar. Al\u00e9m do atacante, foram convocados tr\u00eas defensores do PSG: Daniel Alves, Marquinhos e Thiago Silva.<\/p>\n<div id=\"attachment_105615\" style=\"width: 509px\" class=\"wp-caption aligncenter\"><img loading=\"lazy\" decoding=\"async\" aria-describedby=\"caption-attachment-105615\" class=\"size-full wp-image-105615\" src=\"http:\/\/senoticias.com.br\/se\/wp-content\/uploads\/2017\/08\/tite-SENOTICIAS-e1502389740466.jpg\" alt=\"Foto: Globo Esporte\" width=\"499\" height=\"442\" \/><p id=\"caption-attachment-105615\" class=\"wp-caption-text\">Foto: Globo Esporte<\/p><\/div>\n<p style=\"text-align: justify;\">O goleiro Ederson, o meio-campista Fernandinho e o atacante Gabriel Jesus, do Manchester City, tamb\u00e9m integrar\u00e3o a sele\u00e7\u00e3o. Apenas quatro jogadores s\u00e3o de clubes brasileiros: o goleiro C\u00e1ssio (Corinthians), os defensores F\u00e1gner (Corinthians) e Rodrigo Caio (S\u00e3o Paulo), e o meio-campista Luan (Gr\u00eamio).<\/p>\n<p style=\"text-align: justify;\">Os demais convocados s\u00e3o: o goleiro Alisson (Roma), os defensores Filipe Lu\u00eds (Atl\u00e9tico de Madrid), Marcelo (Real Madrid) e Miranda (Internazionale de Mil\u00e3o); os meio-campistas Casimiro (Real Madrid), Giuliano (Zenit, da R\u00fassia), Paulinho (Guangzhou, da China), Philippe Coutinho (Liverpool), Renato Augusto (Beijing) e Willian (Chelsea); e os atacantes Firmino (Liverpool) e Taison (Shakhtar, da Ucr\u00e2nia).<\/p>\n<p style=\"text-align: justify;\">O jogo contra o Equador ser\u00e1 no dia 31 de agosto, \u00e0s 21h45, em Porto Alegre&gt; E, no dia 5 de setembro, \u00e0s 17h30 (hor\u00e1rio de Bras\u00edlia), em Barranquilla, contra a Col\u00f4mbia.<\/p>\n<p style=\"text-align: justify;\">O Brasil j\u00e1 est\u00e1 classificado para a Copa do Mundo, mas ainda precisa jogar outras quatro partidas para que sejam definidos os tr\u00eas classificados da Am\u00e9rica do Sul. J\u00e1 o quinto colocado sair\u00e1 de uma repescagem como o melhor colocado das eliminat\u00f3rias da Oceania.<\/p>\n<p style=\"text-align: justify;\">\n<p style=\"text-align: justify;\"><img loading=\"lazy\" decoding=\"async\" class=\"aligncenter size-full wp-image-105411\" src=\"http:\/\/senoticias.com.br\/se\/wp-content\/uploads\/2017\/08\/Logo-fone-1-2-1-2-4-6-1-1.jpg\" alt=\"Logo-fone-1-2-1-2-4-6-1-1\" width=\"599\" height=\"78\" srcset=\"https:\/\/senoticias.com.br\/se\/wp-content\/uploads\/2017\/08\/Logo-fone-1-2-1-2-4-6-1-1.jpg 599w, https:\/\/senoticias.com.br\/se\/wp-content\/uploads\/2017\/08\/Logo-fone-1-2-1-2-4-6-1-1-300x39.jpg 300w\" sizes=\"(max-width: 599px) 100vw, 599px\" \/><\/p>\n<p><em><strong>Acompanhe tamb\u00e9m o SE Not\u00edcias no\u00a0<a href=\"https:\/\/twitter.com\/Senoticias\" target=\"_blank\">Twitter<\/a>,\u00a0<a href=\"https:\/\/www.facebook.com\/senoticias1\" target=\"_blank\">Facebook<\/a>\u00a0e no\u00a0<a href=\"https:\/\/www.instagram.com\/senoticias\/\" target=\"_blank\">Instagram<\/a><\/strong><\/em><\/p>\n<p>Por Ag\u00eancia Brasil<\/p>\n","protected":false},"excerpt":{"rendered":"<p>A sele\u00e7\u00e3o brasileira masculina de futebol voltou hoje (10) ao topo do ranking da Federa\u00e7\u00e3o Internacional de Futebol (Fifa), na edi\u00e7\u00e3o de agosto da lista. O pa\u00eds, que ficou no topo de abril a junho, tinha perdido uma posi\u00e7\u00e3o para a Alemanha, no ranking de julho. A lista \u00e9 calculada com base em resultados de [&hellip;]<\/p>\n","protected":false},"author":2,"featured_media":0,"comment_status":"closed","ping_status":"closed","sticky":false,"template":"","format":"standard","meta":{"footnotes":""},"categories":[26],"tags":[370,5136,3875,4159,5135],"class_list":{"0":"post-105614","1":"post","2":"type-post","3":"status-publish","4":"format-standard","6":"category-esportes","7":"tag-brasil","8":"tag-copadomundo","9":"tag-esporte","10":"tag-selecao","11":"tag-tite"},"_links":{"self":[{"href":"https:\/\/senoticias.com.br\/se\/wp-json\/wp\/v2\/posts\/105614"}],"collection":[{"href":"https:\/\/senoticias.com.br\/se\/wp-json\/wp\/v2\/posts"}],"about":[{"href":"https:\/\/senoticias.com.br\/se\/wp-json\/wp\/v2\/types\/post"}],"author":[{"embeddable":true,"href":"https:\/\/senoticias.com.br\/se\/wp-json\/wp\/v2\/users\/2"}],"replies":[{"embeddable":true,"href":"https:\/\/senoticias.com.br\/se\/wp-json\/wp\/v2\/comments?post=105614"}],"version-history":[{"count":0,"href":"https:\/\/senoticias.com.br\/se\/wp-json\/wp\/v2\/posts\/105614\/revisions"}],"wp:attachment":[{"href":"https:\/\/senoticias.com.br\/se\/wp-json\/wp\/v2\/media?parent=105614"}],"wp:term":[{"taxonomy":"category","embeddable":true,"href":"https:\/\/senoticias.com.br\/se\/wp-json\/wp\/v2\/categories?post=105614"},{"taxonomy":"post_tag","embeddable":true,"href":"https:\/\/senoticias.com.br\/se\/wp-json\/wp\/v2\/tags?post=105614"}],"curies":[{"name":"wp","href":"https:\/\/api.w.org\/{rel}","templated":true}]}}